{"id":532098,"date":"2025-11-13T20:29:17","date_gmt":"2025-11-13T20:29:17","guid":{"rendered":"https:\/\/www.europesays.com\/fr\/532098\/"},"modified":"2025-11-13T20:29:17","modified_gmt":"2025-11-13T20:29:17","slug":"le-chanteur-des-eagles-of-death-metal-sest-fait-tatouer-le-blason-de-paris-sur-le-dos","status":"publish","type":"post","link":"https:\/\/www.europesays.com\/fr\/532098\/","title":{"rendered":"Le chanteur des Eagles of Death Metal s\u2019est fait tatouer le blason de Paris sur le dos"},"content":{"rendered":"<p>Marqu\u00e9 \u00e0 vie, \u00e9videmment, par les <a href=\"https:\/\/www.20minutes.fr\/societe\/attentats-13-novembre\/\" class=\"c-link c-link--is-underlined\" target=\"_blank\" rel=\"noopener\">attentats du 13-Novembre<\/a> de <a href=\"https:\/\/www.20minutes.fr\/paris\/\" class=\"c-link c-link--is-underlined\" target=\"_blank\" rel=\"noopener\">Paris<\/a>, Jesse Hughes, le chanteur des <a href=\"https:\/\/www.20minutes.fr\/dossier\/eagles-of-death-metal\" class=\"c-link c-link--is-underlined\" target=\"_blank\" rel=\"noopener\">Eagles of death metal<\/a> qui jouaient au <a href=\"https:\/\/www.20minutes.fr\/dossier\/bataclan\" class=\"c-link c-link--is-underlined\" target=\"_blank\" rel=\"noopener\">Bataclan<\/a> ce soir-l\u00e0 a r\u00e9v\u00e9l\u00e9 s\u2019\u00eatre fait tatouer tout r\u00e9cemment le blason de Paris dans le dos. Dans <a href=\"https:\/\/www.tf1info.fr\/culture\/13-novembre-2015-emu-aux-larmes-le-chanteur-des-eagles-of-death-metal-jesse-hughes-devoile-sur-tf1-un-tatouage-hommage-attentats-2406422.html\" target=\"_blank\" class=\"c-link c-link--is-underlined\" rel=\"noopener\">une interview donn\u00e9e \u00e0 \u00ab\u00a0TF1\u00a0\u00bb<\/a>, le chanteur am\u00e9ricain a d\u00e9taill\u00e9 ce symbole accompagn\u00e9 de sa devise, \u00ab\u00a0Fluctuat nec mergitur\u00a0\u00bb qu\u2019il a \u00e0 pr\u00e9sent grav\u00e9 dans la peau et dont il manque encore le remplissage couleur\u00a0:<\/p>\n<p>\u00ab\u00a0Cette phrase latine r\u00e9sume tout pour moi. Il est battu par les flots mais ne sombre pas [\u2026] Quand je repense \u00e0 cette nuit, je revois certaines des choses les plus belles que j\u2019ai jamais vues\u00a0: Des gens qui se jettent devant les balles pour ceux qu\u2019ils aiment. C\u2019est ce qui s\u2019est pass\u00e9 cette nuit-l\u00e0. \u00c0 plusieurs reprises\u00a0\u00bb, a-t-il livr\u00e9 les larmes aux yeux.<\/p>\n<\/p>\n<p>Le groupe de rock n\u2019a pas pour autant l\u00e2ch\u00e9 ses instruments, <a href=\"https:\/\/eaglesofdeathmetal.com\/news?page=news_item&amp;NewsID=3765647639591&amp;last_page=news\" target=\"_blank\" class=\"c-link c-link--is-underlined\" rel=\"noopener\">avec une prochaine date \u00e0 Portland<\/a>, aux <a href=\"https:\/\/www.20minutes.fr\/monde\/etats-unis\/\" class=\"c-link c-link--is-underlined\" target=\"_blank\" rel=\"noopener\">Etats-Unis<\/a>, pour la soir\u00e9e du nouvel an.<\/p>\n","protected":false},"excerpt":{"rendered":"Marqu\u00e9 \u00e0 vie, \u00e9videmment, par les attentats du 13-Novembre de Paris, Jesse Hughes, le chanteur des Eagles of&hellip;\n","protected":false},"author":2,"featured_media":532099,"comment_status":"","ping_status":"","sticky":false,"template":"","format":"standard","meta":{"footnotes":""},"categories":[8],"tags":[47,5581,61701,18543,58,65131,59,73,1011,27,662,626,20151,104,1254],"class_list":{"0":"post-532098","1":"post","2":"type-post","3":"status-publish","4":"format-standard","5":"has-post-thumbnail","7":"category-divertissement","8":"tag-actualite","9":"tag-attentat","10":"tag-attentats-du-13-novembre","11":"tag-bataclan","12":"tag-divertissement","13":"tag-eagles-of-death-metal","14":"tag-entertainment","15":"tag-etats-unis","16":"tag-fr","17":"tag-france","18":"tag-ile-de-france","19":"tag-paris","20":"tag-portland","21":"tag-societe","22":"tag-terrorisme"},"share_on_mastodon":{"url":"https:\/\/pubeurope.com\/@fr\/115544284387888734","error":""},"_links":{"self":[{"href":"https:\/\/www.europesays.com\/fr\/wp-json\/wp\/v2\/posts\/532098","targetHints":{"allow":["GET"]}}],"collection":[{"href":"https:\/\/www.europesays.com\/fr\/wp-json\/wp\/v2\/posts"}],"about":[{"href":"https:\/\/www.europesays.com\/fr\/wp-json\/wp\/v2\/types\/post"}],"author":[{"embeddable":true,"href":"https:\/\/www.europesays.com\/fr\/wp-json\/wp\/v2\/users\/2"}],"replies":[{"embeddable":true,"href":"https:\/\/www.europesays.com\/fr\/wp-json\/wp\/v2\/comments?post=532098"}],"version-history":[{"count":0,"href":"https:\/\/www.europesays.com\/fr\/wp-json\/wp\/v2\/posts\/532098\/revisions"}],"wp:featuredmedia":[{"embeddable":true,"href":"https:\/\/www.europesays.com\/fr\/wp-json\/wp\/v2\/media\/532099"}],"wp:attachment":[{"href":"https:\/\/www.europesays.com\/fr\/wp-json\/wp\/v2\/media?parent=532098"}],"wp:term":[{"taxonomy":"category","embeddable":true,"href":"https:\/\/www.europesays.com\/fr\/wp-json\/wp\/v2\/categories?post=532098"},{"taxonomy":"post_tag","embeddable":true,"href":"https:\/\/www.europesays.com\/fr\/wp-json\/wp\/v2\/tags?post=532098"}],"curies":[{"name":"wp","href":"https:\/\/api.w.org\/{rel}","templated":true}]}}