{"id":532104,"date":"2025-11-13T20:32:15","date_gmt":"2025-11-13T20:32:15","guid":{"rendered":"https:\/\/www.europesays.com\/fr\/532104\/"},"modified":"2025-11-13T20:32:15","modified_gmt":"2025-11-13T20:32:15","slug":"lotan-suspend-lachat-davions-dalerte-avancee-e-7-wedgetail-aupres-de-boeing-et-cherche-une-alternative-zone-militaire","status":"publish","type":"post","link":"https:\/\/www.europesays.com\/fr\/532104\/","title":{"rendered":"L&#039;Otan suspend l&#039;achat d&#039;avions d&#039;alerte avanc\u00e9e E-7 Wedgetail aupr\u00e8s de Boeing et cherche une alternative &#8211; Zone Militaire"},"content":{"rendered":"<ol>\n<li><a href=\"https:\/\/news.google.com\/rss\/articles\/CBMi1AFBVV95cUxNa3g0cVNlbEdfc2NYR2xMVkFGeWx4RW9wVjZSOF9hQ29EN1JIZDYwNmtJbUVobmlKV05GaUZhbkRRYzRVZ2pNVWZVTFphNk9xWm1LMmpod05sX3lZS052eFBhNDFjUGNhaXhhbkJjUjZFU3BxcVN2YzRWbUZ1R3JLM0tHQ2xxQWpobXVodlRRY05vbERfWDVUX2xrVUtjYmlncUdTR2FuMFRwTWE1U2x0dndVY21VbzdZWnUtOEFkcmdnUWJTZGtKVkRPWXpfakI5OTZpVQ?oc=5\" target=\"_blank\" rel=\"nofollow noopener\">L&rsquo;Otan suspend l&rsquo;achat d&rsquo;avions d&rsquo;alerte avanc\u00e9e E-7 Wedgetail aupr\u00e8s de Boeing et cherche une alternative<\/a>&nbsp;&nbsp;Zone Militaire<\/li>\n<li><a href=\"https:\/\/news.google.com\/rss\/articles\/CBMiwwJBVV95cUxQMTk5QWpZNGZCM1JpcXBxRE1zSlYycjN6NHhPeVVPdXpzdFBEaGJhekFPVnUySTZoVVFxeUNKTGF5WVVOM2tXTlNHU1FSRGpxS01HeWUxU1RwVFhkSTFfeHVneFNWVVJ0U0JSaVlBd2hWVmFtLTRtcFNiSF9YZWRuX0szX001NFVXWnVWc0VIWkNXRXFjcWV1Y1YxZXNMZlpjTWVscmNlZThsb1EwOVVwZmVEc0VEaGlDbmtMVDhrWUpScHpjc09EM2FVcTNTaDRXRDV1WndyODJrX2tucmtsN1hVMmxYY28zQTRQQ1hZQ0FYZWhFMjBDbF9sNTBjMWVqYWdtZHFrOUYxcTZTLVp0QUdFZ0w4WGt3OXY1WWswYzFyS2lndXhrel9EOEl6bU4xcmpUZXFuZlZJTmo0MTBwYU1Hcw?oc=5\" target=\"_blank\" rel=\"nofollow noopener\">Apr\u00e8s le retrait am\u00e9ricain du programme, l&rsquo;Otan renonce \u00e0 Boeing pour remplacer ses avions radars et pourrait se tourner vers un constructeur europ\u00e9en<\/a>&nbsp;&nbsp;BFMTV<\/li>\n<li><a href=\"https:\/\/news.google.com\/rss\/articles\/CBMilgFBVV95cUxPS3VqTy1rdlRjY3A1Q3JnclAzY1Q5S3FqVm0wQ0dEWVBHa1otd2hXdThDekZOZWl2Y0RtMlJZbUNTMEdKVzE1VVJ3S1NwS1czMDJfbnp6ZWFPYjFxTnlMVmZTNzBsdnJuLTdzSUFpTWlVVk5nUFVOZXl1WTFFeWFmdTh6dE4yUE5uY21rX08wZnlKY3EtcGc?oc=5\" target=\"_blank\" rel=\"nofollow noopener\">AWACS: trous d\u2019air pour Boeing, l\u2019Otan renonce au E-7A<\/a>&nbsp;&nbsp;Lignes de d\u00e9fense<\/li>\n<li><a href=\"https:\/\/news.google.com\/rss\/articles\/CBMifkFVX3lxTE9TZFRxQ3dLdFA1TW5SR3Z4QzU0X0ktT1B2U0kwak5MS3NVSGhLRV91RzdCWlJzU2hWQkRFZTFlU3prdmN2VVNQd1JCQXcxQ3dtQlQ2cXlWek9TRE9sdW5wcXV0RGU4azQyaEl6NFQ3aExNeW1VYnpTaUJ6dS1iZw?oc=5\" target=\"_blank\" rel=\"nofollow noopener\">[Analyse] L\u2019OTAN renonce \u00e0 l\u2019acquisition de E-7A Wedgetail pour remplacer ses Awacs<\/a>&nbsp;&nbsp;Meta-Defense<\/li>\n<li><a href=\"https:\/\/news.google.com\/rss\/articles\/CBMisAFBVV95cUxOUW5KZ2Z1eTdZd2tBai1ialVVSGRpd19WSlhEN1hDMFZoMTRRbDROb1ROOXEwS3V6SjVQYXQ1SGJxZHl3S2VuZy1GS21vSU9ISkUxY0NXcVNtYmd4bFJKNmQ3T2RNLWJRa0c2bFBDdGEzTWI0aVVnYy1ZVGF5VnFVazJHZzdlQnBEa29GMGFxT29WdlJXejdrSVRtZ1NUbXNTTUhVTlV2TTdPZzhJRk96MQ?oc=5\" target=\"_blank\" rel=\"nofollow noopener\">L\u2019Otan renonce \u00e0 Boeing pour ses avions radars<\/a>&nbsp;&nbsp;Mosaique FM<\/li>\n<\/ol>\n","protected":false},"excerpt":{"rendered":"L&rsquo;Otan suspend l&rsquo;achat d&rsquo;avions d&rsquo;alerte avanc\u00e9e E-7 Wedgetail aupr\u00e8s de Boeing et cherche une alternative&nbsp;&nbsp;Zone Militaire Apr\u00e8s le&hellip;\n","protected":false},"author":2,"featured_media":532105,"comment_status":"","ping_status":"","sticky":false,"template":"","format":"standard","meta":{"footnotes":""},"categories":[5],"tags":[11,41247,65191,888,65192,65193,73,1011,27,65194,14,65195,12,136,28],"class_list":{"0":"post-532104","1":"post","2":"type-post","3":"status-publish","4":"format-standard","5":"has-post-thumbnail","7":"category-international","8":"tag-actualites","9":"tag-alerte-avancee","10":"tag-awacs","11":"tag-boeing","12":"tag-e-3a-sentry","13":"tag-e-7a-wedgetail","14":"tag-etats-unis","15":"tag-fr","16":"tag-france","17":"tag-globaleye","18":"tag-international","19":"tag-naewc","20":"tag-news","21":"tag-otan","22":"tag-world"},"share_on_mastodon":{"url":"https:\/\/pubeurope.com\/@fr\/115544296477563093","error":""},"_links":{"self":[{"href":"https:\/\/www.europesays.com\/fr\/wp-json\/wp\/v2\/posts\/532104","targetHints":{"allow":["GET"]}}],"collection":[{"href":"https:\/\/www.europesays.com\/fr\/wp-json\/wp\/v2\/posts"}],"about":[{"href":"https:\/\/www.europesays.com\/fr\/wp-json\/wp\/v2\/types\/post"}],"author":[{"embeddable":true,"href":"https:\/\/www.europesays.com\/fr\/wp-json\/wp\/v2\/users\/2"}],"replies":[{"embeddable":true,"href":"https:\/\/www.europesays.com\/fr\/wp-json\/wp\/v2\/comments?post=532104"}],"version-history":[{"count":0,"href":"https:\/\/www.europesays.com\/fr\/wp-json\/wp\/v2\/posts\/532104\/revisions"}],"wp:featuredmedia":[{"embeddable":true,"href":"https:\/\/www.europesays.com\/fr\/wp-json\/wp\/v2\/media\/532105"}],"wp:attachment":[{"href":"https:\/\/www.europesays.com\/fr\/wp-json\/wp\/v2\/media?parent=532104"}],"wp:term":[{"taxonomy":"category","embeddable":true,"href":"https:\/\/www.europesays.com\/fr\/wp-json\/wp\/v2\/categories?post=532104"},{"taxonomy":"post_tag","embeddable":true,"href":"https:\/\/www.europesays.com\/fr\/wp-json\/wp\/v2\/tags?post=532104"}],"curies":[{"name":"wp","href":"https:\/\/api.w.org\/{rel}","templated":true}]}}