{"id":532106,"date":"2025-11-13T20:33:14","date_gmt":"2025-11-13T20:33:14","guid":{"rendered":"https:\/\/www.europesays.com\/fr\/532106\/"},"modified":"2025-11-13T20:33:14","modified_gmt":"2025-11-13T20:33:14","slug":"releves-telephoniques-et-fichier-des-compagnies-aeriennes-le-senat-veut-permettre-a-france-travail-de-surveiller-la-vie-privee-des-chomeurs","status":"publish","type":"post","link":"https:\/\/www.europesays.com\/fr\/532106\/","title":{"rendered":"Relev\u00e9s t\u00e9l\u00e9phoniques et fichier des compagnies a\u00e9riennes\u00a0: le S\u00e9nat veut permettre \u00e0 France Travail de surveiller la vie priv\u00e9e des ch\u00f4meurs"},"content":{"rendered":"<p>Pour lutter contre la fraude, le S\u00e9nat veut permettre \u00e0 France Travail de v\u00e9rifier le lieu de r\u00e9sidence des allocataires, et tant pis pour la vie priv\u00e9e. Dans le cadre du projet de loi gouvernemental contre les fraudes sociales et fiscales, examin\u00e9 depuis mercredi 12\u00a0novembre, les s\u00e9nateurs se sont pench\u00e9s jeudi 13\u00a0novembre sur les articles les plus irritants de ce texte\u00a0: ceux qui visent directement les allocataires, les salari\u00e9s et les assur\u00e9s sociaux.<\/p>\n<p>L\u2019un des plus sensibles, introduit par le S\u00e9nat, offre \u00e0 <a href=\"https:\/\/www.humanite.fr\/societe\/donnees-personnelles\/numeros-de-telephone-noms-et-prenoms-comment-les-donnees-de-340-000-personnes-ont-ete-compromises-par-le-piratage-de-france-travail\" target=\"_blank\" rel=\"noopener\">France Travail<\/a> de nouveaux moyens d\u2019enqu\u00eate pour v\u00e9rifier la r\u00e9sidence effective des allocataires. L\u2019op\u00e9rateur pourra ainsi consulter les relev\u00e9s t\u00e9l\u00e9phoniques, ou encore interroger le fichier des compagnies a\u00e9riennes. Cela ouvrirait alors la voie \u00e0 une suspension conservatoire de toutes les allocations lorsque \u00ab\u00a0plusieurs indices s\u00e9rieux de man\u0153uvres frauduleuses\u00a0\u00bb sont observ\u00e9s.<\/p>\n<p>\u00ab\u00a0Surveillance g\u00e9n\u00e9ralis\u00e9e\u00a0\u00bb<\/p>\n<p>Alors que la r\u00e9sidence en France est une obligation pour <a href=\"https:\/\/www.humanite.fr\/social-et-economie\/chomeurs\/suspension-des-allocations-pendant-1-a-4-mois-voici-les-nouvelles-sanctions-ciblant-les-chomeurs\" target=\"_blank\" rel=\"noopener\">les b\u00e9n\u00e9ficiaires d\u2019allocations ch\u00f4mage<\/a>, la gauche s\u2019est insurg\u00e9e contre cette mesure qu\u2019elle juge \u00ab\u00a0particuli\u00e8rement intrusive\u00a0\u00bb. \u00ab\u00a0C\u2019est franchir une ligne rouge, c\u2019est introduire une forme de surveillance g\u00e9n\u00e9ralis\u00e9e des demandeurs d\u2019emploi assimil\u00e9s \u00e0 des fraudeurs potentiels\u00a0\u00bb, a lanc\u00e9 le socialiste Jean-Luc Fichet. L\u2019\u00e9cologiste Raymonde Poncet\u00a0Monge a craint un \u00ab\u00a0pr\u00e9c\u00e9dent dangereux pour les libert\u00e9s individuelles\u00a0\u00bb.<\/p>\n<p>\u00ab\u00a0France Travail nous demande des outils. On lui donne des outils pour pouvoir contr\u00f4ler\u00a0\u00bb, a r\u00e9torqu\u00e9 la s\u00e9natrice Les R\u00e9publicains Fr\u00e9d\u00e9rique Puissat, \u00e0 l\u2019origine de la mesure qui permettra selon elle de s\u2019attaquer au \u00ab\u00a0premier motif de fraude\u00a0\u00bb d\u00e9tect\u00e9 par France Travail, sur un montant global de 136\u00a0millions d\u2019euros en 2024. <a href=\"https:\/\/www.humanite.fr\/social-et-economie\/jean-pierre-farandou\/jean-pierre-farandou-au-ministere-du-travail-un-ancien-cheminot-pour-sauver-la-reforme-des-retraites\" target=\"_blank\" rel=\"noopener\">Le ministre du Travail Jean-Pierre Farandou<\/a> s\u2019en est remis \u00e0 la \u00ab\u00a0sagesse\u00a0\u00bb du S\u00e9nat, doutant toutefois du \u00ab\u00a0caract\u00e8re licite de l\u2019acc\u00e8s \u00e0 ces donn\u00e9es\u00a0\u00bb.<\/p>\n<p>Le vote final pr\u00e9vu mardi<\/p>\n<p>Un autre article, adopt\u00e9 lui aussi malgr\u00e9 des critiques, vise \u00e0 conditionner le versement de l\u2019indemnisation ch\u00f4mage \u00e0 la domiciliation des comptes bancaires en France ou dans l\u2019Union europ\u00e9enne. La droite s\u00e9natoriale a salu\u00e9 une mesure de \u00ab\u00a0bon sens\u00a0\u00bb\u00a0: avec un compte en France, \u00ab\u00a0il est beaucoup plus simple de faire du recouvrement forc\u00e9\u00a0\u00bb, a insist\u00e9 Fr\u00e9d\u00e9rique Puissat.<\/p>\n<p>Les s\u00e9nateurs ont par ailleurs adopt\u00e9 une mesure visant \u00e0 obliger le titulaire du compte personnel de formation (CPF) \u00e0 se pr\u00e9senter aux \u00e9preuves de certification sauf \u00ab\u00a0motif l\u00e9gitime\u00a0\u00bb, sans quoi sa formation ne pourra plus \u00eatre prise en charge par le CPF. Un dispositif de \u00ab\u00a0responsabilisation\u00a0\u00bb des b\u00e9n\u00e9ficiaires, selon le gouvernement et la droite s\u00e9natoriale.<\/p>\n<p>Autres dispositifs critiqu\u00e9s \u00e0 gauche\u00a0: la possibilit\u00e9 de suspendre temporairement le tiers payant pour les assur\u00e9s sociaux condamn\u00e9s pour fraude, et la suspension possible du versement d\u2019une prestation sociale dans le cas d\u2019un \u00ab\u00a0doute s\u00e9rieux de man\u0153uvre frauduleuse\u00a0\u00bb. Le gouvernement s\u2019opposait \u00e9galement \u00e0 cette derni\u00e8re mesure.<\/p>\n<p>Le S\u00e9nat a \u00e9galement adopt\u00e9 le volet du projet de loi relatif au travail dissimul\u00e9, avec entre autres mesures <a href=\"https:\/\/www.humanite.fr\/politique\/assemblee-nationale\/budget-2026-une-victoire-sur-la-csg-tout-comprendre-a-cet-amendement-qui-fait-debat-a-gauche\" target=\"_blank\" rel=\"noopener\">une majoration du taux de CSG<\/a> des revenus issus d\u2019activit\u00e9s illicites, ou encore la cr\u00e9ation d\u2019un dispositif de \u00ab\u00a0flagrance sociale\u00a0\u00bb permettant de saisir \u00e0 titre conservatoire les actifs de soci\u00e9t\u00e9s suspect\u00e9es de travail dissimul\u00e9.<\/p>\n<p>Mercredi 12\u00a0novembre, la chambre haute avait adopt\u00e9 l\u2019essentiel des mesures visant la fraude fiscale. L\u2019ensemble de ce projet de loi, gr\u00e2ce auquel le gouvernement esp\u00e8re r\u00e9cup\u00e9rer 2,3\u00a0milliards d\u2019euros d\u00e8s 2026, sera soumis au vote des s\u00e9nateurs mardi \u00e0 14\u00a0h\u00a030, avant sa transmission \u00e0 l\u2019Assembl\u00e9e nationale.<\/p>\n<p>Pour rappel, ce qu\u2019on appelle la fraude sociale, c\u2019est-\u00e0-dire la fraude aux cotisations sociales, aux prestations sociales et aux remboursements maladie, repr\u00e9sentaient en 2021 <a href=\"https:\/\/www.humanite.fr\/societe\/fraude-fiscale\/13-milliards-deuros-de-fraude-sociale-qui-sont-vraiment-les-profiteurs\" target=\"_blank\" rel=\"noopener\">entre 9,6 et 11,7\u00a0milliards d\u2019euros<\/a> en 2021. En comparaison, la fraude fiscale, celle qui concerne les plus riches et les grandes entreprises, repr\u00e9sentait entre 80 et 100\u00a0milliards d\u2019euros, soit environ dix fois plus. Pourtant, <a href=\"https:\/\/www.humanite.fr\/social-et-economie\/catherine-vautrin\/fraude-sociale-catherine-vautrin-stigmatise-de-nouveau-les-plus-precaires\" target=\"_blank\" rel=\"noopener\">la droite et l\u2019extr\u00eame droite ne parlent toujours que de la premi\u00e8re<\/a>, celle qui concerne les plus pr\u00e9caires, et font tout pour \u00e9pargner les grandes fortunes. Auraient-ils des int\u00e9r\u00eats communs\u00a0?<\/p>\n<p><strong>Aux c\u00f4t\u00e9s de celles et ceux qui luttent\u00a0!<\/strong><\/p>\n<p>L\u2019urgence sociale, c\u2019est chaque jour la priorit\u00e9 de l\u2019Humanit\u00e9.\u00a0<\/p>\n<ul class=\"wp-block-list\">\n<li>En exposant la violence patronale.\u00a0<\/li>\n<\/ul>\n<ul class=\"wp-block-list\">\n<li>En montrant ce que vivent celles et ceux qui travaillent et ceux qui aspirent \u00e0 le faire.\u00a0<\/li>\n<\/ul>\n<ul class=\"wp-block-list\">\n<li>En donnant des cl\u00e9s de compr\u00e9hension et des outils aux salari\u00e9.es pour se d\u00e9fendre contre les politiques ultralib\u00e9rales qui d\u00e9gradent leur qualit\u00e9 de vie.\u00a0<\/li>\n<\/ul>\n<p><strong>Vous connaissez d\u2019autres m\u00e9dias qui font \u00e7a\u202f?\u00a0\u00a0<\/strong><br \/><a href=\"https:\/\/www.humanite.fr\/lhumanite-cest-vous\" target=\"_blank\" rel=\"noopener\">Je veux en savoir plus\u00a0!<\/a><\/p>\n","protected":false},"excerpt":{"rendered":"Pour lutter contre la fraude, le S\u00e9nat veut permettre \u00e0 France Travail de v\u00e9rifier le lieu de r\u00e9sidence&hellip;\n","protected":false},"author":2,"featured_media":532107,"comment_status":"","ping_status":"","sticky":false,"template":"","format":"standard","meta":{"footnotes":""},"categories":[4],"tags":[11,1011,27,530,22495,4493,12,25],"class_list":{"0":"post-532106","1":"post","2":"type-post","3":"status-publish","4":"format-standard","5":"has-post-thumbnail","7":"category-france","8":"tag-actualites","9":"tag-fr","10":"tag-france","11":"tag-france-travail","12":"tag-fraude-fiscale","13":"tag-fraude-sociale","14":"tag-news","15":"tag-republique-francaise"},"share_on_mastodon":{"url":"https:\/\/pubeurope.com\/@fr\/115544300226141170","error":""},"_links":{"self":[{"href":"https:\/\/www.europesays.com\/fr\/wp-json\/wp\/v2\/posts\/532106","targetHints":{"allow":["GET"]}}],"collection":[{"href":"https:\/\/www.europesays.com\/fr\/wp-json\/wp\/v2\/posts"}],"about":[{"href":"https:\/\/www.europesays.com\/fr\/wp-json\/wp\/v2\/types\/post"}],"author":[{"embeddable":true,"href":"https:\/\/www.europesays.com\/fr\/wp-json\/wp\/v2\/users\/2"}],"replies":[{"embeddable":true,"href":"https:\/\/www.europesays.com\/fr\/wp-json\/wp\/v2\/comments?post=532106"}],"version-history":[{"count":0,"href":"https:\/\/www.europesays.com\/fr\/wp-json\/wp\/v2\/posts\/532106\/revisions"}],"wp:featuredmedia":[{"embeddable":true,"href":"https:\/\/www.europesays.com\/fr\/wp-json\/wp\/v2\/media\/532107"}],"wp:attachment":[{"href":"https:\/\/www.europesays.com\/fr\/wp-json\/wp\/v2\/media?parent=532106"}],"wp:term":[{"taxonomy":"category","embeddable":true,"href":"https:\/\/www.europesays.com\/fr\/wp-json\/wp\/v2\/categories?post=532106"},{"taxonomy":"post_tag","embeddable":true,"href":"https:\/\/www.europesays.com\/fr\/wp-json\/wp\/v2\/tags?post=532106"}],"curies":[{"name":"wp","href":"https:\/\/api.w.org\/{rel}","templated":true}]}}