{"id":532109,"date":"2025-11-13T20:35:16","date_gmt":"2025-11-13T20:35:16","guid":{"rendered":"https:\/\/www.europesays.com\/fr\/532109\/"},"modified":"2025-11-13T20:35:16","modified_gmt":"2025-11-13T20:35:16","slug":"la-prison-de-la-talaudiere-encore-epinglee-par-le-tribunal-administratif","status":"publish","type":"post","link":"https:\/\/www.europesays.com\/fr\/532109\/","title":{"rendered":"la prison de\u00a0La Talaudi\u00e8re encore \u00e9pingl\u00e9e par le tribunal administratif"},"content":{"rendered":"<p>Saisis par la section fran\u00e7aise de l\u2019Observatoire international des prisons, les juges des r\u00e9f\u00e9r\u00e9s du tribunal administratif de Lyon, qui se sont r\u00e9unis le 7\u00a0novembre, viennent d\u2019ordonner \u00e0 la prison de La Talaudi\u00e8re de prendre trois mesures suppl\u00e9mentaires pour am\u00e9liorer les conditions de d\u00e9tention \u00ab\u00a0dans de tr\u00e8s brefs d\u00e9lais\u00a0\u00bb.<\/p>\n<p>Les juges retiennent l\u2019existence \u00ab\u00a0d\u2019une atteinte manifestement grave et ill\u00e9gale aux libert\u00e9s fondamentales des personnes en raison de leurs conditions de d\u00e9tention\u00a0\u00bb.<\/p>\n<p>Ils ordonnent ainsi \u00e0 l\u2019administration p\u00e9nitentiaire de \u00ab\u00a0proc\u00e9der \u00e0 la r\u00e9novation des cadres et embrasures de fen\u00eatres particuli\u00e8rement d\u00e9grad\u00e9es de trois des douze cellules du quartier femmes qui g\u00e9n\u00e8rent d\u2019importantes infiltrations d\u2019air et d\u2019humidit\u00e9, parfois \u00e0 proximit\u00e9 des lits, et ce, \u00e0 l\u2019approche de la p\u00e9riode hivernale\u00a0\u00bb.<\/p>\n<p>Cette situation du quartier femmes avait \u00e9t\u00e9 mise en exergue par l\u2019Ordre des avocats de Saint-\u00c9tienne, pr\u00e9sent \u00e0 l\u2019audience.<\/p>\n<p>  En compl\u00e9ment des mesures d\u00e9j\u00e0 ordonn\u00e9es en\u00a02023 et\u00a02024<\/p>\n<p>D\u2019autre part, les juges enjoignent de proc\u00e9der au remplacement des bancs et abris install\u00e9s dans les cours principales, relevant \u00ab\u00a0la dangerosit\u00e9 de leur absence en cas d\u2019intemp\u00e9ries ou de fortes chaleurs pour les d\u00e9tenus\u00a0\u00bb.<\/p>\n<p>Enfin, ils exigent \u00ab\u00a0que soit proc\u00e9d\u00e9 \u00e0 l\u2019installation de bancs dans la cour de promenade du quartier disciplinaire, leur absence obligeant les d\u00e9tenus, susceptibles d\u2019y passer un certain temps, \u00e0 s\u2019asseoir au sol\u00a0\u00bb.<\/p>\n<p>Ces mesures viendront en compl\u00e9ment, d\u2019une part des actions de r\u00e9novation r\u00e9alis\u00e9es ou en cours au sein de l\u2019\u00e9tablissement, d\u2019autre part de <a href=\"https:\/\/www.leprogres.fr\/faits-divers-justice\/2023\/04\/30\/conditions-de-detention-a-la-talaudiere-la-prison-devant-le-conseil-d-etat\" target=\"_blank\" rel=\"noopener\">celles pr\u00e9c\u00e9demment ordonn\u00e9es<\/a> par les juges des r\u00e9f\u00e9r\u00e9s du tribunal administratif de Lyon et du Conseil d&rsquo;\u00e9tat en\u00a02023 et\u00a02024 pour, d\u00e9j\u00e0, \u00ab\u00a0faire cesser des atteintes graves et manifestement ill\u00e9gales aux libert\u00e9s fondamentales des d\u00e9tenus dans cet \u00e9tablissement\u00a0\u00bb.<\/p>\n","protected":false},"excerpt":{"rendered":"Saisis par la section fran\u00e7aise de l\u2019Observatoire international des prisons, les juges des r\u00e9f\u00e9r\u00e9s du tribunal administratif de&hellip;\n","protected":false},"author":2,"featured_media":532110,"comment_status":"","ping_status":"","sticky":false,"template":"","format":"standard","meta":{"footnotes":""},"categories":[9653],"tags":[1111,11,2430,271,272,7539,1777,674,274,1011,27,12053,3367,12,25,4001,9664],"class_list":{"0":"post-532109","1":"post","2":"type-post","3":"status-publish","4":"format-standard","5":"has-post-thumbnail","7":"category-saint-etienne","8":"tag-actu","9":"tag-actualites","10":"tag-auvergne-rhone-alpes","11":"tag-crime","12":"tag-delit-et-contravention","13":"tag-edition-loire-sud","14":"tag-eu","15":"tag-europe","16":"tag-faits-divers-justice","17":"tag-fr","18":"tag-france","19":"tag-la-talaudiere","20":"tag-loire","21":"tag-news","22":"tag-republique-francaise","23":"tag-saint-etienne","24":"tag-saint-etienne-bassin"},"share_on_mastodon":{"url":"https:\/\/pubeurope.com\/@fr\/115544308154797928","error":""},"_links":{"self":[{"href":"https:\/\/www.europesays.com\/fr\/wp-json\/wp\/v2\/posts\/532109","targetHints":{"allow":["GET"]}}],"collection":[{"href":"https:\/\/www.europesays.com\/fr\/wp-json\/wp\/v2\/posts"}],"about":[{"href":"https:\/\/www.europesays.com\/fr\/wp-json\/wp\/v2\/types\/post"}],"author":[{"embeddable":true,"href":"https:\/\/www.europesays.com\/fr\/wp-json\/wp\/v2\/users\/2"}],"replies":[{"embeddable":true,"href":"https:\/\/www.europesays.com\/fr\/wp-json\/wp\/v2\/comments?post=532109"}],"version-history":[{"count":0,"href":"https:\/\/www.europesays.com\/fr\/wp-json\/wp\/v2\/posts\/532109\/revisions"}],"wp:featuredmedia":[{"embeddable":true,"href":"https:\/\/www.europesays.com\/fr\/wp-json\/wp\/v2\/media\/532110"}],"wp:attachment":[{"href":"https:\/\/www.europesays.com\/fr\/wp-json\/wp\/v2\/media?parent=532109"}],"wp:term":[{"taxonomy":"category","embeddable":true,"href":"https:\/\/www.europesays.com\/fr\/wp-json\/wp\/v2\/categories?post=532109"},{"taxonomy":"post_tag","embeddable":true,"href":"https:\/\/www.europesays.com\/fr\/wp-json\/wp\/v2\/tags?post=532109"}],"curies":[{"name":"wp","href":"https:\/\/api.w.org\/{rel}","templated":true}]}}