{"id":53211,"date":"2025-04-26T01:50:13","date_gmt":"2025-04-26T01:50:13","guid":{"rendered":"https:\/\/www.europesays.com\/fr\/53211\/"},"modified":"2025-04-26T01:50:13","modified_gmt":"2025-04-26T01:50:13","slug":"maj-les-metros-a-et-b-a-larret-a-lyon-reprise-progressive-du-trafic","status":"publish","type":"post","link":"https:\/\/www.europesays.com\/fr\/53211\/","title":{"rendered":"[MAJ] Les m\u00e9tros A et B \u00e0 l&rsquo;arr\u00eat \u00e0 Lyon : reprise progressive du trafic"},"content":{"rendered":"<p>La circulation est fortement perturb\u00e9e sur les lignes A et B du m\u00e9tro lyonnais en raison de la pr\u00e9sence d&rsquo;un colis suspect, ce vendredi 25 avril.<\/p>\n<p>Mise \u00e0 jour \u00e0 19h20<\/p>\n<p>Le trafic reprend progressivement sur les lignes A et B du m\u00e9tro \u00e0 Lyon, donc plus t\u00f4t que pr\u00e9vu.<\/p>\n<p>Mise \u00e0 jour \u00e0 19h<\/p>\n<p>La reprise est finalement estim\u00e9e \u00e0 20h d&rsquo;apr\u00e8s les <a class=\"url\" href=\"https:\/\/www.tcl.fr\/\" target=\"_blank\" rel=\"noopener\">TCL<\/a>, soit une heure de plus par rapport \u00e0 ce qui \u00e9tait pr\u00e9vu.<\/p>\n<p>Article initial<\/p>\n<p>Un <b>colis suspect<\/b> a \u00e9t\u00e9 d\u00e9tect\u00e9 dans le <b>m\u00e9tro <\/b>\u00e0 <b>Lyon <\/b>ce vendredi 25 avril. Les<b> lignes A et B <\/b>sont <b>\u00e0 l&rsquo;arr\u00eat.<\/b><\/p>\n<p>Ligne A : circulation interrompue entre Perrache et Cusset<\/p>\n<p>Depuis 18h02, la <b>ligne A <\/b>ne circule plus que de<b> Vaulx-en-Velin La Soie \u00e0 Laurent Bonnevay.\u00a0<\/b><\/p>\n<p>Les stations situ\u00e9es entre <b>Perrache et Cusset <\/b>ne sont <b>plus desservies. <\/b>Le terminus temporaire est fix\u00e9 \u00e0 Laurent Bonnevay.<\/p>\n<p>Ligne B : arr\u00eat partiel entre Part-Dieu et Charpennes<\/p>\n<p>La ligne B est \u00e9galement touch\u00e9e : elle circule uniquement <b>de Saint-Genis-Laval H\u00f4pital Sud \u00e0 Part-Dieu.\u00a0<\/b><\/p>\n<p>Les stations <b>de Charpennes Charles Hernu \u00e0 Brotteaux<\/b> sont <b>ferm\u00e9es <\/b>depuis 17h59.<\/p>\n<p>Une reprise attendue vers 19h<\/p>\n<p>Selon les premi\u00e8res estimations des <a class=\"url\" href=\"https:\/\/www.tcl.fr\/\" target=\"_blank\" rel=\"noopener\">TCL<\/a>, le retour \u00e0 la normale est pr\u00e9vu aux alentours de 19h, sous r\u00e9serve de l&rsquo;\u00e9volution de la situation.<\/p>\n<p>Les \u00e9quipes de la police et de TCL sont sur place. Il est <b>conseill\u00e9 d&rsquo;\u00e9viter les secteurs<\/b> concern\u00e9s et de privil\u00e9gier les solutions alternatives de transport.<\/p>\n<p><img loading=\"lazy\" decoding=\"async\" src=\"https:\/\/www.europesays.com\/fr\/wp-content\/uploads\/2025\/04\/1745632213_278_img\" width=\"350\" height=\"200\" border=\"0\" title=\"Bruno Bernard.\"\/><\/p>\n<p>\u25baFaits divers<\/p>\n<p style=\"font-size: 22px;\"><b>Lyon : Bruno Bernard porte plainte apr\u00e8s une intrusion dans sa copropri\u00e9t\u00e9<\/b><\/p>\n<p>Le pr\u00e9sident de la M\u00e9tropole de Lyon, Bruno Bernard,&#8230;<\/p>\n<p><\/p>\n","protected":false},"excerpt":{"rendered":"La circulation est fortement perturb\u00e9e sur les lignes A et B du m\u00e9tro lyonnais en raison de la&hellip;\n","protected":false},"author":2,"featured_media":53212,"comment_status":"","ping_status":"","sticky":false,"template":"","format":"standard","meta":{"footnotes":""},"categories":[1889],"tags":[1111,11,2430,1777,674,1011,27,2428,14696,10212,12,25,10213],"class_list":{"0":"post-53211","1":"post","2":"type-post","3":"status-publish","4":"format-standard","5":"has-post-thumbnail","7":"category-lyon","8":"tag-actu","9":"tag-actualites","10":"tag-auvergne-rhone-alpes","11":"tag-eu","12":"tag-europe","13":"tag-fr","14":"tag-france","15":"tag-lyon","16":"tag-mtro-a","17":"tag-mtro-b","18":"tag-news","19":"tag-republique-francaise","20":"tag-tcl"},"share_on_mastodon":{"url":"https:\/\/pubeurope.com\/@fr\/114401760077603003","error":""},"_links":{"self":[{"href":"https:\/\/www.europesays.com\/fr\/wp-json\/wp\/v2\/posts\/53211","targetHints":{"allow":["GET"]}}],"collection":[{"href":"https:\/\/www.europesays.com\/fr\/wp-json\/wp\/v2\/posts"}],"about":[{"href":"https:\/\/www.europesays.com\/fr\/wp-json\/wp\/v2\/types\/post"}],"author":[{"embeddable":true,"href":"https:\/\/www.europesays.com\/fr\/wp-json\/wp\/v2\/users\/2"}],"replies":[{"embeddable":true,"href":"https:\/\/www.europesays.com\/fr\/wp-json\/wp\/v2\/comments?post=53211"}],"version-history":[{"count":0,"href":"https:\/\/www.europesays.com\/fr\/wp-json\/wp\/v2\/posts\/53211\/revisions"}],"wp:featuredmedia":[{"embeddable":true,"href":"https:\/\/www.europesays.com\/fr\/wp-json\/wp\/v2\/media\/53212"}],"wp:attachment":[{"href":"https:\/\/www.europesays.com\/fr\/wp-json\/wp\/v2\/media?parent=53211"}],"wp:term":[{"taxonomy":"category","embeddable":true,"href":"https:\/\/www.europesays.com\/fr\/wp-json\/wp\/v2\/categories?post=53211"},{"taxonomy":"post_tag","embeddable":true,"href":"https:\/\/www.europesays.com\/fr\/wp-json\/wp\/v2\/tags?post=53211"}],"curies":[{"name":"wp","href":"https:\/\/api.w.org\/{rel}","templated":true}]}}