{"id":532117,"date":"2025-11-13T20:42:47","date_gmt":"2025-11-13T20:42:47","guid":{"rendered":"https:\/\/www.europesays.com\/fr\/532117\/"},"modified":"2025-11-13T20:42:47","modified_gmt":"2025-11-13T20:42:47","slug":"dix-ans-apres-les-attentats-du-13-novembre-nous-sommes-toujours-debout","status":"publish","type":"post","link":"https:\/\/www.europesays.com\/fr\/532117\/","title":{"rendered":"dix ans apr\u00e8s les attentats du 13 novembre, \u00ab\u00a0Nous sommes toujours debout\u00a0\u00bb"},"content":{"rendered":"<p>                    Par<br \/>\n        <strong><br \/>\n            <a href=\"https:\/\/actu.fr\/auteur\/c-nithard\" title=\"Consulter tous les articles de C\u00e9dric Nithard\" rel=\"nofollow noopener\" target=\"_blank\">C\u00e9dric Nithard<\/a><br \/>\n                    <\/strong><\/p>\n<p>        Publi\u00e9 le<\/p>\n<p>            13 nov. 2025 \u00e0 20h00<br \/>\n        ; mis \u00e0 jour le 13 nov. 2025 \u00e0 20h01    <\/p>\n<p>Ce jeudi 13 novembre, dix ans apr\u00e8s les attentats perp\u00e9tr\u00e9s \u00e0 Paris, <strong>la Ville de Montpellier<\/strong> a <strong>rendu hommage aux victimes<\/strong>. L\u2019occasion \u00e9galement pour <strong>le maire Micha\u00ebl Delafosse<\/strong> et <strong>le pr\u00e9fet de l\u2019H\u00e9rault Fran\u00e7ois-Xavier Lauch<\/strong> de rappeler la force de la France qui a suivi cette trag\u00e9die.<\/p>\n<p>    <a href=\"https:\/\/www.google.com\/maps\/embed?pb=!1m18!1m12!1m3!1d3483.3641522676335!2d3.8803492150925147!3d43.61024363838155!2m3!1f0!2f0!3f0!3m2!1i1024!2i768!4f13.1!3m3!1m2!1s0x12b6af0a7986d403%3A0x8645e19a4dc458d5!2sMonument%20aux%20Morts%20de%20Montpellier!5e0!3m2!1sfr!2sfr!4v1763055413037!5m2!1sfr!2sfr\" title=\"Ouvrie le lien\" rel=\"nofollow noopener\" target=\"_blank\">Cliquez ici pour visualiser le contenu<\/a><\/p>\n<p class=\" wall-content\">Une centaine de personnes, dont de nombreux \u00e9lus et les repr\u00e9sentants des cultes chr\u00e9tien, juif et musulman, ont particip\u00e9 ce jeudi en d\u00e9but d\u2019apr\u00e8s-midi devant le monument aux morts \u00e0 Montpellier, \u00e0 une c\u00e9r\u00e9monie d\u2019hommage aux 130 victimes et bless\u00e9s des attentats du 13 novembre 2015. Si les \u00e9v\u00e9nements tragiques se sont d\u00e9roul\u00e9s \u00e0 Paris, \u00ab\u00a0la France a re\u00e7u un coup en plein coeur\u00a0\u00bb, le pr\u00e9fet de l\u2019H\u00e9rault a rappel\u00e9, au-del\u00e0 de l\u2019horreur, que \u00ab\u00a0ces femmes et ces hommes venaient de plus de 50 villes de France\u00a0\u00bb.<\/p>\n<p class=\" wall-content\">Le ton solennel, Fran\u00e7ois-Xavier Lauch observe : \u00ab\u00a0Ce soir l\u00e0, c\u2019est notre conviction la plus intime qui a \u00e9t\u00e9 viol\u00e9e, celle de pouvoir vivre libre, sans crainte\u00a0\u00bb et juge que \u00ab\u00a0ce soir l\u00e0, la part restante de notre insouciance s\u2019est \u00e9teinte. Notre foi en la paix a vacill\u00e9\u00a0\u00bb en mettant en parall\u00e8le : \u00ab\u00a0Ce fut un basculement du m\u00eame ordre que le 11 septembre 2001 aux \u00c9tats-Unis\u00a0\u00bb. Rappelant Charlie Hebdo, l\u2019HyperCasher ou encore Nice, o\u00f9 il \u00e9tait pr\u00e9sent, le pr\u00e9fet pointe : \u00ab\u00a0Ces attentats, froidement orchestr\u00e9s depuis l\u2019\u00e9tranger, visaient ce que nous sommes, un peuple libre, debout, vivant et fraternel, ciblant le coeur de la nation pour que la peur fige notre respiration et que la discorde s\u2019insinue dans nos veines. Mais la France n\u2019a pas c\u00e9d\u00e9, elle a r\u00e9agi et d\u2019un seul mouvement les forces vives de la R\u00e9publique se sont lev\u00e9es\u00a0\u00bb.<\/p>\n<p>    <img   decoding=\"async\" loading=\"lazy\" src=\"https:\/\/www.europesays.com\/fr\/wp-content\/uploads\/2025\/11\/francois-xavier-lauch-prefet-de-lherault-960x640.jpg\" alt=\"Franc\u0327ois-Xavier Lauch, Pre\u0301fet de l'He\u0301rault.\" width=\"960\" height=\"640\"\/><br \/>\n    Franc\u0327ois-Xavier Lauch, Pre\u0301fet de l\u2019He\u0301rault. (\u00a9CN \/ M\u00e9tropolitain)Vid\u00e9os : en ce moment sur Actu<\/p>\n<p class=\" wall-content\">Pour autant, Fran\u00e7ois-Xavier Lauch met en avant : \u00ab\u00a0Dans ces \u00e9preuves est n\u00e9e une force nouvelle : la conscience lucide de ce que nous sommes, de ce que nous devons prot\u00e9ger, de ce contre quoi nous devons lutter. Ils ont voulu semer la peur mais nous n\u2019avons pas perdu nos valeurs : libert\u00e9, \u00e9galit\u00e9, fraternit\u00e9 et la\u00efcit\u00e9\u00a0\u00bb et souligne avec force : \u00ab\u00a0Un corps vivant se d\u00e9fend, apprend, s\u2019adapte et se renforce. Si les cicatrices demeurent, elles disent notre force, notre fid\u00e9lit\u00e9, notre m\u00e9moire. Elles nous rappellent que la vigilance est la condition de la libert\u00e9, que l\u2019unit\u00e9 demeure notre meilleure d\u00e9fense, que la m\u00e9moire est notre meilleure protection contre la contagion de l\u2019oubli\u00a0\u00bb. Avec la volont\u00e9 de ne pas c\u00e9der la victoire face \u00e0 l\u2019obscurantisme, le pr\u00e9fet affirme : \u00ab\u00a0Le 13 novembre des terroristes ont voulu semer la peur, nous avons r\u00e9pondu par la fraternit\u00e9. Ils ont voulu faire taire le coeur de la nation mais en r\u00e9alit\u00e9 ils l\u2019ont fait battre plus fort, ferme et fid\u00e8le au rythme de la R\u00e9publique\u00a0\u00bb.<\/p>\n<p>\u00ab\u00a0Attaqu\u00e9 par le fanatisme islamique\u00a0\u00bb<\/p>\n<p class=\" wall-content\">\u00ab\u00a0Notre pays \u00e9tait frapp\u00e9 dans sa chair\u00a0\u00bb a appuy\u00e9 Micha\u00ebl Delafosse qui a \u00e9voqu\u00e9 le souvenir de Hugo Sarrade, \u00e9tudiant montpelli\u00e9rain tu\u00e9 au Bataclan, et a par ailleurs tenu \u00e0 d\u00e9poser une gerbe en compagne d\u2019un ami, habitant \u00e0 P\u00e9rols, d\u2019une autre victime. \u00ab\u00a0Les attentats du 13 novembre nous ont touch\u00e9s dans notre identit\u00e9 de peuple. Il est l\u2019un des rares moments dans l\u2019histoire o\u00f9 nous nous souvenons tous de o\u00f9 nous \u00e9tions au moment o\u00f9 le pr\u00e9sident de la R\u00e9publique s\u2019est exprim\u00e9 \u00e0 la nation\u00a0\u00bb souligne-t-il en pointant : \u00ab\u00a0Nous sentions que ce nous \u00e9tions \u00e9tait attaqu\u00e9 par le fanatisme islamique dans une barbarie sans nom voulant d\u00e9truire ce nous \u00e9tions : une salle de concert symbole de la libert\u00e9 d\u2019expression, une terrasse de caf\u00e9 symbole d\u2019un mode de vie et un stade o\u00f9 la ferveur s\u2019exprimait\u00a0\u00bb.\u00a0<\/p>\n<p>Votre r\u00e9gion, votre actu !<\/p>\n<p>Recevez chaque jour les infos qui comptent pour vous.<\/p>\n<p>\t<a href=\"https:\/\/actu.fr\/newsletter\" class=\"ac-btn ac-btn--corner ac-btn--medium ac-btn--blue800\" rel=\"nofollow noopener\" target=\"_blank\">S&rsquo;incrire<\/a><\/p>\n<p class=\" wall-content\">Le maire de Montpellier a exprim\u00e9 sa gratitude \u00ab\u00a0aux forces de s\u00e9curit\u00e9 int\u00e9rieure\u00a0\u00bb et \u00ab\u00a0aux soignants qui ont op\u00e9r\u00e9 \u00e0 de la m\u00e9decine de guerre\u00a0\u00bb et a salu\u00e9 \u00ab\u00a0la r\u00e9action de notre pays et de notre ville, cette envie irr\u00e9sistible d\u2019\u00eatre ensemble, cette envie que notre pays tienne bon sur ce qu\u2019il est. Mille gestes furent accomplis pour dire que nous voulions tenir. Nous avons tenu dix ans apr\u00e8s\u00a0\u00bb. Associant les \u00e9lus et repr\u00e9sentants des cultes dans cette hommage, Micha\u00ebl Delafosse a insist\u00e9 : \u00ab\u00a0Tous ici confondus nous distinguons bien ce qu\u2019est le fanatisme islamique de ce qu\u2019est le droit de tout \u00e0 chacun de croire ou ne pas croire car ainsi est la d\u00e9claration des droits de l\u2019homme, ainsi sont les principes fondamentaux de notre Constitution\u00a0\u00bb.<\/p>\n<p>\u00ab\u00a0Ensemble parce que nous sommes la France\u00a0\u00bb<\/p>\n<p class=\" wall-content\">Une c\u00e9r\u00e9monie voulue pour \u00ab\u00a0se souvenir des victimes et soutenir l\u2019autorit\u00e9 judiciaire, les forces de s\u00e9curit\u00e9 int\u00e9rieure qui chaque jour luttent contre les loups solitaires et groupes organis\u00e9s d\u2019une menace qui existe\u00a0\u00bb. Si certains s\u2019interrogent sur ce qu\u2019il reste dix ans apr\u00e8s les attentats, l\u2019\u00e9dile observe : \u00ab\u00a0Nous sommes l\u00e0, debout\u00a0\u00bb et loue \u00ab\u00a0la mission des professeurs de transmission des valeurs de la R\u00e9publique s\u2019effor\u00e7ant \u00e0 chaque instant de prot\u00e9ger la jeunesse de ces fl\u00e9aux qui nous menacent \u00ab\u00a0. Dans ce \u00ab\u00a0jour triste\u00a0\u00bb, avec la volont\u00e9 de se tenir aux c\u00f4t\u00e9s de victimes, Micha\u00ebl Delafosse lan\u00e7a \u00ab\u00a0nous sommes ensemble parce que nous sommes la France\u00a0\u00bb. Une c\u00e9r\u00e9monie conclue par les d\u00e9p\u00f4ts de gerbes et une Marseillaise.\u00a0<\/p>\n<p class=\" wall-content\">Personnalisez votre actualit\u00e9 en ajoutant vos villes et m\u00e9dias en favori avec <a href=\"https:\/\/moncompte.actu.fr\" title=\"D\u00e9couvez Mon Actu\" rel=\"nofollow noopener\" data-trk=\"{&quot;cta&quot;:{&quot;action&quot;:&quot;https:\\\/\\\/moncompte.actu.fr&quot;,&quot;category&quot;:&quot;mon compte&quot;,&quot;from&quot;:&quot;article footer&quot;,&quot;name&quot;:&quot;Mon actu&quot;,&quot;type&quot;:&quot;cta&quot;}}\" target=\"_blank\">Mon Actu<\/a>.<\/p>\n","protected":false},"excerpt":{"rendered":"Par C\u00e9dric Nithard Publi\u00e9 le 13 nov. 2025 \u00e0 20h00 ; mis \u00e0 jour le 13 nov. 2025&hellip;\n","protected":false},"author":2,"featured_media":532118,"comment_status":"","ping_status":"","sticky":false,"template":"","format":"standard","meta":{"footnotes":""},"categories":[9599],"tags":[1111,11,18543,1777,674,1011,27,2208,12,2680,25,104],"class_list":{"0":"post-532117","1":"post","2":"type-post","3":"status-publish","4":"format-standard","5":"has-post-thumbnail","7":"category-montpellier","8":"tag-actu","9":"tag-actualites","10":"tag-bataclan","11":"tag-eu","12":"tag-europe","13":"tag-fr","14":"tag-france","15":"tag-montpellier","16":"tag-news","17":"tag-occitanie","18":"tag-republique-francaise","19":"tag-societe"},"share_on_mastodon":{"url":"https:\/\/pubeurope.com\/@fr\/115544340635195614","error":""},"_links":{"self":[{"href":"https:\/\/www.europesays.com\/fr\/wp-json\/wp\/v2\/posts\/532117","targetHints":{"allow":["GET"]}}],"collection":[{"href":"https:\/\/www.europesays.com\/fr\/wp-json\/wp\/v2\/posts"}],"about":[{"href":"https:\/\/www.europesays.com\/fr\/wp-json\/wp\/v2\/types\/post"}],"author":[{"embeddable":true,"href":"https:\/\/www.europesays.com\/fr\/wp-json\/wp\/v2\/users\/2"}],"replies":[{"embeddable":true,"href":"https:\/\/www.europesays.com\/fr\/wp-json\/wp\/v2\/comments?post=532117"}],"version-history":[{"count":0,"href":"https:\/\/www.europesays.com\/fr\/wp-json\/wp\/v2\/posts\/532117\/revisions"}],"wp:featuredmedia":[{"embeddable":true,"href":"https:\/\/www.europesays.com\/fr\/wp-json\/wp\/v2\/media\/532118"}],"wp:attachment":[{"href":"https:\/\/www.europesays.com\/fr\/wp-json\/wp\/v2\/media?parent=532117"}],"wp:term":[{"taxonomy":"category","embeddable":true,"href":"https:\/\/www.europesays.com\/fr\/wp-json\/wp\/v2\/categories?post=532117"},{"taxonomy":"post_tag","embeddable":true,"href":"https:\/\/www.europesays.com\/fr\/wp-json\/wp\/v2\/tags?post=532117"}],"curies":[{"name":"wp","href":"https:\/\/api.w.org\/{rel}","templated":true}]}}