{"id":532121,"date":"2025-11-13T20:45:14","date_gmt":"2025-11-13T20:45:14","guid":{"rendered":"https:\/\/www.europesays.com\/fr\/532121\/"},"modified":"2025-11-13T20:45:14","modified_gmt":"2025-11-13T20:45:14","slug":"rouen-fin-des-travaux-sur-le-pont-guillaume-le-conquerant-la-circulation-est-retablie-jour-et-nuit","status":"publish","type":"post","link":"https:\/\/www.europesays.com\/fr\/532121\/","title":{"rendered":"Rouen. Fin des travaux sur le pont Guillaume-le-Conqu\u00e9rant, la circulation est r\u00e9tablie jour et nuit"},"content":{"rendered":"<p>                    Par<br \/>\n        <strong><br \/>\n            <a href=\"https:\/\/actu.fr\/auteur\/louise-boutard\" title=\"Consulter tous les articles de Louise Boutard\" target=\"_blank\" rel=\"noopener\">Louise Boutard<\/a><br \/>\n                    <\/strong><\/p>\n<p>        Publi\u00e9 le<\/p>\n<p>            13 nov. 2025 \u00e0 20h50        <\/p>\n<p>Presque deux ans apr\u00e8s l\u2019incident, la circulation va enfin reprendre son cours normal, 24\u2009h\/24. Le<strong> pont Guillaume-le-Conqu\u00e9rant<\/strong> a \u00e9t\u00e9 <a href=\"https:\/\/actu.fr\/normandie\/rouen_76540\/deux-ans-apres-un-accident-avec-une-grue-ce-pont-de-rouen-va-rouvrir-completement-a-la-circulation_63330114.html\" target=\"_blank\" rel=\"noopener\">ferm\u00e9 \u00e0 la circulation pendant 10 nuits,<\/a> notamment pour r\u00e9aliser des op\u00e9rations de soudure. Les travaux avaient commenc\u00e9 en fin juillet\u00a02025, suite \u00e0 l\u2019encastrement <a href=\"https:\/\/actu.fr\/normandie\/rouen_76540\/en-images-la-grue-encastree-dans-le-pont-guillaume-de-rouen-retiree_60503346.html\" target=\"_blank\" rel=\"noopener\">d\u2019une grue dans le pont en 2023.<\/a><\/p>\n<p>Circulation r\u00e9tablie vendredi 14\u00a0novembre<\/p>\n<p class=\" wall-content\">Le r\u00e9tablissement de la circulation sur ce pont central de Rouen doit se faire<strong> vendredi 14\u00a0novembre au matin<\/strong> \u00ab\u2009sauf impr\u00e9vu de derni\u00e8re minute\u2009\u00bb. Un test de charge a \u00e9t\u00e9 men\u00e9 dans la nuit du 23\u00a0octobre, \u00ab\u2009avec des r\u00e9sultats concluants\u2009\u00bb, indique la M\u00e9tropole qui souligne que les travaux s\u2019ach\u00e8vent ainsi avec <strong>10\u00a0jours d\u2019avance.<\/strong><\/p>\n<p class=\" wall-content\">Les travaux avaient \u00e9t\u00e9 <strong>r\u00e9alis\u00e9s de nuit<\/strong> pour \u00e9viter les nuisances sur la circulation. Car les travaux de soudure n\u00e9cessitaient l\u2019absence totale de vibrations sur l\u2019ouvrage et donc une circulation totalement ferm\u00e9e, <a href=\"https:\/\/actu.fr\/normandie\/rouen_76540\/rouen-les-travaux-du-pont-guillaume-le-conquerant-vont-debuter-quel-impact-sur-la-circulation_62939613.html\" target=\"_blank\" rel=\"noopener\">avait signal\u00e9 la M\u00e9tropole de Rouen.<\/a><\/p>\n<p class=\" wall-content\">Pour rappel, les travaux avaient \u00e9t\u00e9 n\u00e9cessaires car le 24\u00a0d\u00e9cembre 2023, \u00e0 quelques heures du\u00a0R\u00e9veillon, <a href=\"https:\/\/actu.fr\/normandie\/rouen_76540\/rouen-le-pont-guillaume-en-travaux-apres-l-accident-de-grue-combien-ca-coute-et-qui-va-payer_62949117.html\" target=\"_blank\" rel=\"noopener\">une grue install\u00e9e sur une p\u00e9niche s\u2019\u00e9tait encastr\u00e9e<\/a> dans le pont, alors que le bateau passait en dessous. Le propri\u00e9taire de la p\u00e9niche avait reconnu les faits et aucune plainte n\u2019avait \u00e9t\u00e9 d\u00e9pos\u00e9e par la M\u00e9tropole.<\/p>\n<p>Suivez l\u2019actualit\u00e9 de Rouen sur <a href=\"https:\/\/www.whatsapp.com\/channel\/0029VaKfnf99hXF2ddApFB1D\" target=\"_blank\" rel=\"noopener\">notre cha\u00eene WhatsApp<\/a> et sur <a href=\"https:\/\/www.tiktok.com\/@76actu.fr?lang=fr\" target=\"_blank\" rel=\"noopener\">notre compte TikTok<\/a><\/p>\n<p class=\" wall-content\">Personnalisez votre actualit\u00e9 en ajoutant vos villes et m\u00e9dias en favori avec <a href=\"https:\/\/moncompte.actu.fr\" title=\"D\u00e9couvez Mon Actu\" rel=\"nofollow noopener\" data-trk=\"{&quot;cta&quot;:{&quot;action&quot;:&quot;https:\\\/\\\/moncompte.actu.fr&quot;,&quot;category&quot;:&quot;mon compte&quot;,&quot;from&quot;:&quot;article footer&quot;,&quot;name&quot;:&quot;Mon actu&quot;,&quot;type&quot;:&quot;cta&quot;}}\" target=\"_blank\">Mon Actu<\/a>.<\/p>\n<p>                    <script async src=\"\/\/www.tiktok.com\/embed.js\"><\/script><\/p>\n","protected":false},"excerpt":{"rendered":"Par Louise Boutard Publi\u00e9 le 13 nov. 2025 \u00e0 20h50 Presque deux ans apr\u00e8s l\u2019incident, la circulation va&hellip;\n","protected":false},"author":2,"featured_media":480020,"comment_status":"","ping_status":"","sticky":false,"template":"","format":"standard","meta":{"footnotes":""},"categories":[9587],"tags":[1111,11,3542,1777,674,1011,27,12,5161,20715,25,9590,104,2086],"class_list":{"0":"post-532121","1":"post","2":"type-post","3":"status-publish","4":"format-standard","5":"has-post-thumbnail","7":"category-rouen","8":"tag-actu","9":"tag-actualites","10":"tag-circulation","11":"tag-eu","12":"tag-europe","13":"tag-fr","14":"tag-france","15":"tag-news","16":"tag-normandie","17":"tag-pont-guillaume-le-conquerant","18":"tag-republique-francaise","19":"tag-rouen","20":"tag-societe","21":"tag-travaux"},"share_on_mastodon":{"url":"","error":""},"_links":{"self":[{"href":"https:\/\/www.europesays.com\/fr\/wp-json\/wp\/v2\/posts\/532121","targetHints":{"allow":["GET"]}}],"collection":[{"href":"https:\/\/www.europesays.com\/fr\/wp-json\/wp\/v2\/posts"}],"about":[{"href":"https:\/\/www.europesays.com\/fr\/wp-json\/wp\/v2\/types\/post"}],"author":[{"embeddable":true,"href":"https:\/\/www.europesays.com\/fr\/wp-json\/wp\/v2\/users\/2"}],"replies":[{"embeddable":true,"href":"https:\/\/www.europesays.com\/fr\/wp-json\/wp\/v2\/comments?post=532121"}],"version-history":[{"count":0,"href":"https:\/\/www.europesays.com\/fr\/wp-json\/wp\/v2\/posts\/532121\/revisions"}],"wp:featuredmedia":[{"embeddable":true,"href":"https:\/\/www.europesays.com\/fr\/wp-json\/wp\/v2\/media\/480020"}],"wp:attachment":[{"href":"https:\/\/www.europesays.com\/fr\/wp-json\/wp\/v2\/media?parent=532121"}],"wp:term":[{"taxonomy":"category","embeddable":true,"href":"https:\/\/www.europesays.com\/fr\/wp-json\/wp\/v2\/categories?post=532121"},{"taxonomy":"post_tag","embeddable":true,"href":"https:\/\/www.europesays.com\/fr\/wp-json\/wp\/v2\/tags?post=532121"}],"curies":[{"name":"wp","href":"https:\/\/api.w.org\/{rel}","templated":true}]}}