{"id":532122,"date":"2025-11-13T20:46:16","date_gmt":"2025-11-13T20:46:16","guid":{"rendered":"https:\/\/www.europesays.com\/fr\/532122\/"},"modified":"2025-11-13T20:46:16","modified_gmt":"2025-11-13T20:46:16","slug":"rouen-le-pont-guillaume-le-conquerant-rouvre-vendredi-sauf-imprevu","status":"publish","type":"post","link":"https:\/\/www.europesays.com\/fr\/532122\/","title":{"rendered":"Rouen. Le pont Guillaume-le-Conqu\u00e9rant rouvre vendredi \u00ab\u00a0sauf impr\u00e9vu\u00a0\u00bb"},"content":{"rendered":"<p melodystyle=\"texte\">C&rsquo;est une bonne nouvelle pour les automobilistes. La M\u00e9tropole Rouen Normandie a annonc\u00e9 ce jeudi 13\u00a0novembre qu&rsquo;\u00e0 la suite \u00ab\u00a0des travaux de r\u00e9paration du pont Guillaume-le-Conqu\u00e9rant et desx r\u00e9sultats concluants du test de charge de la nuit du 23\u00a0octobre dernier, la circulation sera, sauf impr\u00e9vu de derni\u00e8re minute, totalement r\u00e9tablie sur le pont\u00a0\u00bb vendredi 14\u00a0novembre au matin, soit avec 10 jours d&rsquo;avance.<\/p>\n<p melodystyle=\"texte\"><b>\u2022 A lire aussi.<\/b>\u00a0<a href=\"https:\/\/www.tendanceouest.com\/actualite-433146-photos-rouen-bientot-la-fin-des-travaux-du-pont-guillaume-le-conquerant\" rel=\"nofollow noopener\" target=\"_blank\">[Photos] Rouen. Bient\u00f4t la fin des travaux du pont Guillaume-le-Conqu\u00e9rant\u00a0?<\/a><\/p>\n<p>Des tests r\u00e9alis\u00e9s pour v\u00e9rifier la r\u00e9sistance du pont<\/p>\n<p melodystyle=\"texte\">Le 24\u00a0d\u00e9cembre 2023, le pilote d&rsquo;une p\u00e9niche a oubli\u00e9 de replier sa grue, endommageant le pont Guillaume-le-Conqu\u00e9rant. Les travaux de r\u00e9paration ont commenc\u00e9 le 28\u00a0juillet et dans la nuit du 23 au 24\u00a0octobre dernier, des tests de r\u00e9sistance ont \u00e9t\u00e9 r\u00e9alis\u00e9s avec des poids lourds pour v\u00e9rifier sa r\u00e9sistance et s&rsquo;assurer que les r\u00e9parations qui ont \u00e9t\u00e9 faites r\u00e9pondent aux obligations r\u00e9glementaires. La m\u00e9tropole de Rouen confirme d\u00e9sormais la r\u00e9ouverture du pont.<\/p>\n","protected":false},"excerpt":{"rendered":"C&rsquo;est une bonne nouvelle pour les automobilistes. La M\u00e9tropole Rouen Normandie a annonc\u00e9 ce jeudi 13\u00a0novembre qu&rsquo;\u00e0 la&hellip;\n","protected":false},"author":2,"featured_media":532123,"comment_status":"","ping_status":"","sticky":false,"template":"","format":"standard","meta":{"footnotes":""},"categories":[9587],"tags":[1111,11,1777,674,1011,27,12,5161,25,9590],"class_list":{"0":"post-532122","1":"post","2":"type-post","3":"status-publish","4":"format-standard","5":"has-post-thumbnail","7":"category-rouen","8":"tag-actu","9":"tag-actualites","10":"tag-eu","11":"tag-europe","12":"tag-fr","13":"tag-france","14":"tag-news","15":"tag-normandie","16":"tag-republique-francaise","17":"tag-rouen"},"share_on_mastodon":{"url":"https:\/\/pubeurope.com\/@fr\/115544351391315135","error":""},"_links":{"self":[{"href":"https:\/\/www.europesays.com\/fr\/wp-json\/wp\/v2\/posts\/532122","targetHints":{"allow":["GET"]}}],"collection":[{"href":"https:\/\/www.europesays.com\/fr\/wp-json\/wp\/v2\/posts"}],"about":[{"href":"https:\/\/www.europesays.com\/fr\/wp-json\/wp\/v2\/types\/post"}],"author":[{"embeddable":true,"href":"https:\/\/www.europesays.com\/fr\/wp-json\/wp\/v2\/users\/2"}],"replies":[{"embeddable":true,"href":"https:\/\/www.europesays.com\/fr\/wp-json\/wp\/v2\/comments?post=532122"}],"version-history":[{"count":0,"href":"https:\/\/www.europesays.com\/fr\/wp-json\/wp\/v2\/posts\/532122\/revisions"}],"wp:featuredmedia":[{"embeddable":true,"href":"https:\/\/www.europesays.com\/fr\/wp-json\/wp\/v2\/media\/532123"}],"wp:attachment":[{"href":"https:\/\/www.europesays.com\/fr\/wp-json\/wp\/v2\/media?parent=532122"}],"wp:term":[{"taxonomy":"category","embeddable":true,"href":"https:\/\/www.europesays.com\/fr\/wp-json\/wp\/v2\/categories?post=532122"},{"taxonomy":"post_tag","embeddable":true,"href":"https:\/\/www.europesays.com\/fr\/wp-json\/wp\/v2\/tags?post=532122"}],"curies":[{"name":"wp","href":"https:\/\/api.w.org\/{rel}","templated":true}]}}