{"id":532126,"date":"2025-11-13T20:48:24","date_gmt":"2025-11-13T20:48:24","guid":{"rendered":"https:\/\/www.europesays.com\/fr\/532126\/"},"modified":"2025-11-13T20:48:24","modified_gmt":"2025-11-13T20:48:24","slug":"rc-vannes-grenoble-gorrissen-postule-pedemonte-forfait-le-point-sur-les-blesses-au-rcv","status":"publish","type":"post","link":"https:\/\/www.europesays.com\/fr\/532126\/","title":{"rendered":"RC Vannes &#8211; Grenoble\u00a0: Gorrissen \u00ab\u00a0postule\u00a0\u00bb, Pedemonte forfait, le point sur les bless\u00e9s au RCV"},"content":{"rendered":"<p>Pro D2 (11e journ\u00e9e). RC Vannes &#8211; Grenoble, dimanche (21 h), \u00e0 Rennes<\/p>\n<p>La tuile pour Juan Bautista Pedemonte. Appel\u00e9 avec l\u2019Argentine avant d\u2019\u00eatre <a href=\"https:\/\/www.letelegramme.fr\/sports\/rugby\/rc-vannes\/rc-vannes-grenoble-libere-par-largentine-juan-bautista-pedemonte-postule-pour-le-choc-au-roazhon-park-6926257.php\" target=\"_blank\" rel=\"nofollow noopener\">lib\u00e9r\u00e9 par les Pumas<\/a>, le troisi\u00e8me ligne de 25 ans ne sera pas sur la pelouse, dimanche, au Roazhon Park. \u00ab Il s\u2019est fait marcher dessus hier (mercredi) \u00e0 l\u2019entra\u00eenement et est forfait \u00bb, a pr\u00e9cis\u00e9 Jean-No\u00ebl Spitzer.<\/p>\n<p><a href=\"https:\/\/www.letelegramme.fr\/sports\/rugby\/rc-vannes\/probable-fin-de-saison-pour-cyril-blanchard-talonneur-historique-du-rc-vannes-6917793.php\" target=\"_blank\" rel=\"nofollow noopener\">Cyril Blanchard, dont la saison est d\u2019ores et d\u00e9j\u00e0 termin\u00e9e<\/a>, Simon Bourgeois, Edoardo Iachizzi mais aussi Alex Arrate et Kitione Kamikamica \u00e9taient absents de l\u2019entra\u00eenement de ce jeudi, \u00e0 La Rabine. Au m\u00eame titre que Th\u00e9o B\u00e9ziat (cheville), absent \u00ab quelques semaines, certainement plus d\u2019un mois \u00bb, selon Spitzer, et l\u2019international chilien I\u00f1aki\u00a0Ayarza.<\/p>\n<p>Enfin, Charles-Henry Berguet (Belgique) et <a href=\"https:\/\/www.letelegramme.fr\/sports\/rugby\/rc-vannes\/le-demi-douverture-du-rc-vannes-jean-cotarmanach-appele-avec-luruguay-pour-la-tournee-de-novembre-6921975.php\" rel=\"nofollow noopener\" target=\"_blank\">Jean Cotarmanac\u2019h (Uruguay)<\/a> sont toujours avec leur s\u00e9lection nationale.<\/p>\n","protected":false},"excerpt":{"rendered":"Pro D2 (11e journ\u00e9e). RC Vannes &#8211; Grenoble, dimanche (21 h), \u00e0 Rennes La tuile pour Juan Bautista&hellip;\n","protected":false},"author":2,"featured_media":532127,"comment_status":"","ping_status":"","sticky":false,"template":"","format":"standard","meta":{"footnotes":""},"categories":[9566],"tags":[1111,11,2430,3166,1777,674,1011,27,2731,12,2308,3164,3167,25,479,60,3165],"class_list":{"0":"post-532126","1":"post","2":"type-post","3":"status-publish","4":"format-standard","5":"has-post-thumbnail","7":"category-grenoble","8":"tag-actu","9":"tag-actualites","10":"tag-auvergne-rhone-alpes","11":"tag-en-continu-sports","12":"tag-eu","13":"tag-europe","14":"tag-fr","15":"tag-france","16":"tag-grenoble","17":"tag-news","18":"tag-pro-d2","19":"tag-rc-vannes","20":"tag-rcv","21":"tag-republique-francaise","22":"tag-rugby","23":"tag-sports","24":"tag-vannes"},"share_on_mastodon":{"url":"https:\/\/pubeurope.com\/@fr\/115544359336326713","error":""},"_links":{"self":[{"href":"https:\/\/www.europesays.com\/fr\/wp-json\/wp\/v2\/posts\/532126","targetHints":{"allow":["GET"]}}],"collection":[{"href":"https:\/\/www.europesays.com\/fr\/wp-json\/wp\/v2\/posts"}],"about":[{"href":"https:\/\/www.europesays.com\/fr\/wp-json\/wp\/v2\/types\/post"}],"author":[{"embeddable":true,"href":"https:\/\/www.europesays.com\/fr\/wp-json\/wp\/v2\/users\/2"}],"replies":[{"embeddable":true,"href":"https:\/\/www.europesays.com\/fr\/wp-json\/wp\/v2\/comments?post=532126"}],"version-history":[{"count":0,"href":"https:\/\/www.europesays.com\/fr\/wp-json\/wp\/v2\/posts\/532126\/revisions"}],"wp:featuredmedia":[{"embeddable":true,"href":"https:\/\/www.europesays.com\/fr\/wp-json\/wp\/v2\/media\/532127"}],"wp:attachment":[{"href":"https:\/\/www.europesays.com\/fr\/wp-json\/wp\/v2\/media?parent=532126"}],"wp:term":[{"taxonomy":"category","embeddable":true,"href":"https:\/\/www.europesays.com\/fr\/wp-json\/wp\/v2\/categories?post=532126"},{"taxonomy":"post_tag","embeddable":true,"href":"https:\/\/www.europesays.com\/fr\/wp-json\/wp\/v2\/tags?post=532126"}],"curies":[{"name":"wp","href":"https:\/\/api.w.org\/{rel}","templated":true}]}}