{"id":532128,"date":"2025-11-13T20:49:12","date_gmt":"2025-11-13T20:49:12","guid":{"rendered":"https:\/\/www.europesays.com\/fr\/532128\/"},"modified":"2025-11-13T20:49:12","modified_gmt":"2025-11-13T20:49:12","slug":"je-fais-un-sacrifice-personnel-au-profit-dun-investissement-collectif-pourquoi-carole-gandon-cede-la-tete-de-liste-de-lopposition-sortante-aux-municipa","status":"publish","type":"post","link":"https:\/\/www.europesays.com\/fr\/532128\/","title":{"rendered":"\u00ab\u00a0Je fais un sacrifice personnel au profit d\u2019un investissement collectif\u00a0\u00bb\u00a0: pourquoi Carole Gandon c\u00e8de la t\u00eate de liste de l\u2019opposition sortante aux municipales rennaises"},"content":{"rendered":"<p>Cheffe de file du groupe sortant d\u2019opposition R\u00e9v\u00e9ler Rennes, <a href=\"https:\/\/www.letelegramme.fr\/ille-et-vilaine\/rennes-35000\/municipales-a-rennes-pour-eviter-un-match-plie-davance-carole-gandon-et-charles-compagnon-devoilent-leur-strategie-6896568.php\" target=\"_blank\" rel=\"noopener\">vous avez annonc\u00e9 repartir en campagne pour les prochaines municipales rennaises aux c\u00f4t\u00e9s de Charles Compagnon<\/a>, le chef de l\u2019autre formation d\u2019opposition \u00e0 la maire. Vous vous appr\u00eatez aussi \u00e0 annoncer que vous lui avez c\u00e9d\u00e9 la future t\u00eate de la liste d\u2019union. Vous confirmez ?<\/p>\n<p>Au pr\u00e9alable, je vous confirme que la campagne aux municipales d\u00e9marre enfin ! Et qu\u2019on est ravis ! Les Rennais sont impatients que les d\u00e9bats d\u00e9butent vraiment. Ils ont soif d&rsquo;\u00e9changes. <a href=\"https:\/\/www.letelegramme.fr\/ille-et-vilaine\/rennes-35000\/envisager-de-fermer-le-blizz-serait-dramatique-a-rennes-la-patinoire-est-elle-en-danger-6922947.php\" target=\"_blank\" rel=\"noopener\">Le succ\u00e8s de la p\u00e9tition pour la sauvegarde de la patinoire Le Blizz, qui a d\u00e9j\u00e0 atteint 7 000 signatures, le d\u00e9montre.<\/a> Les habitants ont \u00e9t\u00e9 frustr\u00e9s par les six ann\u00e9es pass\u00e9es emplies de faux-semblants et de fausse d\u00e9mocratie participative. Pour nous, \u00e7a va vraiment \u00eatre l\u2018\u00a0enjeu de cette campagne : parler des sujets qui animent leur quotidien, leur donner la parole, permettre une confrontation autour de la vision qu\u2019on porte pour notre ville et des projets qu\u2019on veut d\u00e9fendre. Aujourd\u2019hui, nous sortons de cette phase pr\u00e9paratoire de pr\u00e9campagne. Elle a \u00e9t\u00e9 tr\u00e8s riche sur les plans programmatique et politique. Nous rentrons dans le vif du sujet et \u00e7a fait du bien.<\/p>\n<p>Avec Charles Compagnon comme t\u00eate de liste, donc ?<\/p>\n<p>Je soutiens Charles Compagnon, oui. Clairement, le paysage rennais est fragment\u00e9. Si chacun joue sa partie, la majorit\u00e9 sortante a d\u00e9j\u00e0 gagn\u00e9. Donc, j\u2018\u00a0ai choisi l\u2019union, condition indispensable, mais pas suffisante, pour gagner Rennes. Je fais ce choix par responsabilit\u00e9, par coh\u00e9rence et aussi par efficacit\u00e9. Avec Charles, on partage un diagnostic, des valeurs et la m\u00eame exigence. Donc, je fais un sacrifice personnel au profit d\u2019un investissement collectif. Charles est le mieux plac\u00e9 pour conduire la liste. Il a la force de travail, la volont\u00e9, la t\u00e9nacit\u00e9 et l\u2018\u00a0\u00e9nergie pour s\u2019investir \u00e0 100 % dans la campagne, comme il s\u2019est investi \u00e0 100 % dans ce mandat.<\/p>\n<p>Votre candidature aux c\u00f4t\u00e9s de Charles Compagnon est-elle une sorte de \u201cticket\u201d ? Vous allez le pr\u00e9senter comme \u00e7a ?<\/p>\n<p>Nous assumons notre bin\u00f4me et notre duo. Sur l\u2018\u00a0ordre de la liste, je laisse \u00e0 Charles le soin de s\u2019exprimer. Il va le faire tr\u00e8s prochainement (une conf\u00e9rence de presse est pr\u00e9vue ce vendredi 14 novembre, NDLR).<\/p>\n<p>On sait que Charles Compagnon a annonc\u00e9 vouloir \u00eatre \u00ab\u00a0maire \u00e0 100 %\u00a0\u00bb. En cas de victoire, il ne souhaite pas cumuler ce mandat avec la pr\u00e9sidence de la M\u00e9tropole. Votre duo s\u2019inscrit-il dans cette d\u00e9marche : \u00e0 lui la mairie, \u00e0 vous la pr\u00e9sidence de la M\u00e9tropole ?<\/p>\n<p>C\u2018\u00a0est un peu t\u00f4t pour le dire. Je laisserai Charles exprimer son souhait de candidature. Un duo ex\u00e9cutif est envisageable.<\/p>\n<p>Vous pr\u00e9sentez votre d\u00e9marche comme \u00ab sacrificielle \u00bb. Dans <a href=\"https:\/\/www.lemensuel.com\/rennes\" target=\"_blank\" rel=\"noopener\">Le Mensuel de Rennes de novembre<\/a>, des membres de votre groupe estiment les chances d\u2019une victoire\ufeff tr\u00e8s faible en mars prochain. Partagez-vous ce constat ? \u00c0 quel point celui-ci a pu peser sur votre d\u00e9cision ?<\/p>\n<p>S\u2019il y a un enseignement que je retiens de mes plus de dix ans d\u2019engagement politique, c\u2019est que rien ne se passe jamais comme pr\u00e9vu. En r\u00e9alit\u00e9, oui, sur le papier, la marche est tr\u00e8s haute. Je ne vais pas dire l\u2019inverse. Rennes est une ville profond\u00e9ment ancr\u00e9e \u00e0 gauche. Lors des derniers scrutins, la gauche et l\u2019extr\u00eame gauche ont obtenu des scores qui laissent peu de place \u00e0 l\u2019espoir. Maintenant, les choses bougent et elles bougent tr\u00e8s vite. On est dans un paysage qui est tr\u00e8s incertain. Et donc, il est tout \u00e0 fait possible que les plan\u00e8tes s\u2019alignent.<\/p>\n<p>Donc, la faible chance de victoire n\u2019a pas pes\u00e9 sur votre d\u00e9cision ? <\/p>\n<p>Ma d\u00e9cision est motiv\u00e9e par le souhait de ne pas reproduire les erreurs du pass\u00e9. On a pay\u00e9 cher, Charles et moi, en 2020, notre concurrence, notre rivalit\u00e9. Cela nous a co\u00fbt\u00e9 beaucoup d\u2018\u00a0\u00e9nergie. On a \u00e9parpill\u00e9 les bonnes volont\u00e9s, les militants\u2026 On a divis\u00e9. On a perdu beaucoup de temps \u00e0 essayer de nous diff\u00e9rencier au lieu de faire campagne sur nos id\u00e9es, nos projets ou de critiquer le bilan de l\u2019\u00e9quipe sortante. Cela s\u2019est r\u00e9v\u00e9l\u00e9 \u00eatre un gaspillage d\u2019\u00e9nergie et de talent. Vraiment, je ne voulais pas reproduire cette situation. C\u2019est pour \u00e7a que j\u2019ai pris cette responsabilit\u00e9.<\/p>\n<p>Vous dites que les \u201cchoses bougent beaucoup\u201d. Pourquoi ?<\/p>\n<p>Depuis <a href=\"https:\/\/www.letelegramme.fr\/ille-et-vilaine\/rennes-35000\/lalliance-entre-les-ecologistes-et-la-maire-de-rennes-reconduite-pour-les-prochaines-municipales-6911378.php\" target=\"_blank\" rel=\"noopener\">l\u2018\u00a0annonce de l\u2019alliance au premier tour entre les Verts et le PS<\/a>, les Rennais commencent \u00e0 voir qu\u2019ils ont \u00e0 faire avec une union entre des gens qui ne sont d\u2019accord sur rien ou sur peu de choses, \u00e0 part conserver leur place. Cette alliance est une coalition d\u2019int\u00e9r\u00eats individuels. Pas un collectif port\u00e9 par un \u00e9lan commun. Prenez leurs divergences profondes. On ne parle pas de d\u00e9saccords sur quelques sujets d\u2019actualit\u00e9 ou de postures. On parle de divergences profondes sur la vision de la ville : l\u2019avenir de la patinoire, l\u2019usine Safran, les portillons du m\u00e9tro, le z\u00e9nith\u2026 Sur tous ces grands projets, qui impactent la vie quotidienne des Rennais, les membres de la majorit\u00e9 sortante ne sont d\u2019accord sur rien. Donc oui, \u00e7a commence \u00e0 se voir. Je crois \u00e0 cette prise de conscience des habitants l\u00e0-dessus.<\/p>\n<p>Sans compter, que LFI est clairement en mesure de perturber leurs plans. Les insoumis vont monter une liste co\u00fbte que co\u00fbte. Elle pourrait bien passer au-dessus de la barre des 10 %, synonyme de triangulaire. Dans cette \u00e9quation, on a une vraie chance de victoire.<\/p>\n<p>De votre c\u00f4t\u00e9 aussi, quelqu\u2019un peut aussi perturber vos plans\u2026 Le LR Thomas Rousseau, ren\u00e2cle toujours \u00e0 faire l\u2019union avec vous\u2026<\/p>\n<p>On discute toujours. On discute d\u2019\u00a0illeurs avec beaucoup de monde, avec LR, mais pas seulement. Notre rassemblement ira de la sociale d\u00e9mocratie \u00e0 la droite r\u00e9publicaine. Et donc, on continue de travailler avec LR. Et avec toutes les bonnes volont\u00e9s.<\/p>\n<p>Cette id\u00e9e, j\u2019en ai entendu parler, comme tout le monde. Je note qu\u2019aucune formation de la droite ou du centre n\u2019y a souscrit. Cela s\u2019explique certainement parce qu\u2019elle est techniquement, juridiquement et financi\u00e8rement infaisable. On aurait peut-\u00eatre pu imaginer cela, il y a un an, pas \u00e0 moins de 130 jours du scrutin.<\/p>\n<p>Dans le futur programme, quels sont les principaux sujets qui rel\u00e8vent de votre \u00ab\u00a0touche\u00a0\u00bb ?<\/p>\n<p>En mati\u00e8re de s\u00e9curit\u00e9 et de tranquillit\u00e9 dans les quartiers, je ferai en sorte que la priorit\u00e9 soit de restaurer une pr\u00e9sence humaine de proximit\u00e9. Dans les transports, avec une police m\u00e9tropolitaine. Dans les immeubles, avec une future brigade de tranquillit\u00e9 r\u00e9sidentielle, que l\u2019on souhaite mettre en place en coop\u00e9ration avec les bailleurs et la police municipale. Cela fonctionne tr\u00e8s bien \u00e0 Montpellier, une ville de gauche.<\/p>\n<p>Les questions de s\u00e9curit\u00e9 renvoient \u00e0 une approche tr\u00e8s globale que l\u2019on ne doit pas laisser \u00e0 l\u2019\u00c9tat sur lequel Nathalie App\u00e9r\u00e9 a pass\u00e9 son temps \u00e0 se d\u00e9fausser, sans faire preuve de volontarisme. D\u2019autres maires ont pris le sujet \u00e0 bras-le-corps et cela produit des r\u00e9sultats significatifs. Rennes n\u2019est \u00e9videmment pas la seule \u00e0 \u00eatre touch\u00e9e par des ph\u00e9nom\u00e8nes d\u2019ins\u00e9curit\u00e9 mais elle reste \u00e0 l\u2019avant-derni\u00e8re place des classements du nombre d\u2019effectifs de policiers municipaux par habitant.<\/p>\n<p>Sur la question des mobilit\u00e9s, avez-vous r\u00e9ussi \u00e0 convaincre Charles Compagnon du bien-fond\u00e9 d\u2019\u00e9tendre le m\u00e9tro \u00e0 l\u2019ext\u00e9rieur de la rocade comme vous l\u2019aviez propos\u00e9 en 2020 ?<\/p>\n<p>Oui et j\u2019en suis tr\u00e8s heureuse. C\u2018\u00a0est la vie quotidienne des gens, l\u00e0 encore. On constate qu\u2019aujourd\u2019hui, on se d\u00e9place moins bien qu\u2019hier \u00e0 Rennes. Et \u00e7a n\u2019est pas acceptable. On parle beaucoup de v\u00e9lo, mais on oublie tous ceux qui n\u2019ont pas ce type d\u2019alternatives. Donc, oui nous souhaitons prolonger le m\u00e9tro au-del\u00e0 de la rocade et r\u00e9viser l\u2019implantation des parkings relais. Ils sont tous concentr\u00e9s dans la ville. Cela n\u2019a pas de sens.<\/p>\n<p>\u00c9videmment, c\u2019est un sujet de longs termes. Ce n\u2019est pas un investissement r\u00e9alisable sur un seul mandat. Pourtant, il est indispensable si on veut renouer avec le caract\u00e8re visionnaire de Rennes et la projeter dans l\u2019avenir. Il faut absolument d\u00e9marrer tr\u00e8s vite les \u00e9tudes pour pouvoir lancer ce chantier.<\/p>\n<p>Quels seraient ces prolongements ?<\/p>\n<p>Dans un premier temps, desservir l\u2018\u00a0a\u00e9roport, jusqu\u2019au parc-expo et m\u00eame le campus de Kerlann. On peut aussi envisager une extension vers Chantepie. Cela \u00e9tait pr\u00e9vu dans le projet initial d\u2019Edmond Herv\u00e9. Un pont a m\u00eame \u00e9t\u00e9 construit\u2026<\/p>\n<p>On d\u00e9taillera nos propositions dans les semaines qui viennent. En tout cas, pour moi, c\u2019est un sujet que je vais marteler. Idem pour la mise en place d\u2019une ligne de bus reliant les communes de la p\u00e9riph\u00e9rie sans avoir \u00e0 passer par la ville centre. Le r\u00e9seau routier est existant. Il n\u2019y a m\u00eame pas besoin de construire de route.<\/p>\n","protected":false},"excerpt":{"rendered":"Cheffe de file du groupe sortant d\u2019opposition R\u00e9v\u00e9ler Rennes, vous avez annonc\u00e9 repartir en campagne pour les prochaines&hellip;\n","protected":false},"author":2,"featured_media":532129,"comment_status":"","ping_status":"","sticky":false,"template":"","format":"standard","meta":{"footnotes":""},"categories":[2821],"tags":[1111,11,829,2761,1777,674,1011,27,12,3364,584,25],"class_list":{"0":"post-532128","1":"post","2":"type-post","3":"status-publish","4":"format-standard","5":"has-post-thumbnail","7":"category-rennes","8":"tag-actu","9":"tag-actualites","10":"tag-bretagne","11":"tag-elections-municipales-2026","12":"tag-eu","13":"tag-europe","14":"tag-fr","15":"tag-france","16":"tag-news","17":"tag-politique-a-rennes","18":"tag-rennes","19":"tag-republique-francaise"},"share_on_mastodon":{"url":"https:\/\/pubeurope.com\/@fr\/115544363172298589","error":""},"_links":{"self":[{"href":"https:\/\/www.europesays.com\/fr\/wp-json\/wp\/v2\/posts\/532128","targetHints":{"allow":["GET"]}}],"collection":[{"href":"https:\/\/www.europesays.com\/fr\/wp-json\/wp\/v2\/posts"}],"about":[{"href":"https:\/\/www.europesays.com\/fr\/wp-json\/wp\/v2\/types\/post"}],"author":[{"embeddable":true,"href":"https:\/\/www.europesays.com\/fr\/wp-json\/wp\/v2\/users\/2"}],"replies":[{"embeddable":true,"href":"https:\/\/www.europesays.com\/fr\/wp-json\/wp\/v2\/comments?post=532128"}],"version-history":[{"count":0,"href":"https:\/\/www.europesays.com\/fr\/wp-json\/wp\/v2\/posts\/532128\/revisions"}],"wp:featuredmedia":[{"embeddable":true,"href":"https:\/\/www.europesays.com\/fr\/wp-json\/wp\/v2\/media\/532129"}],"wp:attachment":[{"href":"https:\/\/www.europesays.com\/fr\/wp-json\/wp\/v2\/media?parent=532128"}],"wp:term":[{"taxonomy":"category","embeddable":true,"href":"https:\/\/www.europesays.com\/fr\/wp-json\/wp\/v2\/categories?post=532128"},{"taxonomy":"post_tag","embeddable":true,"href":"https:\/\/www.europesays.com\/fr\/wp-json\/wp\/v2\/tags?post=532128"}],"curies":[{"name":"wp","href":"https:\/\/api.w.org\/{rel}","templated":true}]}}