{"id":532132,"date":"2025-11-13T20:52:24","date_gmt":"2025-11-13T20:52:24","guid":{"rendered":"https:\/\/www.europesays.com\/fr\/532132\/"},"modified":"2025-11-13T20:52:24","modified_gmt":"2025-11-13T20:52:24","slug":"strasbourg-un-homme-disparait-de-lhopital-civil-la-police-nationale-lance-un-appel-a-temoins","status":"publish","type":"post","link":"https:\/\/www.europesays.com\/fr\/532132\/","title":{"rendered":"Strasbourg. Un homme dispara\u00eet de l&rsquo;h\u00f4pital civil, la Police nationale lance un appel \u00e0 t\u00e9moins"},"content":{"rendered":"<p>La Police nationale du Bas-Rhin a lanc\u00e9 un appel \u00e0 t\u00e9moins pour retrouver un homme d\u2019une cinquantaine d\u2019ann\u00e9es, port\u00e9 disparu depuis le 9 novembre 2025. Johny Philippe Mancuso a \u00e9t\u00e9 vu pour la derni\u00e8re fois \u00e0 l\u2019h\u00f4pital civil de Strasbourg.<\/p>\n<p>Ce contenu est bloqu\u00e9 car vous n&rsquo;avez pas accept\u00e9 les cookies et autres traceurs.<\/p>\n<p>En cliquant sur \u00ab J\u2019accepte \u00bb, les cookies et autres traceurs seront d\u00e9pos\u00e9s et vous pourrez visualiser les contenus  (<a href=\"\" class=\"consentModule_policy\" target=\"_blank\" title=\"Consulter la politique de protection des donn\u00e9es du fournisseur\">plus d&rsquo;informations<\/a>).<\/p>\n<p>En cliquant sur \u00ab J\u2019accepte tous les cookies \u00bb, vous autorisez des d\u00e9p\u00f4ts de cookies et autres traceurs pour le stockage de vos donn\u00e9es sur nos sites et applications \u00e0 des fins de personnalisation et de ciblage publicitaire.<\/p>\n<p class=\"consentModule_secondaryText\">Vous gardez la possibilit\u00e9 de retirer votre consentement \u00e0 tout moment en consultant notre <a href=\"https:\/\/www.dna.fr\/protection-des-donnees\" target=\"_blank\" title=\"Consulter notre politique de protection des donn\u00e9es\" rel=\"noopener\">politique de protection des donn\u00e9es<\/a>. <br \/>&#13;<br \/>\n            <a href=\"https:\/\/www.dna.fr\/faits-divers-justice\/2025\/11\/13\/javascript:Didomi.notice.show()\" class=\"consentModule_cmp\" target=\"_blank\" rel=\"noopener\">G\u00e9rer mes choix<\/a>&#13;\n        <\/p>\n<p>&#13;<br \/>\n                        J&rsquo;accepte&#13;<br \/>\n            J&rsquo;accepte tous les cookies&#13;\n        <\/p>\n<p>Selon la police, l\u2019homme est \u00e2g\u00e9 de 50 ans, mesure 1,70 m et pr\u00e9sente une corpulence normale. Il a les cheveux mi-longs ch\u00e2tains et les yeux verts. Il porte plusieurs tatouages, notamment sur la main gauche entre l\u2019index et le pouce, au coude gauche, \u00e0 l\u2019\u00e9paule gauche et sur la poitrine.<\/p>\n<p>Les forces de l\u2019ordre invitent toute personne susceptible de fournir des informations \u00e0 contacter rapidement les enqu\u00eateurs de la brigade d\u2019atteinte aux personnes au 03 90 23 13 05.<\/p>\n","protected":false},"excerpt":{"rendered":"La Police nationale du Bas-Rhin a lanc\u00e9 un appel \u00e0 t\u00e9moins pour retrouver un homme d\u2019une cinquantaine d\u2019ann\u00e9es,&hellip;\n","protected":false},"author":2,"featured_media":532133,"comment_status":"","ping_status":"","sticky":false,"template":"","format":"standard","meta":{"footnotes":""},"categories":[2820],"tags":[1111,11,3676,2880,1777,674,274,107,1011,27,775,12,25,640],"class_list":{"0":"post-532132","1":"post","2":"type-post","3":"status-publish","4":"format-standard","5":"has-post-thumbnail","7":"category-strasbourg","8":"tag-actu","9":"tag-actualites","10":"tag-disparition-inquietante","11":"tag-edition-strasbourg","12":"tag-eu","13":"tag-europe","14":"tag-faits-divers-justice","15":"tag-fil-info","16":"tag-fr","17":"tag-france","18":"tag-grand-est","19":"tag-news","20":"tag-republique-francaise","21":"tag-strasbourg"},"share_on_mastodon":{"url":"https:\/\/pubeurope.com\/@fr\/115544374865451791","error":""},"_links":{"self":[{"href":"https:\/\/www.europesays.com\/fr\/wp-json\/wp\/v2\/posts\/532132","targetHints":{"allow":["GET"]}}],"collection":[{"href":"https:\/\/www.europesays.com\/fr\/wp-json\/wp\/v2\/posts"}],"about":[{"href":"https:\/\/www.europesays.com\/fr\/wp-json\/wp\/v2\/types\/post"}],"author":[{"embeddable":true,"href":"https:\/\/www.europesays.com\/fr\/wp-json\/wp\/v2\/users\/2"}],"replies":[{"embeddable":true,"href":"https:\/\/www.europesays.com\/fr\/wp-json\/wp\/v2\/comments?post=532132"}],"version-history":[{"count":0,"href":"https:\/\/www.europesays.com\/fr\/wp-json\/wp\/v2\/posts\/532132\/revisions"}],"wp:featuredmedia":[{"embeddable":true,"href":"https:\/\/www.europesays.com\/fr\/wp-json\/wp\/v2\/media\/532133"}],"wp:attachment":[{"href":"https:\/\/www.europesays.com\/fr\/wp-json\/wp\/v2\/media?parent=532132"}],"wp:term":[{"taxonomy":"category","embeddable":true,"href":"https:\/\/www.europesays.com\/fr\/wp-json\/wp\/v2\/categories?post=532132"},{"taxonomy":"post_tag","embeddable":true,"href":"https:\/\/www.europesays.com\/fr\/wp-json\/wp\/v2\/tags?post=532132"}],"curies":[{"name":"wp","href":"https:\/\/api.w.org\/{rel}","templated":true}]}}