{"id":532134,"date":"2025-11-13T20:53:12","date_gmt":"2025-11-13T20:53:12","guid":{"rendered":"https:\/\/www.europesays.com\/fr\/532134\/"},"modified":"2025-11-13T20:53:12","modified_gmt":"2025-11-13T20:53:12","slug":"water-polo-une-sortie-a-soigner-pour-le-team-strasbourg-oppose-a-douai","status":"publish","type":"post","link":"https:\/\/www.europesays.com\/fr\/532134\/","title":{"rendered":"Water-polo. Une sortie \u00e0 soigner pour le Team Strasbourg, oppos\u00e9 \u00e0 Douai"},"content":{"rendered":"<p>En t\u00eate au tableau d\u2019affichage \u00e0 quatre minutes du buzzer, le Team Strasbourg a flirt\u00e9 avec un authentique exploit, il y a deux semaines dans le bassin marseillais. Les hommes d\u2019Olivier Chandieu, pourtant priv\u00e9s de Sasa Misic et Pierre Chandieu jusqu\u2019\u00e0 la tr\u00eave, ont conc\u00e9d\u00e9 le but d\u00e9cisif \u00e0\u2026 deux secondes du gong, l\u2019\u0153uvre de la star phoc\u00e9enne, Thomas Vernoux (18-17).<\/p>\n<p>\u00ab\u00a0C&rsquo;est une prestation \u00e0 la fois frustrante et encourageante, retient Steven Vitrant, le deuxi\u00e8me&#8230;<\/p>\n","protected":false},"excerpt":{"rendered":"En t\u00eate au tableau d\u2019affichage \u00e0 quatre minutes du buzzer, le Team Strasbourg a flirt\u00e9 avec un authentique&hellip;\n","protected":false},"author":2,"featured_media":532135,"comment_status":"","ping_status":"","sticky":false,"template":"","format":"standard","meta":{"footnotes":""},"categories":[2820],"tags":[1111,11,2880,1777,674,1011,27,775,12,25,517,640,2879,43653,7488],"class_list":{"0":"post-532134","1":"post","2":"type-post","3":"status-publish","4":"format-standard","5":"has-post-thumbnail","7":"category-strasbourg","8":"tag-actu","9":"tag-actualites","10":"tag-edition-strasbourg","11":"tag-eu","12":"tag-europe","13":"tag-fr","14":"tag-france","15":"tag-grand-est","16":"tag-news","17":"tag-republique-francaise","18":"tag-sport","19":"tag-strasbourg","20":"tag-strasbourg-ville","21":"tag-team-strasbourg","22":"tag-water-polo"},"share_on_mastodon":{"url":"","error":""},"_links":{"self":[{"href":"https:\/\/www.europesays.com\/fr\/wp-json\/wp\/v2\/posts\/532134","targetHints":{"allow":["GET"]}}],"collection":[{"href":"https:\/\/www.europesays.com\/fr\/wp-json\/wp\/v2\/posts"}],"about":[{"href":"https:\/\/www.europesays.com\/fr\/wp-json\/wp\/v2\/types\/post"}],"author":[{"embeddable":true,"href":"https:\/\/www.europesays.com\/fr\/wp-json\/wp\/v2\/users\/2"}],"replies":[{"embeddable":true,"href":"https:\/\/www.europesays.com\/fr\/wp-json\/wp\/v2\/comments?post=532134"}],"version-history":[{"count":0,"href":"https:\/\/www.europesays.com\/fr\/wp-json\/wp\/v2\/posts\/532134\/revisions"}],"wp:featuredmedia":[{"embeddable":true,"href":"https:\/\/www.europesays.com\/fr\/wp-json\/wp\/v2\/media\/532135"}],"wp:attachment":[{"href":"https:\/\/www.europesays.com\/fr\/wp-json\/wp\/v2\/media?parent=532134"}],"wp:term":[{"taxonomy":"category","embeddable":true,"href":"https:\/\/www.europesays.com\/fr\/wp-json\/wp\/v2\/categories?post=532134"},{"taxonomy":"post_tag","embeddable":true,"href":"https:\/\/www.europesays.com\/fr\/wp-json\/wp\/v2\/tags?post=532134"}],"curies":[{"name":"wp","href":"https:\/\/api.w.org\/{rel}","templated":true}]}}