{"id":532156,"date":"2025-11-13T21:04:11","date_gmt":"2025-11-13T21:04:11","guid":{"rendered":"https:\/\/www.europesays.com\/fr\/532156\/"},"modified":"2025-11-13T21:04:11","modified_gmt":"2025-11-13T21:04:11","slug":"4-start-up-recompensees-a-marseille","status":"publish","type":"post","link":"https:\/\/www.europesays.com\/fr\/532156\/","title":{"rendered":"4 start-up r\u00e9compens\u00e9es \u00e0 Marseille"},"content":{"rendered":"<p>La deuxi\u00e8me \u00e9dition des <a href=\"https:\/\/www.laprovence.com\/article\/region\/328604471670114\/shipping-logistique-medias-sept-start-up-primees-pour-leurs-solutions-innovantes\" target=\"_blank\" rel=\"noopener\">CMA CGM start-up awards qui a d\u00e9but\u00e9 ce jeudi 13\u00a0novembre<\/a> a confirm\u00e9 l\u2019attractivit\u00e9 et le dynamisme de ce concours international d\u2019innovation, qui a re\u00e7u plus de 200\u00a0candidatures venues du monde entier. Parmi elles, 42\u00a0start-up finalistes ont \u00e9t\u00e9 s\u00e9lectionn\u00e9es pour pr\u00e9senter ce jeudi leurs solutions devant un jury d\u2019experts du groupe CMA\u00a0CGM (propri\u00e9taire de La\u00a0Provence), <a href=\"https:\/\/www.laprovence.com\/article\/economie\/95608111645529\/l-intelligence-artificielle-n-est-ni-bonne-ni-mauvaise-anne-bouverot-voix-de-lelysee-plaide-pour-une-ia-respectueuse-de-nos-valeurs\" target=\"_blank\" rel=\"noopener\">lors de l\u2019Artificial Intelligence Marseille (AIM)<\/a>, le plus grand \u00e9v\u00e9nement fran\u00e7ais d\u00e9di\u00e9 \u00e0 l\u2019intelligence artificielle, r\u00e9unissant pr\u00e8s de 4\u00a0500\u00a0participants.<\/p>\n<p>Ce concours vise \u00e0 faire \u00e9merger des solutions innovantes pour r\u00e9pondre \u00e0 quatre grands d\u00e9fis strat\u00e9giques du groupe : la pr\u00e9vision des al\u00e9as et le suivi intelligent du transport, le transport s\u00e9curis\u00e9 et conforme des marchandises dangereuses, la robotique humano\u00efde en entrep\u00f4t, et la diversification et la mon\u00e9tisation de l\u2019exp\u00e9rience m\u00e9dia.<\/p>\n<p>Quatre innovations \u00e0 fort impact s\u00e9lectionn\u00e9es parmi 200\u00a0candidatures<\/p>\n<p>Les quatre laur\u00e9ats de cette \u00e9dition se distinguent par l\u2019originalit\u00e9 et le potentiel de leurs solutions\u00a0: Airudit, dirig\u00e9e par Philippe\u00a0Lebas, d\u00e9veloppe une IA vocale capable d\u2019interagir avec diff\u00e9rents syst\u00e8mes pour mieux antici&#8230;<\/p>\n","protected":false},"excerpt":{"rendered":"La deuxi\u00e8me \u00e9dition des CMA CGM start-up awards qui a d\u00e9but\u00e9 ce jeudi 13\u00a0novembre a confirm\u00e9 l\u2019attractivit\u00e9 et&hellip;\n","protected":false},"author":2,"featured_media":532157,"comment_status":"","ping_status":"","sticky":false,"template":"","format":"standard","meta":{"footnotes":""},"categories":[2814],"tags":[17,1111,11,54725,33847,10184,33,1777,674,1011,27,884,12,882,65196,25,675],"class_list":{"0":"post-532156","1":"post","2":"type-post","3":"status-publish","4":"format-standard","5":"has-post-thumbnail","7":"category-marseille","8":"tag-17","9":"tag-actu","10":"tag-actualites","11":"tag-awards","12":"tag-cgm","13":"tag-cma","14":"tag-economie","15":"tag-eu","16":"tag-europe","17":"tag-fr","18":"tag-france","19":"tag-marseille","20":"tag-news","21":"tag-provence-alpes-cote-dazur","22":"tag-recompensees","23":"tag-republique-francaise","24":"tag-start-up"},"share_on_mastodon":{"url":"https:\/\/pubeurope.com\/@fr\/115544422124939242","error":""},"_links":{"self":[{"href":"https:\/\/www.europesays.com\/fr\/wp-json\/wp\/v2\/posts\/532156","targetHints":{"allow":["GET"]}}],"collection":[{"href":"https:\/\/www.europesays.com\/fr\/wp-json\/wp\/v2\/posts"}],"about":[{"href":"https:\/\/www.europesays.com\/fr\/wp-json\/wp\/v2\/types\/post"}],"author":[{"embeddable":true,"href":"https:\/\/www.europesays.com\/fr\/wp-json\/wp\/v2\/users\/2"}],"replies":[{"embeddable":true,"href":"https:\/\/www.europesays.com\/fr\/wp-json\/wp\/v2\/comments?post=532156"}],"version-history":[{"count":0,"href":"https:\/\/www.europesays.com\/fr\/wp-json\/wp\/v2\/posts\/532156\/revisions"}],"wp:featuredmedia":[{"embeddable":true,"href":"https:\/\/www.europesays.com\/fr\/wp-json\/wp\/v2\/media\/532157"}],"wp:attachment":[{"href":"https:\/\/www.europesays.com\/fr\/wp-json\/wp\/v2\/media?parent=532156"}],"wp:term":[{"taxonomy":"category","embeddable":true,"href":"https:\/\/www.europesays.com\/fr\/wp-json\/wp\/v2\/categories?post=532156"},{"taxonomy":"post_tag","embeddable":true,"href":"https:\/\/www.europesays.com\/fr\/wp-json\/wp\/v2\/tags?post=532156"}],"curies":[{"name":"wp","href":"https:\/\/api.w.org\/{rel}","templated":true}]}}