{"id":532168,"date":"2025-11-13T21:11:12","date_gmt":"2025-11-13T21:11:12","guid":{"rendered":"https:\/\/www.europesays.com\/fr\/532168\/"},"modified":"2025-11-13T21:11:12","modified_gmt":"2025-11-13T21:11:12","slug":"les-femmes-doivent-pouvoir-se-sentir-en-securite-apres-des-viols-dans-les-vtc-uber-lance-un-service-denregistrement","status":"publish","type":"post","link":"https:\/\/www.europesays.com\/fr\/532168\/","title":{"rendered":"\u00ab Les femmes doivent pouvoir se sentir en s\u00e9curit\u00e9 \u00bb : apr\u00e8s des viols dans les VTC, Uber lance un service d\u2019enregistrement"},"content":{"rendered":"<p class=\"paragraph text_align_left lp-f-body-02\">\u00ab Toutes les femmes se sentent vuln\u00e9rables dans les <a href=\"https:\/\/www.leparisien.fr\/info-paris-ile-de-france-oise\/transports\/\" target=\"_blank\" rel=\"noreferrer noopener\">transports<\/a>, et les VTC (Heetch, Bolt, Uber) sont cens\u00e9s leur apporter de la s\u00e9curit\u00e9. Malheureusement, les incidents sont fr\u00e9quents, et les plates-formes ont une politique tr\u00e8s in\u00e9gale pour les pr\u00e9venir et traiter \u00bb, d\u00e9plore Yna\u00e9e Benaben, directrice g\u00e9n\u00e9rale d\u2019En avant toutes, association de lutte contre les violences sexuelles et sexistes.<\/p>\n","protected":false},"excerpt":{"rendered":"\u00ab Toutes les femmes se sentent vuln\u00e9rables dans les transports, et les VTC (Heetch, Bolt, Uber) sont cens\u00e9s&hellip;\n","protected":false},"author":2,"featured_media":532169,"comment_status":"","ping_status":"","sticky":false,"template":"","format":"standard","meta":{"footnotes":""},"categories":[1888],"tags":[1111,1928,11,1927,1777,674,1011,27,1944,12,1926,626,1925,25,104,2382],"class_list":{"0":"post-532168","1":"post","2":"type-post","3":"status-publish","4":"format-standard","5":"has-post-thumbnail","7":"category-paris","8":"tag-actu","9":"tag-actu-paris","10":"tag-actualites","11":"tag-actualites-paris","12":"tag-eu","13":"tag-europe","14":"tag-fr","15":"tag-france","16":"tag-ma-ville","17":"tag-news","18":"tag-news-paris","19":"tag-paris","20":"tag-paris-news","21":"tag-republique-francaise","22":"tag-societe","23":"tag-transport-idf-oise"},"share_on_mastodon":{"url":"https:\/\/pubeurope.com\/@fr\/115544449682793914","error":""},"_links":{"self":[{"href":"https:\/\/www.europesays.com\/fr\/wp-json\/wp\/v2\/posts\/532168","targetHints":{"allow":["GET"]}}],"collection":[{"href":"https:\/\/www.europesays.com\/fr\/wp-json\/wp\/v2\/posts"}],"about":[{"href":"https:\/\/www.europesays.com\/fr\/wp-json\/wp\/v2\/types\/post"}],"author":[{"embeddable":true,"href":"https:\/\/www.europesays.com\/fr\/wp-json\/wp\/v2\/users\/2"}],"replies":[{"embeddable":true,"href":"https:\/\/www.europesays.com\/fr\/wp-json\/wp\/v2\/comments?post=532168"}],"version-history":[{"count":0,"href":"https:\/\/www.europesays.com\/fr\/wp-json\/wp\/v2\/posts\/532168\/revisions"}],"wp:featuredmedia":[{"embeddable":true,"href":"https:\/\/www.europesays.com\/fr\/wp-json\/wp\/v2\/media\/532169"}],"wp:attachment":[{"href":"https:\/\/www.europesays.com\/fr\/wp-json\/wp\/v2\/media?parent=532168"}],"wp:term":[{"taxonomy":"category","embeddable":true,"href":"https:\/\/www.europesays.com\/fr\/wp-json\/wp\/v2\/categories?post=532168"},{"taxonomy":"post_tag","embeddable":true,"href":"https:\/\/www.europesays.com\/fr\/wp-json\/wp\/v2\/tags?post=532168"}],"curies":[{"name":"wp","href":"https:\/\/api.w.org\/{rel}","templated":true}]}}