{"id":532174,"date":"2025-11-13T21:14:12","date_gmt":"2025-11-13T21:14:12","guid":{"rendered":"https:\/\/www.europesays.com\/fr\/532174\/"},"modified":"2025-11-13T21:14:12","modified_gmt":"2025-11-13T21:14:12","slug":"lancien-president-georgien-emprisonne-saakachvili-demande-a-lukraine-de-linclure-dans-un-echange-de-prisonniers-avec-la-russie","status":"publish","type":"post","link":"https:\/\/www.europesays.com\/fr\/532174\/","title":{"rendered":"L&rsquo;ancien pr\u00e9sident g\u00e9orgien emprisonn\u00e9 Saakachvili demande \u00e0 l\u2019Ukraine de l&rsquo;inclure dans un \u00e9change de prisonniers avec la Russie"},"content":{"rendered":"<p>\n    Le pr\u00e9sident ukrainien avait pr\u00e9c\u00e9demment appel\u00e9 la G\u00e9orgie \u00e0 envoyer Mikhe\u00efl Saakachvili en Ukraine pour y \u00eatre soign\u00e9, une demande qui a \u00e9t\u00e9 rejet\u00e9e par les autorit\u00e9s g\u00e9orgiennes.<\/p>\n<p class=\"fig-paragraph\">L&rsquo;ancien pr\u00e9sident g\u00e9orgien emprisonn\u00e9\u00a0<a href=\"http:\/\/www.lefigaro.fr\/flash-actu\/la-georgie-a-arrete-l-ex-president-mikheil-saakachvili-a-son-retour-d-exil-20211001\" target=\"_blank\" data-fig-type=\"NewsFlash\" rel=\"noopener nofollow\" data-gtm-custom-categorie=\"navigation\" data-gtm-custom-action=\"crossclick\" data-gtm-custom-label=\"Contextuel\" data-gtm-event=\"customEventSPE\" data-fig-domain=\"LEFIGARO\">Mikhe\u00efl Saakachvili<\/a>, qui poss\u00e8de aussi la nationalit\u00e9 ukrainienne, a demand\u00e9 jeudi au pr\u00e9sident ukrainien\u00a0<a href=\"http:\/\/www.lefigaro.fr\/international\/c-est-tres-important-volodymyr-zelensky-salue-les-sanctions-americaines-et-europeennes-contre-la-russie-20251023\" target=\"_blank\" data-fig-type=\"NewsFlash\" rel=\"noopener nofollow\" data-gtm-custom-categorie=\"navigation\" data-gtm-custom-action=\"crossclick\" data-gtm-custom-label=\"Contextuel\" data-gtm-event=\"customEventSPE\" data-fig-domain=\"LEFIGARO\">Volodymyr Zelensky<\/a>\u00a0de l&rsquo;inclure dans un \u00e9change de prisonniers avec la Russie. L&rsquo;ancien dirigeant pro-occidental de la G\u00e9orgie, en fonction entre 2004 et 2013, a obtenu un passeport ukrainien en 2015, alors qu&rsquo;il occupait le poste de gouverneur de la r\u00e9gion d&rsquo;Odessa pendant environ un an et demi.<\/p>\n<p class=\"fig-paragraph\">Mikhe\u00efl Saakachvili a demand\u00e9 \u00e0 Volodymyr Zelensky de l&rsquo;inclure \u00abdans la liste des prisonniers civils de cette guerre, avec les cons\u00e9quences juridiques correspondantes\u00bb, affirmant qu&rsquo;il \u00e9tait \u00abill\u00e9galement d\u00e9tenu par le r\u00e9gime prorusse en G\u00e9orgie\u00bb, dans un message publi\u00e9 sur Facebook.<\/p>\n<p>                                    <a class=\"fig-a11y-skip a11y-hidden\" href=\"#fig-a11y-skip-main-inarticle\"><br \/>\n        Passer la publicit\u00e9<br \/>\n    <\/a><\/p>\n<p>\u00abAccus\u00e9 de sabotage\u00bb<\/p>\n<p class=\"fig-paragraph\">La semaine derni\u00e8re, le parquet a inculp\u00e9 Mikhe\u00efl Saakachvili de tentative de coup d&rsquo;\u00c9tat, une accusation qui pourrait prolonger son s\u00e9jour derri\u00e8re les barreaux. Dans son message, l&rsquo;ex-pr\u00e9sident g\u00e9orgien a d\u00e9clar\u00e9 qu&rsquo;il \u00e9tait \u00abaccus\u00e9 de sabotage en faveur d&rsquo;un \u00c9tat \u00e9tranger hostile\u00bb dans le cadre de cette nouvelle inculpation, ajoutant que le dossier mentionnait Volodymyr Zelensky. Le pr\u00e9sident ukrainien avait pr\u00e9c\u00e9demment appel\u00e9 la G\u00e9orgie \u00e0 envoyer Mikhe\u00efl Saakachvili en Ukraine pour y \u00eatre soign\u00e9, une demande qui a \u00e9t\u00e9 rejet\u00e9e par les autorit\u00e9s g\u00e9orgiennes.<\/p>\n<p class=\"fig-paragraph\">Mercredi, Mikhe\u00efl Saakachvili, 57 ans, a \u00e9t\u00e9 transf\u00e9r\u00e9 d&rsquo;une clinique priv\u00e9e vers une prison pour continuer \u00e0 purger sa peine, qu&rsquo;il a d\u00e9nonc\u00e9e comme \u00e9tant motiv\u00e9e par des raisons politiques. Auparavant, il avait \u00e9t\u00e9 d\u00e9tenu pendant trois ans \u00e0 la clinique Vivamedi de Tbilissi, o\u00f9 il \u00e9tait soign\u00e9 apr\u00e8s une gr\u00e8ve de la faim de 50 jours. Mikhe\u00efl Saakachvili, qui avait men\u00e9 la r\u00e9volution pacifique des Roses en 2003 et a dirig\u00e9 la G\u00e9orgie pendant la guerre de 2008 avec la Russie, a \u00e9t\u00e9 arr\u00eat\u00e9 en octobre 2021 peu apr\u00e8s son retour d&rsquo;exil en Ukraine. Les relations entre Kiev et Tbilissi sont rest\u00e9es ti\u00e8des \u00e0 son propos, et la G\u00e9orgie a adopt\u00e9 une position prudente sur la guerre et n&rsquo;a pas rejoint la coalition occidentale soutenant l&rsquo;Ukraine.<\/p>\n","protected":false},"excerpt":{"rendered":"Le pr\u00e9sident ukrainien avait pr\u00e9c\u00e9demment appel\u00e9 la G\u00e9orgie \u00e0 envoyer Mikhe\u00efl Saakachvili en Ukraine pour y \u00eatre soign\u00e9,&hellip;\n","protected":false},"author":2,"featured_media":532175,"comment_status":"","ping_status":"","sticky":false,"template":"","format":"standard","meta":{"footnotes":""},"categories":[1591],"tags":[11,1887,12337,12,1885,1886,132],"class_list":{"0":"post-532174","1":"post","2":"type-post","3":"status-publish","4":"format-standard","5":"has-post-thumbnail","7":"category-russie","8":"tag-actualites","9":"tag-federation-de-russie","10":"tag-georgie","11":"tag-news","12":"tag-russia","13":"tag-russian-federation","14":"tag-russie"},"share_on_mastodon":{"url":"https:\/\/pubeurope.com\/@fr\/115544461735889255","error":""},"_links":{"self":[{"href":"https:\/\/www.europesays.com\/fr\/wp-json\/wp\/v2\/posts\/532174","targetHints":{"allow":["GET"]}}],"collection":[{"href":"https:\/\/www.europesays.com\/fr\/wp-json\/wp\/v2\/posts"}],"about":[{"href":"https:\/\/www.europesays.com\/fr\/wp-json\/wp\/v2\/types\/post"}],"author":[{"embeddable":true,"href":"https:\/\/www.europesays.com\/fr\/wp-json\/wp\/v2\/users\/2"}],"replies":[{"embeddable":true,"href":"https:\/\/www.europesays.com\/fr\/wp-json\/wp\/v2\/comments?post=532174"}],"version-history":[{"count":0,"href":"https:\/\/www.europesays.com\/fr\/wp-json\/wp\/v2\/posts\/532174\/revisions"}],"wp:featuredmedia":[{"embeddable":true,"href":"https:\/\/www.europesays.com\/fr\/wp-json\/wp\/v2\/media\/532175"}],"wp:attachment":[{"href":"https:\/\/www.europesays.com\/fr\/wp-json\/wp\/v2\/media?parent=532174"}],"wp:term":[{"taxonomy":"category","embeddable":true,"href":"https:\/\/www.europesays.com\/fr\/wp-json\/wp\/v2\/categories?post=532174"},{"taxonomy":"post_tag","embeddable":true,"href":"https:\/\/www.europesays.com\/fr\/wp-json\/wp\/v2\/tags?post=532174"}],"curies":[{"name":"wp","href":"https:\/\/api.w.org\/{rel}","templated":true}]}}