{"id":532176,"date":"2025-11-13T21:15:28","date_gmt":"2025-11-13T21:15:28","guid":{"rendered":"https:\/\/www.europesays.com\/fr\/532176\/"},"modified":"2025-11-13T21:15:28","modified_gmt":"2025-11-13T21:15:28","slug":"en-direct-france-ukraine-1-0-mbappe-ouvre-le-score-les-bleus-a-un-pas-du-mondial","status":"publish","type":"post","link":"https:\/\/www.europesays.com\/fr\/532176\/","title":{"rendered":"EN DIRECT &#8211; France-Ukraine (1-0) : Mbapp\u00e9 ouvre le score, les Bleus \u00e0 un pas du Mondial"},"content":{"rendered":"<ul class=\"jsx-862013697 ArticleChapo__List\">\n<li class=\"jsx-862013697 ArticleChapo__List_Item flex\">L&rsquo;\u00e9quipe de France re\u00e7oit l&rsquo;Ukraine ce jeudi 13 novembre au Parc des Princes, \u00e0 l&rsquo;occasion de la 5\u1d49 journ\u00e9e des \u00e9liminatoires du Mondial 2026.<\/li>\n<li class=\"jsx-862013697 ArticleChapo__List_Item flex\">En cas de succ\u00e8s, les Bleus d\u00e9crocheront officiellement leur place pour l&rsquo;Am\u00e9rique.<\/li>\n<li class=\"jsx-862013697 ArticleChapo__List_Item flex\">Suivez cette rencontre d\u00e8s 20h45 en direct sur TF1, en streaming sur TF1+ et en live comment\u00e9 sur TF1info.<\/li>\n<\/ul>\n<p><img decoding=\"async\" src=\"https:\/\/www.europesays.com\/fr\/wp-content\/uploads\/2025\/05\/parc-des-princes-huis-clos-61dd24-0@1x.jpeg\" alt=\"Le parc des Princes, vide, ne sera pas rempli avant le mois de septembre\" loading=\"lazy\" importance=\"low\" fetchpriority=\"low\" class=\"\"\/>EN COURS<\/p>\n<p class=\"jsx-1738046559 ScoreBoard__SubTitle\">\u00c9liminatoires de la Coupe du monde 2026<\/p>\n<p class=\"jsx-1738046559 ScoreBoard__SubTitle\">Le 13 novembre 2025 , Parc des Princes<\/p>\n<p class=\"jsx-1738046559 ScoreBoard__Teams__NameA\">France<\/p>\n<p class=\"jsx-1738046559 ScoreBoard__Teams__NameB\">Ukraine<\/p>\n<p><img decoding=\"async\" src=\"https:\/\/www.europesays.com\/fr\/wp-content\/uploads\/2025\/10\/logo-france-uefa-709836-0@1x.png\" alt=\"\" loading=\"eager\" importance=\"low\" fetchpriority=\"low\" class=\"\"\/><\/p>\n<p>1 &#8211; 0<\/p>\n<p><img decoding=\"async\" src=\"https:\/\/www.europesays.com\/fr\/wp-content\/uploads\/2025\/11\/logo-ukraine-uefa-39315a-0@1x.png\" alt=\"\" loading=\"eager\" importance=\"low\" fetchpriority=\"low\" class=\"\"\/><\/p>\n<p>Par Actions<\/p>\n<p>ChangementButCarton jaunePenaltyRepriseReplayMi-tempsStatistiquesCoup d&rsquo;envoi<\/p>\n<p>Valider les filtresR\u00e9initialiser les filtres<\/p>\n<p>Minute par minuteFiltrer par Temps forts, Sports et ActionsFiltrer69&rsquo;22:13<\/p>\n<p><strong>La frappe d&rsquo;Akliouche !<\/strong> Lanc\u00e9 en profondeur, le Mon\u00e9gasque bute sur Trubin.<\/p>\n<p>67&rsquo;22:12<\/p>\n<p>Double changement pour l&rsquo;\u00e9quipe de France. Sorties de Bradley Barcola et Rayan Cherki, entr\u00e9es de Maghnes Akliouche et Hugo Ekitik\u00e9.<\/p>\n<p>65&rsquo;22:09<\/p>\n<p>Nouvelle tentative lointaine de Kylian Mbapp\u00e9. Elle est d\u00e9vi\u00e9e par la d\u00e9fense ukrainienne.<\/p>\n<p>64&rsquo;22:08<\/p>\n<p>\u00c7a bouge sur le banc ukrainien. Ocheretko est remplac\u00e9 par Shaparenko, tandis que Vanat prend la place de Hutusuliak.<\/p>\n<p>63&rsquo;22:07<\/p>\n<p><strong>La frappe de Mbapp\u00e9 ! <\/strong>Elle est capt\u00e9e au sol par Trubin. Les Bleus poussent pour doubler la mise.<\/p>\n<p>59&rsquo;22:03<\/p>\n<p>Jules Kound\u00e9 tente une reprise de vol\u00e9e sur un centre de Bradley Barcola&#8230; Ce n&rsquo;est pas cadr\u00e9.<\/p>\n<p>58&rsquo;22:03<\/p>\n<p><strong>La frappe de Kylian Mbapp\u00e9 ! <\/strong>Du pointu, le capitaine tricolore manque le cadre sur son face-\u00e0-face avec Trubin.<\/p>\n<p>57&rsquo;22:01<\/p>\n<p>\u00c0 cet instant, la France est qualifi\u00e9e pour la Coupe du monde 2026.<\/p>\n<ol>\n<li>France, 13 points<\/li>\n<li>Islande, 7 points<\/li>\n<li>Ukraine, 7 points<\/li>\n<li>Azerba\u00efdjan, 1 point<\/li>\n<\/ol>\n<p>55&rsquo;22:00<\/p>\n<p><strong>BUUUUUUUUUT POUR LA FRANCE !!! Sur une superbe panenka, Kylian Mbapp\u00e9 ouvre le score pour les Bleus. 1-0 !<\/strong><\/p>\n<p>54&rsquo;21:58<\/p>\n<p>Mykhavko est averti pour sa semelle sur Olise.<\/p>\n<p>53&rsquo;21:58<\/p>\n<p><strong>P\u00e9nalty pour la France ! Michael Olise s&rsquo;\u00e9croule dans la surface.<\/strong><\/p>\n<p>52&rsquo;21:56<\/p>\n<p>L&rsquo;arbitre se dirige vers son \u00e9cran vid\u00e9o&#8230; Pas de p\u00e9nalty pour l&rsquo;Ukraine ! Les Bleus peuvent souffler.<\/p>\n<p>50&rsquo;21:54<\/p>\n<p>L&rsquo;arbitre slov\u00e8ne discute avec la VAR. Y a-t-il p\u00e9nalty pour l&rsquo;Ukraine ?<\/p>\n<p>49&rsquo;21:53<\/p>\n<p>Nazaryna s&rsquo;\u00e9croule dans la surface fran\u00e7aise apr\u00e8s un contact avec Upamecano. L&rsquo;arbitre ne siffle rien.<\/p>\n<p>47&rsquo;21:51<\/p>\n<p>Michael Olise manque compl\u00e8tement un bon coup-franc excentr\u00e9 pour les Bleus.<\/p>\n<p>21:49<\/p>\n<p><strong>C&rsquo;est reparti \u00e0 Paris ! L&rsquo;Ukraine donne le coup d&rsquo;envoi de ces 45 derni\u00e8res minutes.<\/strong><\/p>\n<p>MI-TEMPS21:49<\/p>\n<p>\u00ab\u00a0Il faut insister, il y a une grosse densit\u00e9 sur peu de p\u00e9rim\u00e8tre, on s&rsquo;en doutait\u00a0\u00bb, r\u00e9agit le s\u00e9lectionneur Didier Deschamps au micro de TF1. \u00ab\u00a0Il faut qu&rsquo;on fasse plus et que l&rsquo;on mette plus de vitesse et de percussion. Ce n&rsquo;est pas \u00e9vident, mais il faut insister.\u00a0\u00bb<\/p>\n<p>21:45<\/p>\n<p>C&rsquo;est la plus belle occasion de la premi\u00e8re p\u00e9riode : Bradley Barcola a trouv\u00e9 le poteau. Revivez sa frappe en vid\u00e9o.<\/p>\n<p>France &#8211; Ukraine : voir la belle frappe de Bradley BarcolaSource : Football &#8211; Matchs Equipe de France<\/p>\n<p><img decoding=\"async\" src=\"https:\/\/photos.tf1info.fr\/images\/383\/215\/voir-la-belle-frappe-de-bradley-barcola-d2f21f-d69573-0@1x.jpeg\" alt=\"France - Ukraine : voir la belle frappe de Bradley Barcola\" loading=\"lazy\" importance=\"low\" fetchpriority=\"low\" class=\"\"\/><img decoding=\"async\" src=\"https:\/\/www.tf1info.fr\/images\/icons\/player-logo-play.svg\" alt=\"Logo lecture\" class=\"jsx-d0de44c05fe3042c PlayerLazyload__Play\"\/>21:34<\/p>\n<p><strong>C&rsquo;est la pause au Parc des Princes ! Malgr\u00e9 une nette domination dans la possession, les Bleus butent sur le mur ukrainien (0-0). Pour l&rsquo;heure, les Bleus ne sont pas encore qualifi\u00e9s pour la Coupe du monde 2026.<\/strong><\/p>\n<p>45&rsquo;+121:33<\/p>\n<p>Michael Olise est accroch\u00e9 dans la surface ukrainienne. Pas de faute, estime l&rsquo;arbitre.<\/p>\n<p>45&rsquo;21:32<\/p>\n<p>\u231a Deux minutes de temps additionnel dans ce premier acte.<\/p>\n<p>42&rsquo;21:29<\/p>\n<p><strong>Le poteau pour les Bleus !<\/strong> La frappe de Bradley Barcola est d\u00e9vi\u00e9e sur son montant par Trubin.<\/p>\n<p>41&rsquo;21:27<\/p>\n<p>65% de possession de balle pour l&rsquo;\u00e9quipe de France dans cette premi\u00e8re p\u00e9riode. D\u00e9j\u00e0 8 tirs pour les Bleus, 0 pour l&rsquo;Ukraine.<\/p>\n<p>40&rsquo;21:26<\/p>\n<p>Nouvelle combinaison entre Mbapp\u00e9 et Cherki \u00e0 l&rsquo;entr\u00e9e de la surface ukrainienne. Sans succ\u00e8s.<\/p>\n<p>38&rsquo;21:25<\/p>\n<p>Centre puissant de Cherki alors que tous les Ukrainiens sont dans leur surface de r\u00e9paration&#8230; L&rsquo;ancien Lyonnais ne trouve personne.<\/p>\n<p>36&rsquo;21:23<\/p>\n<p>Michael Olise tente de trouver Kylian Mbapp\u00e9 en profondeur, lui qui attendait le ballon dans les pieds. Les Bleus ne trouvent pas la faille.<\/p>\n<p>34&rsquo;21:21<\/p>\n<p>Michael Olise puis Kylian Mbapp\u00e9 h\u00e9sitent \u00e0 tenter leur chance \u00e0 30 m\u00e8tres des buts ukrainiens. Le ballon est finalement perdu.<\/p>\n<p>31&rsquo;21:17<\/p>\n<p>Manu Kon\u00e9 est averti apr\u00e8s un tacle non ma\u00eetris\u00e9 sur Yaremchuk. Il sera suspendu en Azerba\u00efdjan, dimanche.<\/p>\n<p>29&rsquo;21:16<\/p>\n<p>Les Bleus ne parviennent pas \u00e0 percer le bloc ukrainien, qui \u00e9volue bas devant son but. Pour l&rsquo;heure, l&rsquo;\u00e9quipe de France ne valide pas son billet pour la Coupe du monde.<\/p>\n<p>27&rsquo;21:14<\/p>\n<p>Accrochage de Manu Kon\u00e9 avec&#8230; l&rsquo;arbitre de la rencontre. Slavko Vincic s&rsquo;excuse d&rsquo;avoir \u00e9t\u00e9 sur la trajectoire du milieu fran\u00e7ais.<\/p>\n<p>26&rsquo;21:12<\/p>\n<p>Remise de Mbapp\u00e9 vers Cherki qui tente sa chance&#8230; Ce n&rsquo;est pas cadr\u00e9.<\/p>\n<p>23&rsquo;21:09<\/p>\n<p>Barcola est trouv\u00e9 en profondeur dans son couloir gauche et tente de trouver Mbapp\u00e9 en retrait&#8230; La d\u00e9fense ukrainienne intervient.<\/p>\n<p>19&rsquo;21:05<\/p>\n<p>Au tour d&rsquo;Ocheretko de rester au sol apr\u00e8s un contact avec Kound\u00e9.<\/p>\n<p>18&rsquo;21:04<\/p>\n<p>Le corner de Michael Olise file directement en sortie de but.<\/p>\n<p>17&rsquo;21:04<\/p>\n<p><strong>La frappe de Kylian Mbapp\u00e9 ! <\/strong>Elle oblige Trubin \u00e0 se d\u00e9tendre sur sa gauche.<\/p>\n<p>16&rsquo;21:02<\/p>\n<p>Un tifo bleu-blanc-rouge et une banderole \u00ab\u00a0\u00c0 nos 132 \u00e9toiles du 13 novembre\u00a0\u00bb sont visibles dans les tribunes du Parc des Princes. Le public reprend La Marseillaise.<\/p>\n<p>21:01<\/p>\n<p>Revivez l&rsquo;hommage du Parc des Princes aux victimes des attentats du 13 novembre 2015.<\/p>\n<p>France &#8211; Ukraine : l&rsquo;\u00e9mouvant hommage aux victimes des attentats du 13 novembreSource : Football &#8211; Matchs Equipe de France<\/p>\n<p><img decoding=\"async\" src=\"https:\/\/photos.tf1info.fr\/images\/383\/215\/lemouvant-hommage-aux-victimes-des-attentats-du-13-novembre-41daac-171c33-0@1x.jpeg\" alt=\"France - Ukraine : l'\u00e9mouvant hommage aux victimes des attentats du 13 novembre\" loading=\"lazy\" importance=\"low\" fetchpriority=\"low\" class=\"\"\/><img decoding=\"async\" src=\"https:\/\/www.tf1info.fr\/images\/icons\/player-logo-play.svg\" alt=\"Logo lecture\" class=\"jsx-d0de44c05fe3042c PlayerLazyload__Play\"\/>13&rsquo;21:00<\/p>\n<p>La frappe du droit de Rayan Cherki s&rsquo;envole dans le ciel parisien. Les Bleus doivent encore r\u00e9gler la mire.<\/p>\n<p>12&rsquo;20:58<\/p>\n<p>Kylian Mbapp\u00e9 est trouv\u00e9 dans la profondeur, mais manque son contr\u00f4le. L&rsquo;attaquant du Real Madrid \u00e9tait de toute fa\u00e7on hors-jeu.<\/p>\n<p>10&rsquo;20:56<\/p>\n<p>L&rsquo;\u00e9quipe de France prive totalement l&rsquo;Ukraine de ballon. La possession est bleue.<\/p>\n<p>8&rsquo;20:54<\/p>\n<p>Kound\u00e9 d\u00e9boule sur le c\u00f4t\u00e9 droit et offre un premier corner aux Bleus.<\/p>\n<p>7&rsquo;20:53<\/p>\n<p>Mykhavko reste au sol apr\u00e8s avoir re\u00e7u le ballon dans la t\u00eate sur une tentative de Cherki. Les soigneurs interviennent.<\/p>\n<p>5&rsquo;20:52<\/p>\n<p>Au tour de Kylian Mbapp\u00e9 de tenter sa chance depuis l&rsquo;ext\u00e9rieur de la surface. Le capitaine tricolore est contr\u00e9.<\/p>\n<p>4&rsquo;20:51<\/p>\n<p>Apr\u00e8s une combinaison entre Cherki et Barcola sur le c\u00f4t\u00e9 gauche, Olise tente sa chance&#8230; C&rsquo;est dans les gants de Trubin.<\/p>\n<p>2&rsquo;20:48<\/p>\n<p>L&rsquo;Ukraine est la premi\u00e8re \u00e9quipe \u00e0 mettre la pression. Les hommes en jaune s&rsquo;installent dans le camp bleu.<\/p>\n<p>20:47<\/p>\n<p><strong>C&rsquo;est parti au Parc des Princes ! Kylian Mbapp\u00e9 et Rayan Cherki donnent le coup d&rsquo;envoi de ce match d\u00e9cisif.<\/strong><\/p>\n<p>AVANT-MATCH20:45<\/p>\n<p>Une minute de recueillement est respect\u00e9e en hommage aux victimes des attentats du 13 novembre 2015. Une banderole \u00ab\u00a0Football for peace\u00a0\u00bb (le football pour la paix) est plac\u00e9e dans le rond central. La devise de la ville de Paris est affich\u00e9e sur les \u00e9crans g\u00e9ants du Parc des Princes.<\/p>\n<p>AVANT-MATCH20:38<\/p>\n<p>Les 22 acteurs entrent sur la pelouse du Parc des Princes. Place aux hymnes nationaux.<\/p>\n<p>AVANT-MATCH20:15<\/p>\n<p>Un match pas vraiment comme les autres. Le souvenir du 13 novembre 2015 sera pr\u00e9sent au Parc des Princes pendant et juste avant la rencontre, avec plusieurs hommages pr\u00e9vus. Il y a dix ans, c&rsquo;est au Stade de France, o\u00f9 la premi\u00e8re explosion avait eu lieu, que les Bleus avaient v\u00e9cu cette soir\u00e9e d&rsquo;horreur.<\/p>\n<p>France-Ukraine : 10 ans apr\u00e8s le 13-Novembre, l&rsquo;\u00e9motion sur le terrainSource : TF1 Info<\/p>\n<p><img decoding=\"async\" src=\"https:\/\/www.europesays.com\/fr\/wp-content\/uploads\/2025\/11\/france-ukraine-10-ans-apres-le-13-novembre-l-emotion-sur-le-terrain-6e9a6b-0@1x.jpeg\" alt=\"France-Ukraine : 10 ans apr\u00e8s le 13-Novembre, l'\u00e9motion sur le terrain\" loading=\"lazy\" importance=\"low\" fetchpriority=\"low\" class=\"\"\/><img decoding=\"async\" src=\"https:\/\/www.tf1info.fr\/images\/icons\/player-logo-play.svg\" alt=\"Logo lecture\" class=\"jsx-d0de44c05fe3042c PlayerLazyload__Play\"\/><\/p>\n<p>Voir plus<\/p>\n<p>AVANT-MATCH20:00<\/p>\n<p>L&rsquo;\u00e9quipe de France peut valider d\u00e8s ce soir son billet pour la Coupe du monde 2026. Voici comment.<\/p>\n<p>Sports<img decoding=\"async\" src=\"https:\/\/www.europesays.com\/fr\/wp-content\/uploads\/2025\/11\/equipe-de-france-septembre-2025-5a01ee-0@1x.jpeg\" alt=\"L'\u00e9quipe de France de football, le 9 septembre 2025.\" loading=\"lazy\" importance=\"low\" fetchpriority=\"low\" class=\"\" aria-hidden=\"true\"\/>Publi\u00e9 aujourd&rsquo;hui \u00e0 18h00AVANT-MATCH19:55<\/p>\n<p>Dans l&rsquo;autre match du groupe, l&rsquo;Islande vient de s&rsquo;imposer (2-0) face \u00e0 l&rsquo;Azerba\u00efdjan.<\/p>\n<p>Le classement de la poule :<\/p>\n<ol>\n<li>France, 10 points<\/li>\n<li>Islande, 7 points (+1 match)<\/li>\n<li>Ukraine, 7 points<\/li>\n<li>Azerba\u00efdjan, 1 point (+1 match)<\/li>\n<\/ol>\n<p>COMPOSITION19:45<\/p>\n<p>C\u00f4t\u00e9 ukrainien, le d\u00e9fenseur parisien Illia Zabarnyi est titulaire, brassard de capitaine autour du bras.<\/p>\n<p><strong>Le onze de d\u00e9part de l&rsquo;Ukraine : Trubin &#8211; Karavaiev, Zabarnyi, Svatok, Mykhavko, Mykhailichenko &#8211; Ocheretko, Yarmoliuk, Nazaryna &#8211; Hutsuliak, Yaremchuk.<\/strong><\/p>\n<p>COMPOSITION19:32<\/p>\n<p>Didier Deschamps a d\u00e9cid\u00e9 d&rsquo;aligner Rayan Cherki derri\u00e8re Kylian Mbapp\u00e9, tandis que N&rsquo;Golo Kant\u00e9 et Manu Kon\u00e9 formeront le milieu de terrain.<\/p>\n<p><strong>Le onze de d\u00e9part de la France : Maignan &#8211; Kound\u00e9, Saliba, Upamecano, Digne &#8211; Kant\u00e9, Kon\u00e9 &#8211; Olise, Cherki, Barcola &#8211; Mbapp\u00e9 (capitaine).<\/strong><\/p>\n<blockquote data-testid=\"EmbedTwitter\" id=\"tweet-1989039587126309275-:Rech6j98pd6j979m:\" class=\"jsx-aeff1a1c40f54d7a twitter-tweet flex justify-center items-center\"><p>\ud835\ude47\ud835\ude5a \ud835\ude53\ud835\ude44 \ud835\ude69\ud835\ude67\ud835\ude5e\ud835\ude58\ud835\ude64\ud835\ude61\ud835\ude64\ud835\ude67\ud835\ude5a pour aller chercher la qualification \ud83d\udcaa  \ud83c\uddeb\ud83c\uddf7\ud83c\uddfa\ud83c\udde6 Coup d\u2019envoi \u00e0 20h45 sur  @TF1 \ud83d\udcfa  #FRAUKR pic.twitter.com\/qxoIPVlAaN \u2014 Equipe de France \u2b50\u2b50 (@equipedefrance)  November 13, 2025<\/p><\/blockquote>\n<p>AVANT-MATCH19:30<\/p>\n<p>Les Bleus sont arriv\u00e9s au Parc des Princes.<\/p>\n<blockquote data-testid=\"EmbedTwitter\" id=\"tweet-1989035239537345001-:Recl6j98pd6j979m:\" class=\"jsx-aeff1a1c40f54d7a twitter-tweet flex justify-center items-center\"><p>Ils sont l\u00e0\u2026 et ils sont pr\u00eats \ud83d\ude24  \ud83c\uddeb\ud83c\uddf7\ud83c\uddfa\ud83c\udde6  #FRAUKR pic.twitter.com\/q54Xzmabt9 \u2014 Equipe de France \u2b50\u2b50 (@equipedefrance)  November 13, 2025<\/p><\/blockquote>\n<p>AVANT-MATCH19:20<\/p>\n<p>Didier Deschamps pr\u00e9sentait il y a une semaine la liste des joueurs appel\u00e9s en \u00e9quipe de France pour le rassemblement de novembre. Red\u00e9couvrez-la.<\/p>\n<p>Sports<img decoding=\"async\" src=\"https:\/\/www.europesays.com\/fr\/wp-content\/uploads\/2025\/11\/didier-deschamps-football-equipe-de-france-septembre-2024-7fe5f1-0@1x.jpeg\" alt=\"Coupe du monde 2026 : d\u00e9couvrez la liste des Bleus pour la fin des \u00e9liminatoires\" loading=\"lazy\" importance=\"low\" fetchpriority=\"low\" class=\"\" aria-hidden=\"true\"\/>Publi\u00e9 le 6 novembre 2025 \u00e0 14h06AVANT-MATCH19:15<\/p>\n<p>Les Bleus retrouvent le Parc des Princes, o\u00f9 ils ont d\u00e9j\u00e0 disput\u00e9 leurs deux matchs des \u00e9liminatoires \u00e0 domicile. Avec deux succ\u00e8s au compteur.<\/p>\n<blockquote data-testid=\"EmbedTwitter\" id=\"tweet-1988974688929018100-:Rect6j98pd6j979m:\" class=\"jsx-aeff1a1c40f54d7a twitter-tweet flex justify-center items-center\"><p>\ud835\udc0b\u2019\ud835\udc1e\u0301\ud835\udc2a\ud835\udc2e\ud835\udc22\ud835\udc29\ud835\udc1e \ud835\udc1e\ud835\udc2c\ud835\udc2d \ud835\udc29\ud835\udc2b\ud835\udc1e\u0302\ud835\udc2d\ud835\udc1e pour ce soir \ud83d\udc4a \ud83c\uddeb\ud83c\uddf7\ud83c\uddfa\ud83c\udde6 \u00e0 20h45 sur TF1  pic.twitter.com\/C5karwRJnG \u2014 Equipe de France \u2b50\u2b50 (@equipedefrance)  November 13, 2025<\/p><\/blockquote>\n<p>13-NOVEMBRE, L&rsquo;HOMMAGE19:00<\/p>\n<p>Le pr\u00e9sident de la F\u00e9d\u00e9ration fran\u00e7aise de football, Philippe Diallo, a particip\u00e9 ce jeudi matin au premier hommage aux victimes des attentats du 13 novembre 2015 qui s&rsquo;est tenu devant le Stade de France.<\/p>\n<blockquote data-testid=\"EmbedTwitter\" id=\"tweet-1988999796875514030-:Red16j98pd6j979m:\" class=\"jsx-aeff1a1c40f54d7a twitter-tweet flex justify-center items-center\"><p>Ce jeudi, un hommage organis\u00e9 par la Ville de Saint-Denis a \u00e9t\u00e9 rendu aux victimes des attentats du 13 novembre 2015 devant le Stade de France, en pr\u00e9sence notamment d&rsquo; @EmmanuelMacron et de  @PhilippeDiallo .  https:\/\/t.co\/1NnEf8l0YK \u2014 FFF (@FFF)  November 13, 2025<\/p><\/blockquote>\n<p>13-NOVEMBRE, L&rsquo;HOMMAGE18:55<\/p>\n<p>Pr\u00e9sent en conf\u00e9rence de presse mercredi, le capitaine Kylian Mbapp\u00e9 a fait \u00e9tat \u00ab\u00a0d&rsquo;une journ\u00e9e sp\u00e9ciale\u00a0\u00bb. \u00ab\u00a0On voulait avoir une pens\u00e9e pour toutes les personnes qui ont perdu leurs proches, qui ont pu \u00eatre touch\u00e9es, bless\u00e9es, que ce soit mentalement ou physiquement\u00a0\u00bb lors des attentats du 13-Novembre, a-t-il d\u00e9clar\u00e9. \u00ab\u00a0On va essayer de rendre hommage \u00e0 toutes ces personnes, durant la journ\u00e9e, pendant le match, en essayant de mettre des sourires sur le visage des personnes qui vont venir au stade, m\u00eame si on sait que ce n&rsquo;est pas une journ\u00e9e joyeuse.\u00a0\u00bb<\/p>\n<p>13-NOVEMBRE, L&rsquo;HOMMAGE18:50<\/p>\n<p>Aucun des 16 joueurs pr\u00e9sents sur la feuille de match du France-Allemagne, le 13 novembre 2015 au Stade de France, n&rsquo;est actuellement pr\u00e9sent en \u00e9quipe de France. Le s\u00e9lectionneur Didier Deschamps, lui, \u00e9tait l\u00e0.<\/p>\n<p>\u00ab\u00a0Nous avons tous ce devoir de m\u00e9moire\u00a0\u00bb, d\u00e9clare-t-il au micro de TF1. \u00ab\u00a0J&rsquo;ai beaucoup de r\u00e9serve par rapport aux familles qui ont perdu des \u00eatres chers. J&rsquo;y \u00e9tais, comme beaucoup de membres du staff. Nous ne pouvons qu&rsquo;apporter notre soutien et notre compassion.\u00a0\u00bb<\/p>\n<p>13-NOVEMBRE, L&rsquo;HOMMAGE18:10<\/p>\n<p>Une minute de recueillement, un tifo, une banderole, les familles de victimes invit\u00e9es, le stadier h\u00e9ro\u00efque du Stade de France pr\u00e9sent&#8230; De nombreux hommages sont pr\u00e9vus ce soir, 10 ans apr\u00e8s les attentats du 13-Novembre.<\/p>\n<p>18:00<\/p>\n<p>Bonsoir et bienvenue sur TF1info pour suivre le match des \u00e9liminatoires de la Coupe du monde entre la France et l&rsquo;Ukraine. Le coup d&rsquo;envoi sera donn\u00e9 \u00e0 20h45, au Parc des Princes, par l&rsquo;arbitre slov\u00e8ne Slavko Vincic. \u00c0 suivre sur TF1 et <a href=\"https:\/\/www.tf1.fr\/tf1\/direct\" target=\"_blank\" rel=\"noopener\">TF1+ (nouvelle fen\u00eatre)<\/a>.<\/p>\n<p data-module=\"article-paragraph\" class=\"jsx-3046738180 Paragraph Paragraph__End\">La qualification n&rsquo;attend plus. Un mois apr\u00e8s avoir <a href=\"https:\/\/www.tf1info.fr\/sport\/direct-islande-france-live-football-tf1-video-sans-mbappe-les-bleus-qualifies-pour-la-coupe-du-monde-2026-des-ce-soir-2400330.html\" target=\"_blank\" rel=\"noopener\">manqu\u00e9 de d\u00e9crocher son billet (nouvelle fen\u00eatre)<\/a> pour la Coupe du monde 2026, l&rsquo;\u00e9quipe de France a une nouvelle possibilit\u00e9 de valider son voyage de l&rsquo;autre c\u00f4t\u00e9 de l&rsquo;Atlantique l&rsquo;\u00e9t\u00e9 prochain. Ce jeudi 13 novembre, \u00e0 partir de 20h45 (en direct sur TF1 et en streaming sur <a href=\"https:\/\/www.tf1.fr\/tf1\/direct\" target=\"_blank\" rel=\"noopener\">TF1+ (nouvelle fen\u00eatre)<\/a>), les Bleus ont l&rsquo;opportunit\u00e9 de se qualifier pour leur 15\u1d49 phase finale cons\u00e9cutive, <a href=\"https:\/\/www.tf1info.fr\/actualite\/foot-football-edf-le-selectionneur-didier-deschamps-quittera-l-equipe-de-france-en-2026-la-fin-d-une-ere-13857\/\" target=\"_blank\" rel=\"noopener\">la derni\u00e8re pour Didier Deschamps \u00e0 la t\u00eate de la s\u00e9lection<\/a>.<\/p>\n<p>\u00ab\u00a0Des choses bien plus importantes\u00a0\u00bb en ce 13 novembre<\/p>\n<p data-module=\"article-paragraph\" class=\"jsx-3046738180 Paragraph Paragraph__End\">Pour cela, une seule solution : battre l&rsquo;Ukraine <a href=\"https:\/\/www.tf1info.fr\/sport\/football-mondial-2026-france-islande-pourquoi-le-match-se-jouera-t-il-au-parc-des-princes-2393524.html\" target=\"_blank\" rel=\"noopener\">au Parc des Princes<\/a>. Les Tricolores, 10 points sur 12 possibles au compteur, disposent de trois longueurs d&rsquo;avance sur leurs adversaires du soir, et six sur l&rsquo;Islande. En cas de succ\u00e8s, ils ne pourraient donc plus \u00eatre rattrap\u00e9s et seraient bien pr\u00e9sents lors du tirage au sort du 5 d\u00e9cembre prochain (\u00e0 suivre en live comment\u00e9 sur TF1info). En revanche, en cas de nul ou de d\u00e9faite, tout se jouera lors de l&rsquo;ultime sortie des Bleus, dimanche 16 novembre en Azerba\u00efdjan (18h sur TF1, TF1+ et TF1info).<\/p>\n<p data-module=\"article-paragraph\" class=\"jsx-3046738180 Paragraph Paragraph__End\">\u00ab\u00a0On a conscience de l&rsquo;importance du match\u00a0\u00bb, a insist\u00e9 mercredi Didier Deschamps devant la presse. \u00ab\u00a0La qualification d\u00e9pend de nous.\u00a0\u00bb M\u00eame si l&rsquo;issue de la soir\u00e9e est positive, elle ne devrait pas \u00eatre franchement festive pour des Bleus qui auraient pr\u00e9f\u00e9r\u00e9 <a href=\"https:\/\/www.tf1info.fr\/sport\/france-ukraine-13-novembre-2025-si-on-avait-pu-eviter-didier-deschamps-regrette-la-date-du-match-2405172.html\" target=\"_blank\" rel=\"noopener\">ne pas fouler les pelouses un 13 novembre<\/a>, une d\u00e9cennie jour pour jour apr\u00e8s les attentats de Paris et Saint-Denis. \u00ab\u00a0Il y a des choses bien plus importantes\u00a0\u00bb qu&rsquo;une \u00ab\u00a0qualification \u00e0 la Coupe du monde\u00a0\u00bb, a d&rsquo;ailleurs insist\u00e9 le capitaine <a href=\"https:\/\/www.tf1info.fr\/actualite\/fiche-joueur-kylian-mbappe-11796\/\" target=\"_blank\" rel=\"noopener\">Kylian Mbapp\u00e9<\/a>.<\/p>\n<p data-module=\"article-paragraph\" class=\"jsx-3046738180 Paragraph Paragraph__End\"><strong>Suivez la rencontre d\u00e9cisive des \u00e9liminatoires de la Coupe du monde 2026 entre la France et l&rsquo;Ukraine d\u00e8s 20h45 en direct sur TF1, en streaming sur TF1+ et en live comment\u00e9 avec vid\u00e9os des meilleurs moments du match sur TF1info.<\/strong><\/p>\n<p>Id\u00e8r NABILI<\/p>\n<p><script async src=\"https:\/\/platform.twitter.com\/widgets.js\" charset=\"utf-8\"><\/script><\/p>\n","protected":false},"excerpt":{"rendered":"L&rsquo;\u00e9quipe de France re\u00e7oit l&rsquo;Ukraine ce jeudi 13 novembre au Parc des Princes, \u00e0 l&rsquo;occasion de la 5\u1d49&hellip;\n","protected":false},"author":2,"featured_media":532177,"comment_status":"","ping_status":"","sticky":false,"template":"","format":"standard","meta":{"footnotes":""},"categories":[1590],"tags":[1111,11,1921,49847,24277,20532,64,6713,1777,674,63,1922,6477,12,199,220,133,4712],"class_list":{"0":"post-532176","1":"post","2":"type-post","3":"status-publish","4":"format-standard","5":"has-post-thumbnail","7":"category-ukraine","8":"tag-actu","9":"tag-actualites","10":"tag-article-video","11":"tag-coupe-du-monde-2026-de-football","12":"tag-coupe-du-monde-de-football","13":"tag-didier-deschamps","14":"tag-equipe-de-france","15":"tag-equipe-de-france-de-football","16":"tag-eu","17":"tag-europe","18":"tag-football","19":"tag-info","20":"tag-kylian-mbappe","21":"tag-news","22":"tag-tf1","23":"tag-ukraine","24":"tag-video","25":"tag-video-sports"},"share_on_mastodon":{"url":"https:\/\/pubeurope.com\/@fr\/115544466405457134","error":""},"_links":{"self":[{"href":"https:\/\/www.europesays.com\/fr\/wp-json\/wp\/v2\/posts\/532176","targetHints":{"allow":["GET"]}}],"collection":[{"href":"https:\/\/www.europesays.com\/fr\/wp-json\/wp\/v2\/posts"}],"about":[{"href":"https:\/\/www.europesays.com\/fr\/wp-json\/wp\/v2\/types\/post"}],"author":[{"embeddable":true,"href":"https:\/\/www.europesays.com\/fr\/wp-json\/wp\/v2\/users\/2"}],"replies":[{"embeddable":true,"href":"https:\/\/www.europesays.com\/fr\/wp-json\/wp\/v2\/comments?post=532176"}],"version-history":[{"count":0,"href":"https:\/\/www.europesays.com\/fr\/wp-json\/wp\/v2\/posts\/532176\/revisions"}],"wp:featuredmedia":[{"embeddable":true,"href":"https:\/\/www.europesays.com\/fr\/wp-json\/wp\/v2\/media\/532177"}],"wp:attachment":[{"href":"https:\/\/www.europesays.com\/fr\/wp-json\/wp\/v2\/media?parent=532176"}],"wp:term":[{"taxonomy":"category","embeddable":true,"href":"https:\/\/www.europesays.com\/fr\/wp-json\/wp\/v2\/categories?post=532176"},{"taxonomy":"post_tag","embeddable":true,"href":"https:\/\/www.europesays.com\/fr\/wp-json\/wp\/v2\/tags?post=532176"}],"curies":[{"name":"wp","href":"https:\/\/api.w.org\/{rel}","templated":true}]}}