{"id":532182,"date":"2025-11-13T21:18:17","date_gmt":"2025-11-13T21:18:17","guid":{"rendered":"https:\/\/www.europesays.com\/fr\/532182\/"},"modified":"2025-11-13T21:18:17","modified_gmt":"2025-11-13T21:18:17","slug":"lallemagne-accelere-sur-lelectricite-pour-relancer-son-economie","status":"publish","type":"post","link":"https:\/\/www.europesays.com\/fr\/532182\/","title":{"rendered":"L\u2019Allemagne acc\u00e9l\u00e8re sur l&rsquo;\u00e9lectricit\u00e9 pour relancer son \u00e9conomie"},"content":{"rendered":"<p>\n    De 2026 \u00e0 2028, l\u2019industrie allemande va b\u00e9n\u00e9ficier d\u2019une r\u00e9duction \u00abd\u2019environ cinq centimes d\u2019euro par kilowattheure\u00bb du prix de l\u2019\u00e9lectricit\u00e9, a annonc\u00e9 Friedrich Merz lors d\u2019un point presse.<\/p>\n<p class=\"fig-paragraph\">L&rsquo;industrie allemande va b\u00e9n\u00e9ficier d&rsquo;un tarif d&rsquo;<a href=\"http:\/\/www.lefigaro.fr\/conjoncture\/dossier\/prix-de-l-energie-tout-savoir-sur-les-consequences-de-la-guerre-en-ukraine\" target=\"_blank\" data-fig-type=\"Topic\" rel=\"noopener nofollow\" data-gtm-custom-categorie=\"navigation\" data-gtm-custom-action=\"crossclick\" data-gtm-custom-label=\"Contextuel\" data-gtm-event=\"customEventSPE\" data-fig-domain=\"LEFIGARO\">\u00e9lectricit\u00e9<\/a>\u00a0pr\u00e9f\u00e9rentiel pendant les trois prochaines ann\u00e9es, a annonc\u00e9 jeudi le chancelier\u00a0<a href=\"http:\/\/www.lefigaro.fr\/international\/six-mois-a-la-tete-de-l-allemagne-les-paradoxes-de-friedrich-merz-20251105\" target=\"_blank\" data-fig-type=\"Article\" rel=\"noopener nofollow\" data-gtm-custom-categorie=\"navigation\" data-gtm-custom-action=\"crossclick\" data-gtm-custom-label=\"Contextuel\" data-gtm-event=\"customEventSPE\" data-fig-domain=\"LEFIGARO\">Friedrich Merz<\/a>, dont la coalition pr\u00e9voit aussi la construction de nouvelles centrales \u00e9lectriques au gaz. De 2026 \u00e0 2028, l&rsquo;industrie allemande va b\u00e9n\u00e9ficier d&rsquo;une r\u00e9duction \u00abd&rsquo;environ cinq centimes d&rsquo;euro par kilowattheure\u00bb du prix de l&rsquo;\u00e9lectricit\u00e9, a annonc\u00e9 Friedrich Merz lors d&rsquo;un point presse, \u00e0 l&rsquo;issue de la r\u00e9union du comit\u00e9 de coalition.<\/p>\n<p class=\"fig-paragraph\">Pour soutenir la comp\u00e9titivit\u00e9 des entreprises fortement consommatrices d&rsquo;\u00e9nergie, de la chimie \u00e0 l&rsquo;acier en passant par l&rsquo;automobile, la coalition entre conservateurs et sociaux-d\u00e9mocrates s&rsquo;est donn\u00e9 comme priorit\u00e9 de r\u00e9duire le prix de l&rsquo;\u00e9lectricit\u00e9 en Allemagne, qui a fortement augment\u00e9 dans la foul\u00e9e de la guerre en Ukraine et reste jusqu&rsquo;\u00e0 trois fois plus \u00e9lev\u00e9 qu&rsquo;en Chine ou aux \u00c9tats-Unis.<\/p>\n<p>                                    <a class=\"fig-a11y-skip a11y-hidden\" href=\"#fig-a11y-skip-main-inarticle\"><br \/>\n        Passer la publicit\u00e9<br \/>\n    <\/a><\/p>\n<p>\u00abEntre 3 et 5 milliards\u00bb d\u2019euros<\/p>\n<p class=\"fig-paragraph\">Le ministre des Finances Lars Klingbeil a \u00e9valu\u00e9 le co\u00fbt de cette mesure \u00e0 \u00abentre 3 et 5 milliards\u00bb d&rsquo;euros, qui seront financ\u00e9s par le fonds sp\u00e9cial \u00abClimat et Transformation\u00bb. Si Berlin a \u00abbesoin d&rsquo;un feu vert d\u00e9finitif\u00bb de Bruxelles, il estime que \u00abtous les signaux sont au vert\u00bb pour pouvoir \u00abmettre en oeuvre cette mesure d\u00e8s le 1er janvier 2026\u00bb.<\/p>\n<p class=\"fig-paragraph\">La coalition s&rsquo;est \u00e9galement entendue sur une \u00abstrat\u00e9gie pour les centrales \u00e9lectriques\u00bb comprenant la construction de centrales au gaz, afin que \u00ables besoins en \u00e9lectricit\u00e9 en Allemagne soient couverts m\u00eame lorsque le vent et le soleil ne sont pas disponibles\u00bb, a annonc\u00e9 Friedrich Merz. Ces centrales \u00e9lectriques au gaz seront \u00abcon\u00e7ues de mani\u00e8re \u00e0 pouvoir utiliser de l&rsquo;hydrog\u00e8ne et \u00e0 \u00eatre conformes aux objectifs de d\u00e9carbonation d&rsquo;ici 2045 au plus tard\u00bb, a-t-il pr\u00e9cis\u00e9.<\/p>\n<p class=\"fig-paragraph\">Les nouvelles installations, dont la capacit\u00e9 globale doit atteindre de 8 \u00e0 10 gigawatts, feront l&rsquo;objet d&rsquo;un appel d&rsquo;offres d\u00e8s 2026, pour une mise en service esp\u00e9r\u00e9e \u00abd&rsquo;ici 2031\u00bb, a ajout\u00e9 le chancelier. L\u00e0 aussi, l&rsquo;accord de l&rsquo;UE est n\u00e9cessaire mais le gouvernement allemand esp\u00e8re \u00abconclure rapidement les discussions\u00bb, a-t-il dit.<\/p>\n","protected":false},"excerpt":{"rendered":"De 2026 \u00e0 2028, l\u2019industrie allemande va b\u00e9n\u00e9ficier d\u2019une r\u00e9duction \u00abd\u2019environ cinq centimes d\u2019euro par kilowattheure\u00bb du prix&hellip;\n","protected":false},"author":2,"featured_media":532183,"comment_status":"","ping_status":"","sticky":false,"template":"","format":"standard","meta":{"footnotes":""},"categories":[1587],"tags":[11,672,1804,1805,1803,33,1777,674,1801,12,1802],"class_list":{"0":"post-532182","1":"post","2":"type-post","3":"status-publish","4":"format-standard","5":"has-post-thumbnail","7":"category-allemagne","8":"tag-actualites","9":"tag-allemagne","10":"tag-bundesrepublik-deutschland","11":"tag-de","12":"tag-deutschland","13":"tag-economie","14":"tag-eu","15":"tag-europe","16":"tag-germany","17":"tag-news","18":"tag-republique-federale-dallemagne"},"share_on_mastodon":{"url":"https:\/\/pubeurope.com\/@fr\/115544477205724211","error":""},"_links":{"self":[{"href":"https:\/\/www.europesays.com\/fr\/wp-json\/wp\/v2\/posts\/532182","targetHints":{"allow":["GET"]}}],"collection":[{"href":"https:\/\/www.europesays.com\/fr\/wp-json\/wp\/v2\/posts"}],"about":[{"href":"https:\/\/www.europesays.com\/fr\/wp-json\/wp\/v2\/types\/post"}],"author":[{"embeddable":true,"href":"https:\/\/www.europesays.com\/fr\/wp-json\/wp\/v2\/users\/2"}],"replies":[{"embeddable":true,"href":"https:\/\/www.europesays.com\/fr\/wp-json\/wp\/v2\/comments?post=532182"}],"version-history":[{"count":0,"href":"https:\/\/www.europesays.com\/fr\/wp-json\/wp\/v2\/posts\/532182\/revisions"}],"wp:featuredmedia":[{"embeddable":true,"href":"https:\/\/www.europesays.com\/fr\/wp-json\/wp\/v2\/media\/532183"}],"wp:attachment":[{"href":"https:\/\/www.europesays.com\/fr\/wp-json\/wp\/v2\/media?parent=532182"}],"wp:term":[{"taxonomy":"category","embeddable":true,"href":"https:\/\/www.europesays.com\/fr\/wp-json\/wp\/v2\/categories?post=532182"},{"taxonomy":"post_tag","embeddable":true,"href":"https:\/\/www.europesays.com\/fr\/wp-json\/wp\/v2\/tags?post=532182"}],"curies":[{"name":"wp","href":"https:\/\/api.w.org\/{rel}","templated":true}]}}