{"id":532197,"date":"2025-11-13T21:27:19","date_gmt":"2025-11-13T21:27:19","guid":{"rendered":"https:\/\/www.europesays.com\/fr\/532197\/"},"modified":"2025-11-13T21:27:19","modified_gmt":"2025-11-13T21:27:19","slug":"atp-djokovic-ne-veut-pas-dire-quil-est-le-meilleur-de-tous-les-temps-sports","status":"publish","type":"post","link":"https:\/\/www.europesays.com\/fr\/532197\/","title":{"rendered":"ATP : Djokovic ne veut pas dire qu&rsquo;il est le meilleur de tous les temps : Sports"},"content":{"rendered":"<p class=\"date\">\n                                                            Emmanuel LANGELLIER, Media365 : publi\u00e9 le jeudi 13 novembre 2025 \u00e0 21h10\n                                                    <\/p>\n<p>Questionn\u00e9 sur le d\u00e9bat du GOAT, Novak Djokovic a refus\u00e9 de se mettre en avant.<\/p>\n<p>Apr\u00e8s Cristiano Ronaldo, Piers Morgan a recueilli les propos de Novak Djokovic durant plus d&rsquo;une heure sur sa cha\u00eene YouTube. Le journaliste britannique a \u00e9voqu\u00e9 de nombreux sujets avec le Serbe qui vient de <a href=\"https:\/\/sports.orange.fr\/tennis\/atp\/article\/atp-athenes-djokovic-sacre-aux-depens-de-musetti-CNT000002lDiBT.html\" rel=\"nofollow noopener\" target=\"_blank\"> remporter le 101e titre de sa carri\u00e8re \u00e0 Ath\u00e8nes<\/a> et de renoncer aux Finales ATP disput\u00e9es \u00e0 Turin. Dans cet entretien long format disponible depuis mardi, le Serbe a <a href=\"https:\/\/sports.orange.fr\/tennis\/atp\/article\/atp-djokovic-doute-de-pouvoir-encore-gagner-un-grand-chelem-CNT000002lGvGG.html\" rel=\"nofollow noopener\" target=\"_blank\"> exprim\u00e9 ses doutes sur sa capacit\u00e9 \u00e0 pouvoir gagner un autre tournoi du Grand Chelem <\/a>.<\/p>\n<p>\u00ab Je ne vais pas dire si je suis le plus grand joueur de tous les temps \u00bb<\/p>\n<p>L&rsquo;ancien num\u00e9ro 1 mondial a \u00e9galement donn\u00e9 son avis sur sa rivalit\u00e9 avec Carlos Alcaraz et Jannik Sinner, les deux meilleurs joueurs actuels de la plan\u00e8te : \u00ab Avoir \u00e9t\u00e9 le joueur dominant pendant 20 ans et maintenant \u00eatre domin\u00e9 par Sinner et Alcaraz, c&rsquo;est difficile \u00e0 accepter. Je savais que cela pouvait arriver et c&rsquo;est dans la nature des choses. Ils sont super pour notre sport, avec leurs matches \u00e9piques comme \u00e0 Roland-Garros cette ann\u00e9e. \u00bb<\/p>\n<p>\u00c2g\u00e9 de 38 ans, Novak Djokovic, laur\u00e9at de 24 Grands Chelems &#8211; soit 2 de plus que Rafael Nadal et 4 de plus que Roger Federer &#8211; a aussi \u00e9videmment \u00e9t\u00e9 interrog\u00e9 sur le plus grand joueur de tous les temps, le fameux GOAT (Greatest Of All Time). Il n&rsquo;a pas voulu dire qu&rsquo;il \u00e9tait ce fameux \u00e9l\u00e9ment, restant modeste. \u00ab Je ne vais pas dire si je suis le plus grand joueur de tous les temps, ce serait irrespectueux pour les champions qui ont trac\u00e9 le chemin pour moi, Nadal, Federer et tous les autres. Rod Laver, Borg, McEnroe, ils ont cr\u00e9\u00e9 l&rsquo;histoire du tennis que l&rsquo;on aime aujourd&rsquo;hui \u00bb, a d&rsquo;abord dit \u00ab Djoko \u00bb.<\/p>\n<p>\u00ab Je ne me sens pas confortable avec le fait de parler de moi comme le plus grand \u00bb<\/p>\n<p>\u00ab C&rsquo;est tellement difficile de comparer les \u00e9poques, parce que le tennis a v\u00e9cu une telle transformation en 20 ans : les raquettes, les balles, les surfaces, le fitness, le staff autour de soi. (&#8230;) Je ne me sens pas confortable avec le fait de parler de moi comme le plus grand. Je me consid\u00e8re comme un \u00e9tudiant du jeu et je respecte l&rsquo;histoire de ce sport et ceux qui l&rsquo;ont faite. Certains ont \u00e9t\u00e9 mes coachs, comme Boris Becker, qui fait partie de ma famille. Je pr\u00e9f\u00e8re laisser cette discussion aux autres m\u00eame si je suis fier d&rsquo;en faire partie. \u00bb Si Djokovic d\u00e9croche un 25e Majeur en 2026 \u00e0 38 ou 39 ans (il les aura le 22 mai), le d\u00e9bat risque fort d&rsquo;\u00eatre d\u00e9finitivement r\u00e9gl\u00e9.<\/p>\n","protected":false},"excerpt":{"rendered":"Emmanuel LANGELLIER, Media365 : publi\u00e9 le jeudi 13 novembre 2025 \u00e0 21h10 Questionn\u00e9 sur le d\u00e9bat du GOAT,&hellip;\n","protected":false},"author":2,"featured_media":532198,"comment_status":"","ping_status":"","sticky":false,"template":"","format":"standard","meta":{"footnotes":""},"categories":[1415],"tags":[1011,27,60,1467],"class_list":{"0":"post-532197","1":"post","2":"type-post","3":"status-publish","4":"format-standard","5":"has-post-thumbnail","7":"category-tennis","8":"tag-fr","9":"tag-france","10":"tag-sports","11":"tag-tennis"},"share_on_mastodon":{"url":"https:\/\/pubeurope.com\/@fr\/115544512497777071","error":""},"_links":{"self":[{"href":"https:\/\/www.europesays.com\/fr\/wp-json\/wp\/v2\/posts\/532197","targetHints":{"allow":["GET"]}}],"collection":[{"href":"https:\/\/www.europesays.com\/fr\/wp-json\/wp\/v2\/posts"}],"about":[{"href":"https:\/\/www.europesays.com\/fr\/wp-json\/wp\/v2\/types\/post"}],"author":[{"embeddable":true,"href":"https:\/\/www.europesays.com\/fr\/wp-json\/wp\/v2\/users\/2"}],"replies":[{"embeddable":true,"href":"https:\/\/www.europesays.com\/fr\/wp-json\/wp\/v2\/comments?post=532197"}],"version-history":[{"count":0,"href":"https:\/\/www.europesays.com\/fr\/wp-json\/wp\/v2\/posts\/532197\/revisions"}],"wp:featuredmedia":[{"embeddable":true,"href":"https:\/\/www.europesays.com\/fr\/wp-json\/wp\/v2\/media\/532198"}],"wp:attachment":[{"href":"https:\/\/www.europesays.com\/fr\/wp-json\/wp\/v2\/media?parent=532197"}],"wp:term":[{"taxonomy":"category","embeddable":true,"href":"https:\/\/www.europesays.com\/fr\/wp-json\/wp\/v2\/categories?post=532197"},{"taxonomy":"post_tag","embeddable":true,"href":"https:\/\/www.europesays.com\/fr\/wp-json\/wp\/v2\/tags?post=532197"}],"curies":[{"name":"wp","href":"https:\/\/api.w.org\/{rel}","templated":true}]}}