{"id":532199,"date":"2025-11-13T21:31:14","date_gmt":"2025-11-13T21:31:14","guid":{"rendered":"https:\/\/www.europesays.com\/fr\/532199\/"},"modified":"2025-11-13T21:31:14","modified_gmt":"2025-11-13T21:31:14","slug":"guillaume-annoye-on-est-en-train-de-passer-un-cap-actualite","status":"publish","type":"post","link":"https:\/\/www.europesays.com\/fr\/532199\/","title":{"rendered":"Guillaume Annoye : \u00ab On est en train de passer un cap \u00bb &#8211; Actualit\u00e9"},"content":{"rendered":"<p style=\"text-align: justify;\"><strong>Guillaume Annoye a bien fait de faire le d\u00e9placement \u00e0 Middelkerke, au dernier Championnat d&rsquo;Europe de cyclo-cross, pour encourager ses coureurs d&rsquo;AS Bike Racing-France Literie. Le dimanche apr\u00e8s-midi, le manager de la structure fran\u00e7aise a assist\u00e9 <a href=\"https:\/\/www.directvelo.com\/actualite\/125204\/cc-championnat-deurope-u23-femmes-classement\" target=\"_blank\" rel=\"noopener\">aux m\u00e9dailles de ses Espoirs Femmes<\/a>, \u00e0 savoir l&rsquo;argent pour C\u00e9lia Gery et le bronze pour Amandine Muller. Interrog\u00e9 par DirectVelo \u00e0 cette occasion, Guillaume Annoye a fait le point sur le d\u00e9veloppement de sa structure, les plans pour ses prot\u00e9g\u00e9s et l&rsquo;avenir.<\/strong><\/p>\n<p><strong>DirectVelo : Tu as v\u00e9cu un dimanche particulier avec deux m\u00e9dailles chez les Espoirs Femmes !<\/strong><br \/>Guillaume Annoye : Oui, c&rsquo;est beau ! Notre \u00e9quipe a d\u00e9bloqu\u00e9 le compteur pour l&rsquo;\u00e9quipe de France aussi. D\u00e9j\u00e0 samedi, \u00e7a s&rsquo;est jou\u00e9 sur des d\u00e9tails. On a Romain (Debord) qui finit 4e. On n&rsquo;est pas loin du podium \u00e9galement. Lucie Elizalde fait son premier Championnat d&rsquo;Europe et finit 7e. Jules Simon fait 17e. Et l\u00e0, effectivement, on \u00e9tait venu pour la gagne avec C\u00e9lia (G\u00e9ry) et le podium pour Amandine (Muller). Pour C\u00e9lia, \u00e7a a \u00e9t\u00e9 un peu plus compliqu\u00e9. Elle a de gros probl\u00e8mes au niveau du dos. Elle a couru bless\u00e9e. Sa 2e place, c&rsquo;est comme si c&rsquo;\u00e9tait une victoire pour nous. Amandine monte en pression. Elle arrive tout doucement. L\u00e0, on peut se dire qu&rsquo;on a deux filles sur le podium. On commence tout doucement \u00e0 s&rsquo;installer au niveau national et international surtout. On est en train de voir que notre accompagnement d\u00e8s les jeunes cat\u00e9gories est en train de payer. Il a fallu sept ans. Aujourd&rsquo;hui, d\u00e9j\u00e0, on nous reconna\u00eet. C&rsquo;est assez particulier. On nous regarde un petit peu du coin de l&rsquo;\u0153il. On re\u00e7oit \u00e9norm\u00e9ment de messages aussi de Belgique et tout \u00e7a pour nous f\u00e9liciter. Donc on est en train de passer un cap. Mais on continue \u00e0 rester \u00e0 notre place.<\/p>\n<p><strong>Cette ann\u00e9e, l&rsquo;\u00e9quipe \u00e9tait sur l&rsquo;ouverture de la Coupe de France, \u00e0 Albi&#8230; \u00c9tait-ce un choix par rapport \u00e0 ce d\u00e9but de saison ?<\/strong><br \/>C&rsquo;est un choix parce qu&rsquo;aujourd&rsquo;hui, on voit un peu ce qui se passe. C&rsquo;est compliqu\u00e9 pour toutes les \u00e9quipes au niveau financier, et c&rsquo;est compliqu\u00e9 aussi pour les organisateurs. On est une \u00e9quipe fran\u00e7aise. On est all\u00e9s \u00e0 Albi parce que c&rsquo;est aussi une bonne pr\u00e9paration. Il y a moins de pression \u00e9galement. On voit C\u00e9lia et Amandine qui font 1 et 2 et qui confirment au Championnat d&rsquo;Europe. On est pass\u00e9 tr\u00e8s pr\u00e8s de l&rsquo;exploit avec C\u00e9lia au Koppenberg. On veut courir en France aussi. Maintenant, \u00e0 partir de Quelneuc, C\u00e9lia ne sera pas pr\u00e9sente. Il y a \u00e9galement le retour de Lise Revol qui est Championne du Monde. Il y a aussi pour nous une fiert\u00e9 de montrer ce maillot sur le sol fran\u00e7ais. Maintenant, je pense qu&rsquo;\u00e0 partir de l&rsquo;ann\u00e9e prochaine, il y aura peut-\u00eatre d&rsquo;autres choix \u00e0 faire. Si on veut continuer \u00e0 \u00e9voluer, il va falloir se battre tous les week-ends avec les meilleurs. Ce sont des choix aussi personnels. Pour moi, sur la Coupe de France Juniors et Espoirs, il faut \u00eatre pr\u00e9sent. Maintenant, sur les Elites, il y a des d\u00e9cisions \u00e0 prendre. Il faut que les jeunes se fassent les dents d\u00e9j\u00e0 au niveau national, et ne pas prendre des casquettes tous les 15 jours.<\/p>\n<p><strong>\u00ab ON V\u00c9HICULE UNE IMAGE, DISONS PROFESSIONNELLE, MAIS RELAX \u00bb<\/strong><\/p>\n<p><strong>Il y a un vrai plan de d\u00e9veloppement avec ces jeunes ?<\/strong><br \/>Je pense que, d\u00e9j\u00e0, ces jeunes, quand ils arrivent dans une \u00e9quipe, il faut leur apprendre un m\u00e9tier. Le m\u00e9tier, ce n&rsquo;est pas p\u00e9daler. Tu ne fais pas que \u00e7a. Il faut que tu saches te coucher \u00e0 l&rsquo;heure, respecter tes plans d&rsquo;entra\u00eenement, avoir une hygi\u00e8ne de vie, mais \u00e9galement faire attention aux r\u00e9seaux sociaux, \u00e0 ne pas perdre d&rsquo;\u00e9nergie avec des gens qui vont parler, etc. Nous, on est l\u00e0, on les prot\u00e8ge, on leur apprend le job. Apr\u00e8s, l&rsquo;objectif de tout \u00e7a, c&rsquo;est de dire que tu fais les ann\u00e9es Juniors chez nous. Quand tu rentres en Espoir, pareil, pas de pression. J&rsquo;ai envoy\u00e9 un message tout simple \u00e0 chaque athl\u00e8te, que c&rsquo;\u00e9tait le premier objectif personnel au Championnat d&rsquo;Europe, qu&rsquo;on \u00e9tait fiers d&rsquo;eux parce qu&rsquo;ils ont fait ce qu&rsquo;il fallait. On est l\u00e0 pour les accompagner et les couvrir, parce qu&rsquo;il y a beaucoup de sollicitations ext\u00e9rieures.<\/p>\n<p><strong>Surtout avec la progression de l&rsquo;\u00e9quipe&#8230;<\/strong><br \/>Oui. On est aussi en train de se rendre compte qu&rsquo;on peut vivre du cyclo-cross. Aujourd&rsquo;hui, on a une grosse logistique. On a de plus en plus de gens qui veulent rentrer dans l&rsquo;\u00e9quipe. On est en train de r\u00e9ussir et \u00e7a, c&rsquo;est vraiment une fiert\u00e9. Quand on a cr\u00e9\u00e9 l&rsquo;\u00e9quipe, j&rsquo;avais toujours dit, sur la premi\u00e8re interview de DirectVelo, que mon id\u00e9e \u00e9tait d&rsquo;un jour faire r\u00eaver les Fran\u00e7ais \u00e0 venir dans une \u00e9quipe fran\u00e7aise. On est en train de se rendre compte d&rsquo;un engouement autour de nous. On v\u00e9hicule une image, disons professionnelle, mais relax. Il faut \u00eatre s\u00e9rieux au bon moment et savoir rigoler, il faut savoir passer du bon temps ensemble. Et c&rsquo;est quelque chose qu&rsquo;on continue \u00e0 travailler d&rsquo;ann\u00e9e en ann\u00e9e. C&rsquo;est notre septi\u00e8me ann\u00e9e, on a quatorze titres de Champion de France, deux Europe, deux Monde, on a gagn\u00e9 je ne sais plus m\u00eame plus combien de fois en Coupe de France. On a gagn\u00e9 \u00e0 Namur avec C\u00e9lia. L\u00e0, on est l\u00e0 sur les podiums aux Europe. Le travail paie, mais attention \u00e0 ne pas s&rsquo;enflammer.<\/p>\n<p><strong>\u00ab IL Y A DES P\u00c9RIODES DIFFICILES \u00bb<\/strong><\/p>\n<p><strong>C&rsquo;est-\u00e0-dire ?<\/strong><br \/>On continue \u00e0 avancer. On passe ce cap parce qu&rsquo;on s&rsquo;adapte \u00e0 leur projet sportif individuel. On r\u00eave tous de l&rsquo;Europe, du Monde et de la France. Chacun a ses objectifs. Il y en a qui vont venir \u00e9galement avec des attentes diff\u00e9rentes. Il y en a qui vont \u00eatre plus en forme que d&rsquo;autres \u00e0 certains moments. Mais quand on fait des briefings, je leur dis toujours qu&rsquo;on gagne ensemble et on perd ensemble. Quand \u00e7a ne va pas pour l&rsquo;un, il y a toujours quelqu&rsquo;un qui va le tirer vers le haut. On sent que la coh\u00e9sion est bien ciment\u00e9e, que tout le monde se soutient. Il y a des p\u00e9riodes difficiles. On sait que C\u00e9lia est bless\u00e9e, tr\u00e8s clairement, alors Amandine et tous les autres de l&rsquo;\u00e9quipe vont \u00eatre l\u00e0 pour l&rsquo;accompagner. Loris (Rouiller) n&rsquo;est pas au Championnat d&rsquo;Europe parce qu&rsquo;il a des probl\u00e8mes de dos \u00e9galement. On a trouv\u00e9 ce qu&rsquo;il avait. Il ne supporte plus la douleur dans son dos. Je lui ai dit \u00ab maintenant, tu t&rsquo;arr\u00eates \u00bb. Ce sont aussi les prises de d\u00e9cision qui vont faire \u00e9voluer chaque athl\u00e8te.<\/p>\n<p><strong>Lise Revol, en tant que Championne du Monde, doit avoir comme grand objectif de d\u00e9fendre son titre&#8230;<\/strong><br \/>Oui, je pense. Son planning commence la semaine prochaine. Elle revient \u00e0 Quelneuc. Elle va rejoindre Lucie. Je pense que ce duo-l\u00e0, c&rsquo;est un \u00e9norme duo qu&rsquo;on est en train de cr\u00e9er. Elles s&rsquo;entendent bien, etc. On est mieux \u00e0 deux que toute seule dans son coin. Lise a fait les deux Championnats du Monde, elle est tomb\u00e9e malade au Rwanda, il fallait qu&rsquo;elle coupe. M\u00eame si elle avait envie de courir, \u00e7a a \u00e9t\u00e9 une d\u00e9cision d&rsquo;\u00e9quipe avec son entra\u00eeneur et elle. Elle a bien compris. Maintenant, elle a repris les entra\u00eenements depuis trois semaines. Elle a fait le stage avec l&rsquo;\u00e9quipe de France dans le sable \u00e0 c\u00f4t\u00e9 de Montpellier. Elle m&rsquo;a appel\u00e9 et m&rsquo;a dit qu&rsquo;elle avait envie de courir, de porter son maillot. Elle est pr\u00eate pour les deux manches \u00e0 Quelneuc. Puis elle attaquera Tabor, Flamanville, toutes les manches de Coupe du Monde. Elle ira \u00e9galement \u00e0 Ouistreham. L&rsquo;id\u00e9e, c&rsquo;est qu&rsquo;elle conserve son titre de Championne de France. Mais je pense qu&rsquo;elle veut d\u00e9fendre son titre de Championne du Monde. On a aussi une petite fiert\u00e9 de porter le maillot, car C\u00e9lia n&rsquo;avait pas pu le faire avec son changement de cat\u00e9gorie. Pour les partenaires, c&rsquo;est important. C&rsquo;est une r\u00e9compense et une fiert\u00e9 de la saison pass\u00e9e. Lise est hyper reconnaissante. Elle a re\u00e7u deux magnifiques v\u00e9los. \u00c0 chaque fois qu&rsquo;il y a un titre national ou international, on offre le v\u00e9lo au coureur pour dire merci. C&rsquo;est une reconnaissance, il y a un \u00e9change.<\/p>\n<p><strong>\u00ab CHACUN A SA COMP\u00c9TITION \u00bb<\/strong><\/p>\n<p><strong>Ce n&rsquo;\u00e9tait que la premi\u00e8re \u00e9ch\u00e9ance internationale, il y a encore tout \u00e0 faire&#8230;<\/strong><br \/>Quand je regarde dans l&rsquo;\u00e9quipe, il y a certains coureurs qui sont frustr\u00e9s parce qu&rsquo;ils ne sont pas encore l\u00e0 o\u00f9 ils aimeraient \u00eatre. Je dis attention, on est au premier tiers de la saison. Il n&rsquo;a pas plu, il ne fait pas froid. Je pense qu&rsquo;\u00e0 partir de Namur, c&rsquo;est l\u00e0 qu&rsquo;il faudra \u00eatre pr\u00e9sent. Apr\u00e8s Flamanville, on envoie les coureurs \u00e0 Calpe pendant dix jours. On fera l&rsquo;impasse sur la Sardaigne, pour apr\u00e8s aller sur Namur. Il y aura C\u00e9lia, Amandine, Loris, et David (Menut). On enverra les Espoirs et les Juniors filles \u00e0 Ouistreham. Apr\u00e8s on reprend notre logement \u00e0 Overijse. La FDJ-Suez rentrera dans le jeu avec nous. On aura le Motorhome sur plusieurs manches de Coupe du Monde. Au Championnat de France, on aura le masseur, les chauffeurs. C&rsquo;est un partenariat qui fonctionne avec la FDJ-Suez, on s&rsquo;est rencontr\u00e9s, on a un int\u00e9r\u00eat commun. \u00c0 savoir que nos athl\u00e8tes performent et obtiennent leurs propres objectifs.<\/p>\n<p><strong>Ces partenariats sont n\u00e9cessaires ?<\/strong><br \/>Il faut quand m\u00eame se battre. Financi\u00e8rement, c&rsquo;est compliqu\u00e9. On a la chance d&rsquo;avoir un partenaire qui est France Literie qui nous suit depuis le premier jour, en augmentant d&rsquo;ann\u00e9e en ann\u00e9e son aide. On a sign\u00e9 jusqu&rsquo;\u00e0 2030. Avec les Jeux Olympiques comme objectif, on esp\u00e8re. Mais de l&rsquo;autre c\u00f4t\u00e9, on perd des petits partenaires. La conjoncture est dure. Je suis d\u00e9j\u00e0 en train d&rsquo;en chercher des nouveaux. Chacun a sa comp\u00e9tition. Les entreprises ont le genou par terre. \u00c7a chiffre. On commence aussi \u00e0 faire attention. On est bien, mais il faut g\u00e9rer. L&rsquo;opulence, \u00e7a ne marche pas.<\/p>\n","protected":false},"excerpt":{"rendered":"Guillaume Annoye a bien fait de faire le d\u00e9placement \u00e0 Middelkerke, au dernier Championnat d&rsquo;Europe de cyclo-cross, pour&hellip;\n","protected":false},"author":2,"featured_media":532200,"comment_status":"","ping_status":"","sticky":false,"template":"","format":"standard","meta":{"footnotes":""},"categories":[1411],"tags":[834,828,836,829,837,827,83,826,824,823,1154,207,814,817,815,816,822,821,832,211,839,1011,27,820,818,819,835,831,830,833,838,60,212,208,825],"class_list":{"0":"post-532199","1":"post","2":"type-post","3":"status-publish","4":"format-standard","5":"has-post-thumbnail","7":"category-cyclisme","8":"tag-attaque","9":"tag-belgique","10":"tag-braquet","11":"tag-bretagne","12":"tag-chute","13":"tag-competition","14":"tag-coupe-de-france","15":"tag-coureur","16":"tag-course-cyclisme","17":"tag-course-cycliste","18":"tag-cycling","19":"tag-cyclisme","20":"tag-direct","21":"tag-direct-velo","22":"tag-directvelo","23":"tag-directvelo-com","24":"tag-epreuve","25":"tag-epreuve-cycliste","26":"tag-federation-francaise-de-cyclisme","27":"tag-ffc","28":"tag-flandres","29":"tag-fr","30":"tag-france","31":"tag-live","32":"tag-live-course","33":"tag-live-epreuve","34":"tag-peloton","35":"tag-radio-peloton","36":"tag-radio-tour","37":"tag-ravitaillement","38":"tag-relance","39":"tag-sports","40":"tag-uci","41":"tag-velo","42":"tag-velos"},"share_on_mastodon":{"url":"https:\/\/pubeurope.com\/@fr\/115544528381595084","error":""},"_links":{"self":[{"href":"https:\/\/www.europesays.com\/fr\/wp-json\/wp\/v2\/posts\/532199","targetHints":{"allow":["GET"]}}],"collection":[{"href":"https:\/\/www.europesays.com\/fr\/wp-json\/wp\/v2\/posts"}],"about":[{"href":"https:\/\/www.europesays.com\/fr\/wp-json\/wp\/v2\/types\/post"}],"author":[{"embeddable":true,"href":"https:\/\/www.europesays.com\/fr\/wp-json\/wp\/v2\/users\/2"}],"replies":[{"embeddable":true,"href":"https:\/\/www.europesays.com\/fr\/wp-json\/wp\/v2\/comments?post=532199"}],"version-history":[{"count":0,"href":"https:\/\/www.europesays.com\/fr\/wp-json\/wp\/v2\/posts\/532199\/revisions"}],"wp:featuredmedia":[{"embeddable":true,"href":"https:\/\/www.europesays.com\/fr\/wp-json\/wp\/v2\/media\/532200"}],"wp:attachment":[{"href":"https:\/\/www.europesays.com\/fr\/wp-json\/wp\/v2\/media?parent=532199"}],"wp:term":[{"taxonomy":"category","embeddable":true,"href":"https:\/\/www.europesays.com\/fr\/wp-json\/wp\/v2\/categories?post=532199"},{"taxonomy":"post_tag","embeddable":true,"href":"https:\/\/www.europesays.com\/fr\/wp-json\/wp\/v2\/tags?post=532199"}],"curies":[{"name":"wp","href":"https:\/\/api.w.org\/{rel}","templated":true}]}}