{"id":532209,"date":"2025-11-13T21:37:12","date_gmt":"2025-11-13T21:37:12","guid":{"rendered":"https:\/\/www.europesays.com\/fr\/532209\/"},"modified":"2025-11-13T21:37:12","modified_gmt":"2025-11-13T21:37:12","slug":"salvatore-adamo-sur-c-a-vous-il-avoue-avoir-vole-une-chanson-entendue-a-gare-du-nord","status":"publish","type":"post","link":"https:\/\/www.europesays.com\/fr\/532209\/","title":{"rendered":"Salvatore Adamo : sur C \u00e0 Vous, il avoue avoir \u00ab\u00a0vol\u00e9\u00a0\u00bb une chanson entendue \u00e0 Gare du Nord"},"content":{"rendered":"<p>\u00c0 82 ans, Salvatore Adamo a toujours autant d\u2019inspiration. Une inspiration qui lui permet aujourd\u2019hui de sortir un nouvel album compos\u00e9 de 25 chansons, disponible ce vendredi 14 novembre 2025. Ce nouveau projet baptis\u00e9 <strong>\u00ab\u00a0Des n\u00e8fles et des groseilles\u00a0\u00bb<\/strong>, l\u2019interpr\u00e8te de Panorama l\u2019a \u00e9voqu\u00e9 ce jeudi soir chez Anne-Elisabeth Lemoine.\u00a0<\/p>\n<p>En effet, le chanteur qui a <a href=\"https:\/\/www.public.fr\/diaporamas\/salvatore-adamo-apres-ses-gros-soucis-de-sante-le-chanteur-vient-il-dannoncer-la-fin-de-sa-carriere\" target=\"_blank\" rel=\"noopener\">fait face \u00e0 quelques soucis de sant\u00e9<\/a> et qui revient tout juste du Chili, a fait un passage dans <strong>C \u00e0 Vous<\/strong> pour pr\u00e9senter son nouvel album et \u00e9voquer son travail. L\u2019occasion pour lui de faire une r\u00e9v\u00e9lation de taille sur ses nuits. \u00c0 cause de son inspiration d\u00e9bordante, il se r\u00e9veillerait la nuit pour enregistrer des bouts de chansons.<\/p>\n<p>Le don nocturne de Salvatore Adamo<\/p>\n<p>\u00ab\u00a0Vous \u00eates inspir\u00e9 tout le temps. Limite, c&rsquo;est une prison cette inspiration. \u00c7a vous r\u00e9veille la nuit. Enfin, vous en \u00eates prisonnier, je veux dire\u00a0\u00bb, constate <a href=\"https:\/\/www.public.fr\/tag\/anne-elisabeth-lemoine\" target=\"_blank\" rel=\"noopener\">Anne-Elisabeth Lemoine<\/a> en revenant sur ce \u00ab\u00a0don\u00a0\u00bb de Salvatore Adamo, qui \u00e9courterait tr\u00e8s souvent ses nuits. \u00a0<\/p>\n<p>C\u2019est en indiquant qu\u2019il avait une centaine de chansons encore en r\u00e9serve que <a href=\"https:\/\/www.public.fr\/jai-senti-que-je-ne-servais-pas-a-grand-chose-apres-ses-gros-pepins-de-sante-laveu-dechirant-de-salvatore-adamo\" target=\"_blank\" rel=\"noopener\">le chanteur de 82 ans<\/a> a \u00e9voqu\u00e9 ce don qui n\u2019en est pas toujours un. \u00ab\u00a0Donc, je me suis dit\u00a0: \u2018Il faut plus que tu en \u00e9crives parce que tu n\u2019auras pas le temps de les chanter\u2019. Donc, je vais me coucher avec \u00e7a. Et les chansons me r\u00e9veillent. Elles viennent de je ne sais o\u00f9\u00a0\u00bb, explique l\u2019interpr\u00e8te de Panorama.<\/p>\n<p>De fait, pour ne pas perdre ses id\u00e9es au cours de ses nuits, Salvatore Adamo prend le temps de se r\u00e9veiller et utiliser son \u00ab\u00a0petit enregistreur au pied du lit\u00a0\u00bb. \u00ab\u00a0Le lendemain matin, j&rsquo;\u00e9coute. Et je me dis : \u2018c\u2019est pour \u00e7a que tu t&rsquo;es r\u00e9veill\u00e9 ?\u2019. Et des fois, des fois, \u00e7a valait la peine\u00a0\u00bb, confie-t-il \u00e0 Anne-\u00c9lisabeth Lemoine.\u00a0<\/p>\n<p>Le chanteur avoue avoir \u00ab\u00a0vol\u00e9\u00a0\u00bb une chanson dans une gare<\/p>\n<p>Apr\u00e8s avoir \u00e9voqu\u00e9 ses nuits agit\u00e9es, Salvatore Adamo a souhait\u00e9 faire une confession \u00e0 la pr\u00e9sentatrice de <strong>C \u00e0 Vous<\/strong>. <strong>\u00ab\u00a0Vous savez qu&rsquo;il m&rsquo;est arriv\u00e9, vous allez \u00eatre choqu\u00e9s. De voler une chanson !\u00a0\u00bb<\/strong>, avoue l\u2019artiste de 82 ans, ne manquant pas de surprendre l\u2019animatrice : \u00ab\u00a0Ha bon ? \u00c0 qui ?\u00a0\u00bb.<\/p>\n<p>Le principal int\u00e9ress\u00e9 lui a alors tout avou\u00e9. Ce larcin aurait eu lieu Gare du Nord, \u00ab\u00a0l\u00e0 o\u00f9 il y a deux ou trois pianos\u00a0\u00bb. \u00ab\u00a0Y a des, des gens de passage qui s&rsquo;arr\u00eatent, qui jouent. <strong>Et y avait un trio, un jour, et je me suis arr\u00eat\u00e9. C&rsquo;\u00e9tait une belle chanson et je l&rsquo;ai retenue et je l&rsquo;ai travaill\u00e9e<\/strong>\u00ab\u00a0, poursuit le chanteur avant de mettre fin \u00e0 la supercherie : <strong>\u00ab\u00a0Mais c&rsquo;\u00e9tait un r\u00eave\u00a0\u00bb<\/strong>. \u00ab\u00a0J\u2019avais r\u00eav\u00e9 que j&rsquo;assistais \u00e0, \u00e0 une chanson du trio l\u00e0 et je l&rsquo;ai retenue\u00a0\u00bb.<br \/><strong>\u00ab\u00a0Donc, vous n&rsquo;avez rien vol\u00e9, en fait ?\u00a0\u00bb<\/strong>, a tout de m\u00eame demand\u00e9 <a href=\"https:\/\/vsd.fr\/tag\/anne-elisabeth-lemoine\/\" target=\"_blank\" rel=\"noopener\">Anne-Elisabeth Lemoine<\/a>, voulant se rassurer. \u00ab\u00a0Mais non, je plaisantais. Sinon, je ne l&rsquo;aurais pas dit\u00a0\u00bb, a finalement conclu Salvatore Adamo, tr\u00e8s amus\u00e9 par son anecdote.\u00a0<\/p>\n<p>\n          Hits &amp; People en continu\n        <\/p>\n<p>\n          Public Radio\n        <\/p>\n<p>      Mentionn\u00e9s dans cet article<\/p>\n<p>      Sur le m\u00eame sujet<\/p>\n","protected":false},"excerpt":{"rendered":"\u00c0 82 ans, Salvatore Adamo a toujours autant d\u2019inspiration. Une inspiration qui lui permet aujourd\u2019hui de sortir un&hellip;\n","protected":false},"author":2,"featured_media":532210,"comment_status":"","ping_status":"","sticky":false,"template":"","format":"standard","meta":{"footnotes":""},"categories":[1355],"tags":[5631,5632,58,59,1011,27,4467,1361,873,65198],"class_list":{"0":"post-532209","1":"post","2":"type-post","3":"status-publish","4":"format-standard","5":"has-post-thumbnail","7":"category-musique","8":"tag-anne-elisabeth-lemoine","9":"tag-c-a-vous","10":"tag-divertissement","11":"tag-entertainment","12":"tag-fr","13":"tag-france","14":"tag-france-5","15":"tag-music","16":"tag-musique","17":"tag-salvatore-adamo"},"share_on_mastodon":{"url":"https:\/\/pubeurope.com\/@fr\/115544551930923467","error":""},"_links":{"self":[{"href":"https:\/\/www.europesays.com\/fr\/wp-json\/wp\/v2\/posts\/532209","targetHints":{"allow":["GET"]}}],"collection":[{"href":"https:\/\/www.europesays.com\/fr\/wp-json\/wp\/v2\/posts"}],"about":[{"href":"https:\/\/www.europesays.com\/fr\/wp-json\/wp\/v2\/types\/post"}],"author":[{"embeddable":true,"href":"https:\/\/www.europesays.com\/fr\/wp-json\/wp\/v2\/users\/2"}],"replies":[{"embeddable":true,"href":"https:\/\/www.europesays.com\/fr\/wp-json\/wp\/v2\/comments?post=532209"}],"version-history":[{"count":0,"href":"https:\/\/www.europesays.com\/fr\/wp-json\/wp\/v2\/posts\/532209\/revisions"}],"wp:featuredmedia":[{"embeddable":true,"href":"https:\/\/www.europesays.com\/fr\/wp-json\/wp\/v2\/media\/532210"}],"wp:attachment":[{"href":"https:\/\/www.europesays.com\/fr\/wp-json\/wp\/v2\/media?parent=532209"}],"wp:term":[{"taxonomy":"category","embeddable":true,"href":"https:\/\/www.europesays.com\/fr\/wp-json\/wp\/v2\/categories?post=532209"},{"taxonomy":"post_tag","embeddable":true,"href":"https:\/\/www.europesays.com\/fr\/wp-json\/wp\/v2\/tags?post=532209"}],"curies":[{"name":"wp","href":"https:\/\/api.w.org\/{rel}","templated":true}]}}