{"id":532211,"date":"2025-11-13T21:38:21","date_gmt":"2025-11-13T21:38:21","guid":{"rendered":"https:\/\/www.europesays.com\/fr\/532211\/"},"modified":"2025-11-13T21:38:21","modified_gmt":"2025-11-13T21:38:21","slug":"ce-film-netflix-fait-lun-des-meilleurs-demarrages-de-lannee","status":"publish","type":"post","link":"https:\/\/www.europesays.com\/fr\/532211\/","title":{"rendered":"Ce film Netflix fait l&rsquo;un des meilleurs d\u00e9marrages de l&rsquo;ann\u00e9e"},"content":{"rendered":"<p>Mis en ligne le 7 novembre dernier sur la plateforme de streaming Netflix, ce film a remport\u00e9 tous les suffrages puisqu\u2019il cumule 29,1 millions de vues en seulement trois jours, le propulsant ainsi dans la liste des meilleurs d\u00e9marrages de cette ann\u00e9e.<\/p>\n<p>Visiblement, les amateurs de cin\u00e9ma se sont tous (ou presque) ru\u00e9s sur <a href=\"https:\/\/www.programme-tv.net\/guide-netflix\/\" target=\"_blank\" rel=\"noopener\">la plateforme de streaming Netflix<\/a> en ce d\u00e9but de mois de novembre. La raison ? Le g\u00e9ant am\u00e9ricain a mis en ligne <a href=\"https:\/\/www.programme-tv.net\/news\/cinema\/391528-frankenstein-netflix-est-un-pur-envoutement-et-il-ne-faut-pas-le-manquer-ce-week-end\/\" data-api-deeplink=\"teleloisirs:\/\/news\/391528\" target=\"_blank\" rel=\"noopener\">un film qui \u00e9tait tr\u00e8s attendu<\/a>, r\u00e9alis\u00e9 par un r\u00e9alisateur de grand talent qui a r\u00e9uni un casting XXL pour raconter une histoire que l\u2019on conna\u00eet d\u00e9j\u00e0, mais qui semble toujours passionner les foules. Guillermo del Toro a, en effet, remis au go\u00fbt du jour l\u2019histoire de Mary Shelley, publi\u00e9e en 1818, qui met en sc\u00e8ne un monstre : Frankenstein. Mais attention, avec son Frankenstein, le r\u00e9alisateur mexicain ne se concentre pas uniquement sur l\u2019horreur, mettant en sc\u00e8ne une histoire humaine, port\u00e9e par <a href=\"https:\/\/www.programme-tv.net\/news\/cinema\/391653-frankenstein-netflix-a-quoi-ressemble-jacob-elordi-qui-joue-la-creature-sans-les-effets-speciaux-photo\/\" data-api-deeplink=\"teleloisirs:\/\/news\/391653\" target=\"_blank\" rel=\"noopener\">l\u2019acteur australien Jacob Elordi dans le r\u00f4le de la cr\u00e9ature terrifiante<\/a>, mais \u00e9galement par Oscar Isaac, qui incarne Victor Frankenstein, le savant fou \u00e0 l\u2019ego d\u00e9mesur\u00e9 qui lui donne vie. Une bonne histoire, un r\u00e9alisateur de g\u00e9nie et un peu barr\u00e9 et un casting de stars\u2026 Il ne restait plus qu\u2019\u00e0 savoir si le film allait rencontrer le succ\u00e8s.<\/p>\n<p>                        <b>Frankenstein <\/b><b>signe l&rsquo;un des meilleurs d\u00e9marrages de l\u2019ann\u00e9e sur Netflix<\/b><\/p>\n<p>Le Frankenstein de Guillermo del Toro a connu un incroyable d\u00e9marrage sur Netflix, puisqu\u2019il a totalis\u00e9 73,6 millions d&rsquo;heures de visionnage, soit 29,1 millions de vues en seulement trois jours. C\u2019est le meilleur d\u00e9marrage du r\u00e9alisateur sur la plateforme, d\u00e9passant Pinocchio et <a href=\"https:\/\/www.programme-tv.net\/news\/series-tv\/307706-le-cabinet-des-curiosites-netflix-date-de-sortie-synopsis-casting-toutes-les-infos-sur-la-serie-de-guillermo-del-toro\/\" data-api-deeplink=\"teleloisirs:\/\/news\/307706\" target=\"_blank\" rel=\"noopener\">Le Cabinet des Curiosit\u00e9s<\/a>. Le film s&rsquo;est hiss\u00e9 \u00e0 la premi\u00e8re place du classement mondial des films les plus vus pour la semaine se terminant le 9 novembre. Parmi <a href=\"https:\/\/www.programme-tv.net\/news\/cinema\/388813-frankenstein-bande-annonce-grandiose-pour-le-film-qui-va-faire-sensation-a-la-fin-de-l-annee-sur-netflix\/\" data-api-deeplink=\"teleloisirs:\/\/news\/388813\" target=\"_blank\" rel=\"noopener\">les sorties de l\u2019ann\u00e9e 2025<\/a>, il se classe cinqui\u00e8me des films en langue anglaise. Le d\u00e9marrage de Frankenstein se situe juste derri\u00e8re Ravage avec <a href=\"https:\/\/www.programme-tv.net\/biographie\/34316-hardy-tom\/\" data-link-people=\"92fa18ac-0cf7-481e-9335-a15f19bd55b7\" target=\"_blank\" rel=\"noopener\">Tom Hardy<\/a> (29,8 millions de vues) et devant \u00c0 bout avec <a href=\"https:\/\/www.programme-tv.net\/biographie\/227777-perry-tyler\/\" data-link-people=\"9f1ac3f3-d395-4c96-8de1-ee3208830d51\" target=\"_blank\" rel=\"noopener\">Tyler Perry<\/a> (25,3 millions de vues).<\/p>\n<p>            <b>Frankenstein <\/b><b>: une sortie au cin\u00e9ma limit\u00e9e<\/b><\/p>\n<p>Frankenstein a atteint la premi\u00e8re place dans 85 pays. Le film est \u00e9galement sorti dans les cin\u00e9mas aux \u00c9tats-Unis, mais cette sortie en salles a \u00e9t\u00e9 limit\u00e9e et Netflix n\u2019a pas communiqu\u00e9 les chiffres d\u2019entr\u00e9e. \u00ab\u00a0Je ne connais pas le chiffre pr\u00e9cis, mais il est diffus\u00e9 en exclusivit\u00e9 pendant trois semaines\u00a0\u00bb, avait not\u00e9 Guillermo Del Toro, avant la sortie de son film dans les salles obscures.<\/p>\n<p>Article \u00e9crit avec la collaboration de 6Medias<\/p>\n","protected":false},"excerpt":{"rendered":"Mis en ligne le 7 novembre dernier sur la plateforme de streaming Netflix, ce film a remport\u00e9 tous&hellip;\n","protected":false},"author":2,"featured_media":532212,"comment_status":"","ping_status":"","sticky":false,"template":"","format":"standard","meta":{"footnotes":""},"categories":[1354],"tags":[244,58,59,1346,1011,27,55983,47639,35104,1360,127,65199,1722,129],"class_list":{"0":"post-532211","1":"post","2":"type-post","3":"status-publish","4":"format-standard","5":"has-post-thumbnail","7":"category-films","8":"tag-commentaire","9":"tag-divertissement","10":"tag-entertainment","11":"tag-films","12":"tag-fr","13":"tag-france","14":"tag-frankenstein","15":"tag-guillermo-del-toro","16":"tag-jacob-elordi","17":"tag-movies","18":"tag-netflix","19":"tag-oscar-isaac","20":"tag-pub-streaming-netflix","21":"tag-svod"},"share_on_mastodon":{"url":"https:\/\/pubeurope.com\/@fr\/115544556038433560","error":""},"_links":{"self":[{"href":"https:\/\/www.europesays.com\/fr\/wp-json\/wp\/v2\/posts\/532211","targetHints":{"allow":["GET"]}}],"collection":[{"href":"https:\/\/www.europesays.com\/fr\/wp-json\/wp\/v2\/posts"}],"about":[{"href":"https:\/\/www.europesays.com\/fr\/wp-json\/wp\/v2\/types\/post"}],"author":[{"embeddable":true,"href":"https:\/\/www.europesays.com\/fr\/wp-json\/wp\/v2\/users\/2"}],"replies":[{"embeddable":true,"href":"https:\/\/www.europesays.com\/fr\/wp-json\/wp\/v2\/comments?post=532211"}],"version-history":[{"count":0,"href":"https:\/\/www.europesays.com\/fr\/wp-json\/wp\/v2\/posts\/532211\/revisions"}],"wp:featuredmedia":[{"embeddable":true,"href":"https:\/\/www.europesays.com\/fr\/wp-json\/wp\/v2\/media\/532212"}],"wp:attachment":[{"href":"https:\/\/www.europesays.com\/fr\/wp-json\/wp\/v2\/media?parent=532211"}],"wp:term":[{"taxonomy":"category","embeddable":true,"href":"https:\/\/www.europesays.com\/fr\/wp-json\/wp\/v2\/categories?post=532211"},{"taxonomy":"post_tag","embeddable":true,"href":"https:\/\/www.europesays.com\/fr\/wp-json\/wp\/v2\/tags?post=532211"}],"curies":[{"name":"wp","href":"https:\/\/api.w.org\/{rel}","templated":true}]}}