{"id":532213,"date":"2025-11-13T21:39:26","date_gmt":"2025-11-13T21:39:26","guid":{"rendered":"https:\/\/www.europesays.com\/fr\/532213\/"},"modified":"2025-11-13T21:39:26","modified_gmt":"2025-11-13T21:39:26","slug":"diabete-un-impact-terrible-sur-la-sante-mentale","status":"publish","type":"post","link":"https:\/\/www.europesays.com\/fr\/532213\/","title":{"rendered":"Diab\u00e8te : un impact terrible sur la sant\u00e9 mentale"},"content":{"rendered":"<p>             <a href=\"https:\/\/ma-sante.news\/wp-content\/uploads\/2025\/11\/Journee-mondiale-du-diabete-la-sante-mentale-devient-lautre-urgence-Ma-Sante.jpg\" data-caption=\"Le diab\u00e8te de type 2 repr\u00e9sente 92 % des diagnostics, le type 1 environ 2 %, et les formes plus rares (MODY, LADA, diab\u00e8te gestationnel\u2026) compl\u00e8tent les 2 % restants. \u00a9 Freepik \" target=\"_blank\" rel=\"noopener\"><img loading=\"lazy\" decoding=\"async\" width=\"696\" height=\"392\" class=\"entry-thumb td-modal-image ewww_webp_lazy_load\" src=\"data:image\/svg+xml,%3Csvg%20xmlns=\" http:=\"\" data-lazy- data-lazy- alt=\"Une femme diab\u00e9tique en pleine d\u00e9tresse psychologique.\" title=\"Journe\u0301e mondiale du diabe\u0300te la sante\u0301 mentale devient l\u2019autre urgence Ma Sante\u0301\" data-lazy-src=\"https:\/\/www.europesays.com\/fr\/wp-content\/uploads\/2025\/11\/Journee-mondiale-du-diabete-la-sante-mentale-devient-lautre-urgence-Ma-Sante-696x392.jpg\" data-lazy-src-webp=\"https:\/\/www.europesays.com\/fr\/wp-content\/uploads\/2025\/11\/Journee-mondiale-du-diabete-la-sante-mentale-devient-lautre-urgence-Ma-Sante-696x392.jpg.webp\" data-lazy-srcset-webp=\"https:\/\/www.europesays.com\/fr\/wp-content\/uploads\/2025\/11\/Journee-mondiale-du-diabete-la-sante-mentale-devient-lautre-urgence-Ma-Sante-696x392.jpg.webp 696w, https:\/\/ma-sante.news\/wp-content\/uploads\/2025\/11\/Journee-mondiale-du-diabete-la-sante-mentale-devient-lautre-urgence-Ma-Sante-300x169.jpg.webp 300w, https:\/\/ma-sante.news\/wp-content\/uploads\/2025\/11\/Journee-mondiale-du-diabete-la-sante-mentale-devient-lautre-urgence-Ma-Sante-768x432.jpg.webp 768w, https:\/\/ma-sante.news\/wp-content\/uploads\/2025\/11\/Journee-mondiale-du-diabete-la-sante-mentale-devient-lautre-urgence-Ma-Sante-747x420.jpg.webp 747w, https:\/\/ma-sante.news\/wp-content\/uploads\/2025\/11\/Journee-mondiale-du-diabete-la-sante-mentale-devient-lautre-urgence-Ma-Sante.jpg.webp 800w\"\/><\/a>Le diab\u00e8te de type 2 repr\u00e9sente 92 % des diagnostics, le type 1 environ 2 %, et les formes plus rares (MODY, LADA, diab\u00e8te gestationnel\u2026) compl\u00e8tent les 2 % restants. \u00a9 Freepik                                     \t\t\t             <a class=\"gofollow\" data-track=\"MjgsMCw2MA==\" href=\"https:\/\/ma-sante.news\/inscrivez-vous-a-notre-newsletter\/\" target=\"_blank\" rel=\"noopener\"><img loading=\"lazy\" decoding=\"async\" width=\"1068\" height=\"131\" src=\"data:image\/svg+xml,%3Csvg%20xmlns=\" http:=\"\" data-lazy-src=\"https:\/\/www.europesays.com\/fr\/wp-content\/uploads\/2025\/03\/banniere-newsletter.png\"\/><\/a> <\/p>\n<p>Aujourd\u2019hui, 4,1 millions de personnes sont trait\u00e9es pour un diab\u00e8te en France, et pr\u00e8s de 600 000 autres ignorent qu\u2019elles vivent d\u00e9j\u00e0 avec la maladie. Une progression constante qui annonce d\u00e9j\u00e0 520 000 cas suppl\u00e9mentaires d\u2019ici 2027 selon la F\u00e9d\u00e9ration Fran\u00e7aise des Diab\u00e9tiques.<\/p>\n<p>\u201cC\u2019est un fardeau soci\u00e9tal majeur\u201d, rappelle sans d\u00e9tour Jean-Fran\u00e7ois Th\u00e9baut, vice-pr\u00e9sident de la F\u00e9d\u00e9ration Fran\u00e7aise des Diab\u00e9tiques. Non seulement parce que<a href=\"https:\/\/ma-sante.news\/diabete-pourquoi-la-cour-des-comptes-veut-changer-les-regles-du-jeu\/\" target=\"_blank\" rel=\"noopener\"> le diab\u00e8te co\u00fbte plusieurs milliards \u00e0 l\u2019Assurance maladie<\/a>, mais surtout parce qu\u2019il impose une vigilance permanente, une discipline qui fa\u00e7onne la vie de celles et ceux qui en souffrent. Une maladie dont, selon lui, \u201con ne gu\u00e9rit jamais vraiment car il revient avec les mauvaises habitudes\u201d.<\/p>\n<p>Et pourtant, malgr\u00e9 ce poids m\u00e9dical, logistique et \u00e9conomique, un autre fardeau, celui de la sant\u00e9 mentale, est largement ignor\u00e9. Car \u00e0 force de <a href=\"https:\/\/ma-sante.news\/mesure-de-la-glycemie-pourquoi-faut-il-se-mefier-des-appareils-connectes\/\" target=\"_blank\" rel=\"noopener\">surveiller la glyc\u00e9mie<\/a>, on en oublie parfois l\u2019\u00e9motionnel. <a href=\"https:\/\/ma-sante.news\/forte-chaleur-risque-hypoglycemie-lyon-rhone-alpes-auvergne-diabete-prevention\/\" target=\"_blank\" rel=\"noopener\">Hypoglyc\u00e9mies<\/a>, hyperglyc\u00e9mies, complications, injonctions de r\u00e9ussite, peur de \u201cmal faire\u201d\u2026 Le diab\u00e8te puise dans les r\u00e9serves psychologiques autant que dans les ressources physiques.<\/p>\n<p>        Diab\u00e8te : une maladie du corps mais aussi de l\u2019esprit    <strong>Sant\u00e9 mentale : le choc du diagnostic\u00a0<\/strong>    <\/p>\n<p>\u201cG\u00e9rer la maladie provoque une charge mentale qui conduit \u00e0 la d\u00e9tresse\u201d, rappelle la psychologue Sarah Cl\u00e9ment, sp\u00e9cialis\u00e9e dans l\u2019accompagnement des maladies chroniques. Et <a href=\"https:\/\/ma-sante.news\/charge-mentale-comment-faire-face-au-syndrome-de-la-double-journee\/\" target=\"_blank\" rel=\"noopener\">cette charge mentale <\/a>se construit d\u00e8s l\u2019annonce.<\/p>\n<p>Car l\u2019annonce peut \u00eatre brutale, exp\u00e9di\u00e9e entre deux portes, ou au contraire bien accompagn\u00e9e, expliqu\u00e9e, contextualis\u00e9e. Et selon Sarah Cl\u00e9ment, tout commence l\u00e0 : \u201cLa mani\u00e8re dont on vit son diab\u00e8te d\u00e9pend beaucoup de la fa\u00e7on dont on a v\u00e9cu son diagnostic. L\u2019\u00e2ge, l\u2019entourage et l\u2019\u00e9tat \u00e9motionnel dans lequel on se trouve au moment de l\u2019annonce influencent profond\u00e9ment la suite.\u201d<\/p>\n<p>Un adulte en pleine vie professionnelle ne r\u00e9agira pas comme un adolescent qui voit son avenir bouscul\u00e9. De m\u00eame qu\u2019une annonce faite dans un climat familial rassurant n\u2019aura rien \u00e0 voir avec un contexte de solitude. Certains vont s\u2019accrocher aux explications du soignant comme \u00e0 une bou\u00e9e, d\u2019autres vont \u00eatre travers\u00e9s par un m\u00e9lange de peur, de honte ou de col\u00e8re.<\/p>\n<p>Ce premier contact avec la maladie colore ensuite tout le rapport que l\u2019on aura avec elle. Pour certains, le diab\u00e8te devient un d\u00e9fi. Pour d\u2019autres, il reste une menace permanente, un rappel que le corps peut l\u00e2cher \u00e0 tout moment.\u00a0<\/p>\n<p>        <strong>Et pourtant, la sant\u00e9 mentale rel\u00e9gu\u00e9 au second plan<\/strong>    <\/p>\n<p>On parle volontiers de glyc\u00e9mie, rarement de l\u2019impact psychologique. Pourtant, selon la F\u00e9d\u00e9ration Fran\u00e7aise des Diab\u00e9tiques, 77 % des personnes vivant avec un diab\u00e8te d\u00e9clarent avoir souffert d\u2019<a href=\"https:\/\/ma-sante.news\/sante-mentale-comment-identifier-les-premiers-signes-dun-trouble\/\" target=\"_blank\" rel=\"noopener\">un trouble de sant\u00e9 mentale<\/a> li\u00e9 \u00e0 la maladie.<\/p>\n<p>Le barom\u00e8tre DiaMind, lui, enfonce le clou :<\/p>\n<ul class=\"wp-block-list\">\n<li>Pr\u00e8s de 79 % des personnes interrog\u00e9es \u00e9voquent un \u00e9puisement \u00e9motionnel,\u00a0<\/li>\n<li>48,5 % pr\u00e9sentent une v\u00e9ritable d\u00e9tresse li\u00e9e au diab\u00e8te.\u00a0<\/li>\n<\/ul>\n<p>Un constat li\u00e9 \u00e0 l\u2019usure provoqu\u00e9e par les exigences incessantes de la maladie. Anticiper chaque repas, surveiller la moindre variation, absorber l\u2019inqui\u00e9tude face aux complications, g\u00e9rer la culpabilit\u00e9 d\u2019un \u00e9cart\u2026 Tout cela finit par peser lourd, tr\u00e8s lourd. <a href=\"https:\/\/ma-sante.news\/fatigue-stress-renoncement-la-surcharge-mentale-mine-la-sante-des-femmes-actives\/\" target=\"_blank\" rel=\"noopener\">Les femmes, par ailleurs, semblent particuli\u00e8rement touch\u00e9es<\/a> par les sympt\u00f4mes d\u00e9pressifs.\u00a0<\/p>\n<p>        Sant\u00e9 mentale : comment les personnes diab\u00e9tiques vivent-elles vraiment la maladie ?    <\/p>\n<p>Sur le papier, beaucoup de patients assurent mener une vie \u201cnormale\u201d. Et, dans les faits, c\u2019est souvent vrai. Ils travaillent, conduisent, voyagent, s\u2019adaptent. Mais cette normalit\u00e9 est un \u00e9quilibre fragile, obtenu au prix d\u2019une vigilance quasi permanente. Rien \u00e0 voir avec de la simplicit\u00e9.<\/p>\n<p>Les \u00e9tudes de la F\u00e9d\u00e9ration Fran\u00e7aise des Diab\u00e9tiques montrent d\u2019ailleurs que la majorit\u00e9 des personnes se disent globalement satisfaites de leur qualit\u00e9 de vie. Ce bien-\u00eatre relatif tient beaucoup \u00e0 trois \u00e9l\u00e9ments : un suivi m\u00e9dical solide, une bonne compr\u00e9hension de la maladie et, surtout, un entourage pr\u00e9sent, qui ne minimise ni les contraintes ni la fatigue mentale.<\/p>\n<p>Mais cette apparente stabilit\u00e9 n\u2019efface pas l\u2019autre versant du v\u00e9cu. Car, en parall\u00e8le, les troubles psychiques restent nettement plus fr\u00e9quents chez les personnes diab\u00e9tiques que dans la population g\u00e9n\u00e9rale :<\/p>\n<p>La peur de l\u2019hypoglyc\u00e9mie, elle, est souvent cit\u00e9e comme l\u2019un des poids les plus lourds. Et pour certains, cette pression insidieuse finit par glisser <a href=\"https:\/\/ma-sante.news\/comment-reconnaitre-depression-369157-2\/\" target=\"_blank\" rel=\"noopener\">vers la d\u00e9pression.<\/a><\/p>\n<p>        D\u00e9pistage : comment savoir si on a du diab\u00e8te ?     <\/p>\n<p>D\u00e9tecter un diab\u00e8te ne demande qu\u2019<a href=\"https:\/\/ma-sante.news\/prise-de-sang-pourquoi-cest-important\/\" target=\"_blank\" rel=\"noopener\">une prise de sang<\/a> : <\/p>\n<ul class=\"wp-block-list\">\n<li>une glyc\u00e9mie \u00e0 jeun r\u00e9p\u00e9t\u00e9e si elle d\u00e9passe 1,26 g\/L, <\/li>\n<li>ou une HbA1c sup\u00e9rieure \u00e0 6,5 %. <\/li>\n<\/ul>\n<p>Mais beaucoup passent entre les mailles du filet, notamment dans les zones sous-m\u00e9dicalis\u00e9es. Or, d\u00e9pister t\u00f4t, c\u2019est aussi \u00e9viter la d\u00e9tresse li\u00e9e \u00e0 des complications mal anticip\u00e9es. Certains m\u00e9decins plaident m\u00eame pour int\u00e9grer un rep\u00e9rage psychologique syst\u00e9matique, en m\u00eame temps que le d\u00e9pistage m\u00e9tabolique. Les pays nordiques l\u2019ont d\u00e9j\u00e0 fait. La France r\u00e9fl\u00e9chit encore.<\/p>\n<p>Et cette question sera au c\u0153ur du colloque du 14 novembre 2025, journ\u00e9e mondiale du diab\u00e8te, organis\u00e9 par la F\u00e9d\u00e9ration Fran\u00e7aise des Diab\u00e9tiques \u00e0 la Maison de la Chimie. <\/p>\n<blockquote class=\"wp-block-quote is-layout-flow wp-block-quote-is-layout-flow\">\n<p><strong>\u00c0 SAVOIR<\/strong><\/p>\n<p>Si les types 1 et 2 sont les plus connus, d\u2019autres formes existent :<\/p>\n<p>Le diab\u00e8te gestationnel, survenant pendant la grossesse.<\/p>\n<p>Le diab\u00e8te MODY, d\u2019origine g\u00e9n\u00e9tique, rare et souvent m\u00e9connu.<\/p>\n<p>Le diab\u00e8te LADA, une forme auto-immune lente, diagnostiqu\u00e9e parfois tr\u00e8s tard.<\/p>\n<p>Les diab\u00e8tes secondaires, li\u00e9s \u00e0 certaines maladies (pancr\u00e9atites, maladies endocriniennes) ou \u00e0 certains traitements.<\/p>\n<\/blockquote>\n<p>  <a class=\"gofollow\" data-track=\"MTIsMCw2MA==\" href=\"https:\/\/ma-sante.news\/annonceurs\/\" target=\"_blank\" rel=\"noopener\"><img loading=\"lazy\" decoding=\"async\" width=\"2560\" height=\"2133\" src=\"data:image\/svg+xml,%3Csvg%20xmlns=\" http:=\"\" data-lazy-src=\"https:\/\/www.europesays.com\/fr\/wp-content\/uploads\/2025\/03\/pub-annonceurs-4-scaled.jpg\"\/><\/a>    <img loading=\"lazy\" decoding=\"async\" width=\"755\" height=\"495\" src=\"data:image\/svg+xml,%3Csvg%20xmlns=\" http:=\"\" data-lazy-src=\"https:\/\/www.europesays.com\/fr\/wp-content\/uploads\/2025\/03\/Image1.jpg\" data-lazy-src-webp=\"https:\/\/www.europesays.com\/fr\/wp-content\/uploads\/2025\/03\/Image1.jpg.webp\" class=\"ewww_webp_lazy_load\"\/>Inscrivez-vous \u00e0 notre newsletter <br \/>Ma Sant\u00e9                      <\/p>\n","protected":false},"excerpt":{"rendered":"Le diab\u00e8te de type 2 repr\u00e9sente 92 % des diagnostics, le type 1 environ 2 %, et les&hellip;\n","protected":false},"author":2,"featured_media":532214,"comment_status":"","ping_status":"","sticky":false,"template":"","format":"standard","meta":{"footnotes":""},"categories":[10],"tags":[6575,5506,1011,27,72,71,14041],"class_list":{"0":"post-532213","1":"post","2":"type-post","3":"status-publish","4":"format-standard","5":"has-post-thumbnail","7":"category-sante","8":"tag-diabu00e8te","9":"tag-du00e9pression","10":"tag-fr","11":"tag-france","12":"tag-health","13":"tag-sante","14":"tag-santu00e9-mentale"},"share_on_mastodon":{"url":"https:\/\/pubeurope.com\/@fr\/115544559856669091","error":""},"_links":{"self":[{"href":"https:\/\/www.europesays.com\/fr\/wp-json\/wp\/v2\/posts\/532213","targetHints":{"allow":["GET"]}}],"collection":[{"href":"https:\/\/www.europesays.com\/fr\/wp-json\/wp\/v2\/posts"}],"about":[{"href":"https:\/\/www.europesays.com\/fr\/wp-json\/wp\/v2\/types\/post"}],"author":[{"embeddable":true,"href":"https:\/\/www.europesays.com\/fr\/wp-json\/wp\/v2\/users\/2"}],"replies":[{"embeddable":true,"href":"https:\/\/www.europesays.com\/fr\/wp-json\/wp\/v2\/comments?post=532213"}],"version-history":[{"count":0,"href":"https:\/\/www.europesays.com\/fr\/wp-json\/wp\/v2\/posts\/532213\/revisions"}],"wp:featuredmedia":[{"embeddable":true,"href":"https:\/\/www.europesays.com\/fr\/wp-json\/wp\/v2\/media\/532214"}],"wp:attachment":[{"href":"https:\/\/www.europesays.com\/fr\/wp-json\/wp\/v2\/media?parent=532213"}],"wp:term":[{"taxonomy":"category","embeddable":true,"href":"https:\/\/www.europesays.com\/fr\/wp-json\/wp\/v2\/categories?post=532213"},{"taxonomy":"post_tag","embeddable":true,"href":"https:\/\/www.europesays.com\/fr\/wp-json\/wp\/v2\/tags?post=532213"}],"curies":[{"name":"wp","href":"https:\/\/api.w.org\/{rel}","templated":true}]}}