{"id":532219,"date":"2025-11-13T21:42:11","date_gmt":"2025-11-13T21:42:11","guid":{"rendered":"https:\/\/www.europesays.com\/fr\/532219\/"},"modified":"2025-11-13T21:42:11","modified_gmt":"2025-11-13T21:42:11","slug":"etes-vous-atteint-de-ce-mal-du-siecle-ce-que-les-chercheurs-appellent-fatigue-sociale-pourrait-toucher-plus-de-50-de-la-population-francaise","status":"publish","type":"post","link":"https:\/\/www.europesays.com\/fr\/532219\/","title":{"rendered":"Etes-vous atteint de ce mal du si\u00e8cle ? Ce que les chercheurs appellent \u00ab\u00a0fatigue sociale\u00a0\u00bb pourrait toucher plus de 50% de la population fran\u00e7aise"},"content":{"rendered":"<p>Un coup de fatigue soudain apr\u00e8s une longue discussion de groupe, le sentiment d&rsquo;\u00eatre vid\u00e9 d&rsquo;\u00e9nergie en quittant une visio, ou cette lassitude qui s&rsquo;installe discr\u00e8tement apr\u00e8s une session de r\u00e9seaux sociaux\u2026 Et si ce n&rsquo;\u00e9tait ni de la paresse, ni le contrecoup d&rsquo;une m\u00e9t\u00e9o automnale ? Aujourd&rsquo;hui, plus discr\u00e8te qu&rsquo;un rhume mais tout aussi r\u00e9pandue, la \u00ab fatigue sociale num\u00e9rique \u00bb s&rsquo;installe dans le quotidien de millions de Fran\u00e7ais. Ce ph\u00e9nom\u00e8ne, massif mais mal connu, interroge notre rapport aux \u00e9changes en ligne, surtout \u00e0 l&rsquo;heure o\u00f9 l&rsquo;hiver pointe son nez et que le cocon du foyer devient si attirant. Seriez-vous, vous aussi, concern\u00e9 sans m\u00eame le savoir ?<\/p>\n<p>La fatigue sociale num\u00e9rique : quand l&rsquo;overdose de connexion p\u00e8se sur notre humeur<\/p>\n<p>Jadis, les \u00e9changes entre proches rimaient avec retrouvailles en terrasse ou d\u00eeners anim\u00e9s. Mais aujourd&rsquo;hui, entre messages instantan\u00e9s, notifications en rafales et visioconf\u00e9rences \u00e0 la cha\u00eene, la convivialit\u00e9 a bascul\u00e9 en intensit\u00e9. La vie sociale, d\u00e9sormais <strong>amplifi\u00e9e par les \u00e9crans<\/strong>, envahit chaque moment du quotidien \u2013 au risque de laisser certains sur le bord de la route, essouffl\u00e9s par trop d&rsquo;interactions impos\u00e9es.<\/p>\n<p>Les signes de cette lassitude sont souvent subtils, mais bien r\u00e9els. Apathie, irritabilit\u00e9, sensation d&rsquo;ennui ou de saturation apr\u00e8s m\u00eame un simple \u00ab bonjour \u00bb virtuel\u2026 Parfois, le <strong>besoin de ne plus r\u00e9pondre<\/strong> \u00e0 personne devient imp\u00e9rieux. Pour beaucoup, il ne s&rsquo;agit pas seulement de se d\u00e9tacher des \u00e9crans, mais bien de reprendre son souffle dans un monde num\u00e9rique devenu envahissant.<\/p>\n<p>Ce que les chercheurs r\u00e9v\u00e8lent : la dopamine au c\u0153ur du probl\u00e8me<\/p>\n<p>Derri\u00e8re cette sensation d&rsquo;\u00e9puisement se cache un m\u00e9canisme biologique limpide. \u00c0 chaque interaction num\u00e9rique \u2013 qu&rsquo;il s&rsquo;agisse d&rsquo;un \u00ab j&rsquo;aime \u00bb, d&rsquo;un message ou d&rsquo;un appel vid\u00e9o \u2013 notre cerveau lib\u00e8re de la dopamine, le neurotransmetteur du plaisir et de la motivation. Mais \u00e0 force de sollicitations, le syst\u00e8me s&#8217;emballe : le cerveau se <strong>vide progressivement de dopamine<\/strong>, provoquant cette fameuse \u00ab fatigue sociale \u00bb.<\/p>\n<p>En France, on estime aujourd&rsquo;hui que <strong>plus d&rsquo;un Fran\u00e7ais sur deux<\/strong> se d\u00e9clare r\u00e9guli\u00e8rement \u00ab satur\u00e9 \u00bb par les \u00e9changes en ligne, surtout en p\u00e9riode automnale o\u00f9 l&rsquo;on passe davantage de temps \u00e0 la maison. Cette vague de surmenage social num\u00e9rique n&rsquo;\u00e9pargne aucune g\u00e9n\u00e9ration, m\u00eame si les seniors se montrent parfois moins \u00e0 l&rsquo;aise avec cette sociabilit\u00e9 impos\u00e9e en continu.<\/p>\n<p>R\u00e9seaux sociaux, messageries, mails : pourquoi le flot ne s&rsquo;arr\u00eate jamais ?<\/p>\n<p>Hyperconnect\u00e9s, souvent par n\u00e9cessit\u00e9 professionnelle, mais aussi happ\u00e9s par habitude ou pression implicite, la plupart des Fran\u00e7ais ressentent aujourd&rsquo;hui cette <strong>obligation tacite de rester joignables<\/strong> \u00e0 tout moment. Pas de r\u00e9pit : entre les messages familiaux, les notifications des groupes d&rsquo;amis, ou encore les sollicitations professionnelles qui d\u00e9bordent sur la soir\u00e9e, le flux ne tarit jamais vraiment.<\/p>\n<p>La pression n&rsquo;est pas toujours visible, mais elle est bien l\u00e0. Entre la peur de manquer une information importante, le fameux FOMO (Fear Of Missing Out), et l&rsquo;injonction \u00e0 r\u00e9agir imm\u00e9diatement, nos cerveaux naviguent en permanence entre attente et obligation. L&rsquo;\u00e9puisement s&rsquo;installe \u00e0 bas bruit, creusant un foss\u00e9 entre le plaisir initial des \u00e9changes et l&rsquo;usure qu&rsquo;ils imposent au fil du temps.<\/p>\n<p>Zoom sur le cerveau qui sature : quand le plaisir vire \u00e0 l&rsquo;\u00e9puisement<\/p>\n<p>Au d\u00e9but, chaque interaction g\u00e9n\u00e8re un pic de dopamine, procurant satisfaction et enthousiasme. Mais \u00e0 mesure que les sollicitations se multiplient et s&rsquo;allongent, cette production se tarit : c&rsquo;est le fameux <strong>\u00ab crash \u00bb de la dopamine<\/strong>. Les neurones, sollicit\u00e9s sans rel\u00e2che, n&rsquo;ont plus le temps de r\u00e9cup\u00e9rer. Le r\u00e9sultat ? Une vraie sensation de vide et de fatigue, qui peut surprendre m\u00eame les plus sociables.<\/p>\n<p>Qui n&rsquo;a jamais ressenti ce flottement apr\u00e8s une \u00e9ni\u00e8me r\u00e9union sur Zoom, ou cette sensation de n&rsquo;avoir plus envie de parler \u00e0 personne, m\u00eame \u00e0 ses proches ? Ce sentiment de d\u00e9connexion int\u00e9rieure malgr\u00e9 la multiplication des contacts est une r\u00e9alit\u00e9 que beaucoup d\u00e9couvrent, souvent \u00e0 leurs d\u00e9pens, \u00e0 mesure que l&rsquo;intensit\u00e9 sociale en ligne s&rsquo;invite au c\u0153ur du salon.<\/p>\n<p>Sortir du cercle vicieux : reconna\u00eetre, agir, pr\u00e9server sa vitalit\u00e9 mentale<\/p>\n<p>Le premier pas pour mieux vivre avec la fatigue sociale num\u00e9rique, c&rsquo;est d&rsquo;apprendre \u00e0 <strong>rep\u00e9rer ses propres signaux d&rsquo;alerte<\/strong>. Un sommeil perturb\u00e9, l&rsquo;envie de tout couper, une humeur maussade \u00e0 force d&rsquo;\u00e9changes : autant de petits indicateurs \u00e0 \u00e9couter pour ne pas sombrer dans la d\u00e9connexion forc\u00e9e.<\/p>\n<p>Heureusement, il existe <strong>des solutions simples et efficaces<\/strong> pour pr\u00e9server son \u00e9quilibre. Fixer des cr\u00e9neaux de connexion volontaire, d\u00e9sactiver certaines notifications, instaurer des pauses r\u00e9guli\u00e8res loin des \u00e9crans, ou s&rsquo;accorder une journ\u00e9e \u00ab sans r\u00e9seau \u00bb de temps en temps\u2026 Autant de gestes concrets pour reprendre la main et prot\u00e9ger sa vitalit\u00e9 mentale.<\/p>\n<p>Demain, vers une hygi\u00e8ne sociale num\u00e9rique plus saine ?<\/p>\n<p>L&rsquo;enjeu pour l&rsquo;avenir est clair : inventer des outils et des rythmes de vie qui respectent le cerveau et sa facult\u00e9 \u00e0 savourer les interactions, sans en subir la tyrannie. La science explore aujourd&rsquo;hui des pistes vari\u00e9es, de la <strong>limitation des notifications<\/strong> \u00e0 de nouveaux protocoles de communication, capables d&rsquo;espacer les sollicitations et de r\u00e9instaurer le plaisir du contact.<\/p>\n<p>Pour chacun, la prochaine \u00e9tape consiste peut-\u00eatre \u00e0 <strong>r\u00e9inventer son rapport \u00e0 la sociabilit\u00e9 digitale<\/strong> : privil\u00e9gier la qualit\u00e9 des \u00e9changes \u00e0 la quantit\u00e9, s&rsquo;autoriser des pauses, et retrouver, petit \u00e0 petit, le go\u00fbt des vraies rencontres, loin du d\u00e9luge de messages. Cette fin d&rsquo;ann\u00e9e offre d&rsquo;ailleurs un moment id\u00e9al pour se ressourcer, profiter de la douceur des soir\u00e9es d&rsquo;automne, et r\u00e9apprendre \u00e0 se recentrer sur l&rsquo;essentiel.<\/p>\n<p>La fatigue sociale num\u00e9rique n&rsquo;est pas une fatalit\u00e9, mais un signal \u00e0 \u00e9couter. Prendre soin de son \u00e9quilibre, c&rsquo;est aussi repenser la place que l&rsquo;on accorde \u00e0 la connexion dans sa vie \u2013 pour retrouver <strong>\u00e9nergie, plaisir et authentique sociabilit\u00e9<\/strong>. Alors, la prochaine fois que la lassitude num\u00e9rique frappe \u00e0 votre porte, n&rsquo;h\u00e9sitez pas \u00e0 faire une pause. Le bien-\u00eatre commence parfois par un simple geste : oser se d\u00e9connecter pour mieux se retrouver.<\/p>\n","protected":false},"excerpt":{"rendered":"Un coup de fatigue soudain apr\u00e8s une longue discussion de groupe, le sentiment d&rsquo;\u00eatre vid\u00e9 d&rsquo;\u00e9nergie en quittant&hellip;\n","protected":false},"author":2,"featured_media":532220,"comment_status":"","ping_status":"","sticky":false,"template":"","format":"standard","meta":{"footnotes":""},"categories":[7],"tags":[1011,27,56,43,40,41,39,42,44],"class_list":{"0":"post-532219","1":"post","2":"type-post","3":"status-publish","4":"format-standard","5":"has-post-thumbnail","7":"category-sciences-et-technologies","8":"tag-fr","9":"tag-france","10":"tag-push","11":"tag-science","12":"tag-science-and-technology","13":"tag-sciences","14":"tag-sciences-et-technologies","15":"tag-technologies","16":"tag-technology"},"share_on_mastodon":{"url":"https:\/\/pubeurope.com\/@fr\/115544571428332958","error":""},"_links":{"self":[{"href":"https:\/\/www.europesays.com\/fr\/wp-json\/wp\/v2\/posts\/532219","targetHints":{"allow":["GET"]}}],"collection":[{"href":"https:\/\/www.europesays.com\/fr\/wp-json\/wp\/v2\/posts"}],"about":[{"href":"https:\/\/www.europesays.com\/fr\/wp-json\/wp\/v2\/types\/post"}],"author":[{"embeddable":true,"href":"https:\/\/www.europesays.com\/fr\/wp-json\/wp\/v2\/users\/2"}],"replies":[{"embeddable":true,"href":"https:\/\/www.europesays.com\/fr\/wp-json\/wp\/v2\/comments?post=532219"}],"version-history":[{"count":0,"href":"https:\/\/www.europesays.com\/fr\/wp-json\/wp\/v2\/posts\/532219\/revisions"}],"wp:featuredmedia":[{"embeddable":true,"href":"https:\/\/www.europesays.com\/fr\/wp-json\/wp\/v2\/media\/532220"}],"wp:attachment":[{"href":"https:\/\/www.europesays.com\/fr\/wp-json\/wp\/v2\/media?parent=532219"}],"wp:term":[{"taxonomy":"category","embeddable":true,"href":"https:\/\/www.europesays.com\/fr\/wp-json\/wp\/v2\/categories?post=532219"},{"taxonomy":"post_tag","embeddable":true,"href":"https:\/\/www.europesays.com\/fr\/wp-json\/wp\/v2\/tags?post=532219"}],"curies":[{"name":"wp","href":"https:\/\/api.w.org\/{rel}","templated":true}]}}