{"id":532225,"date":"2025-11-13T21:45:14","date_gmt":"2025-11-13T21:45:14","guid":{"rendered":"https:\/\/www.europesays.com\/fr\/532225\/"},"modified":"2025-11-13T21:45:14","modified_gmt":"2025-11-13T21:45:14","slug":"apres-la-liberation-de-boualem-sansal-reglements-de-comptes-entre-les-camps-macron-et-retailleau","status":"publish","type":"post","link":"https:\/\/www.europesays.com\/fr\/532225\/","title":{"rendered":"Apr\u00e8s la lib\u00e9ration de Boualem Sansal, r\u00e8glements de comptes entre les camps Macron et Retailleau"},"content":{"rendered":"<p>\n    <strong>R\u00c9CIT<\/strong> &#8211; L\u2019ex\u00e9cutif a rivalis\u00e9 d\u2019allusions revanchardes \u00e0 l\u2019\u00e9gard du patron de la droite, qui, \u00e0 Beauvau, d\u00e9non\u00e7ait la \u00ab\u00a0diplomatie des bons sentiments\u00a0\u00bb et pr\u00f4nait un \u00ab\u00a0rapport de force\u00a0\u00bb avec l\u2019Alg\u00e9rie.<\/p>\n<p class=\"fig-paragraph\">D\u00e8s avant sa sortie du gouvernement, Bruno Retailleau en \u00e9tait convaincu.\u00a0<a href=\"http:\/\/www.lefigaro.fr\/politique\/bruno-retailleau-et-les-incertitudes-de-l-apres-beauvau-20251012\" target=\"_blank\" data-fig-type=\"Article\" rel=\"noopener\" data-gtm-custom-categorie=\"navigation\" data-gtm-custom-action=\"crossclick\" data-gtm-custom-label=\"Contextuel\" data-gtm-event=\"customEventSPE\" data-fig-domain=\"LEFIGARO\">Une fois \u00e9cart\u00e9 de l\u2019\u00e9quipe de S\u00e9bastien Lecornu<\/a>, il s\u2019attendait \u00e0 ce que la situation de Boualem Sansal, arbitrairement retenu en Alg\u00e9rie, se d\u00e9bloque d\u2019une mani\u00e8re ou d\u2019une autre. Or,\u00a0<a href=\"http:\/\/www.lefigaro.fr\/international\/boualem-sansal-un-an-dans-le-piege-de-la-diplomatie-franco-algerienne-20251113\" data-fig-type=\"Article\" data-gtm-custom-categorie=\"navigation\" data-gtm-custom-action=\"crossclick\" data-gtm-custom-label=\"Contextuel\" data-gtm-event=\"customEventSPE\" data-fig-domain=\"LEFIGARO\" target=\"_blank\" rel=\"noopener\">un an apr\u00e8s l\u2019arrestation<\/a>\u00a0de l\u2019\u00e9crivain franco-alg\u00e9rien, le pr\u00e9sident Abdelmadjid Tebboune a opportun\u00e9ment acc\u00e9d\u00e9 mercredi \u00e0 la demande de\u00a0<a href=\"http:\/\/www.lefigaro.fr\/international\/le-president-allemand-frank-walter-steinmeier-appelle-son-homologue-algerien-a-gracier-boualem-sansal-20251110\" data-fig-type=\"NewsFlash\" data-gtm-custom-categorie=\"navigation\" data-gtm-custom-action=\"crossclick\" data-gtm-custom-label=\"Contextuel\" data-gtm-event=\"customEventSPE\" data-fig-domain=\"LEFIGARO\" target=\"_blank\" rel=\"noopener\">son homologue allemand<\/a>\u00a0d\u2019accorder une gr\u00e2ce humanitaire.<\/p>\n<p class=\"fig-paragraph\">\u00ab\u00a0Il va enfin retrouver les siens et retrouver la France, \u00e0 laquelle il avait tant manqu\u00e9. C\u2019est un immense soulagement et une tr\u00e8s grande joie\u00a0\u00bb, s\u2019est sobrement r\u00e9joui le pr\u00e9sident des R\u00e9publicains (LR), qui pr\u00f4nait depuis Beauvau un \u00ab\u00a0rapport de force\u00a0\u00bb avec l\u2019Alg\u00e9rie et d\u00e9non\u00e7ait l\u2019\u00e9chec de la \u00ab\u00a0diplomatie des bons sentiments\u00a0\u00bb &#8211;\u00a0entra\u00eenant de vives crispations avec le Quai d\u2019Orsay et jusqu\u2019au sommet de l\u2019\u00c9tat.<\/p>\n<p class=\"fig-body-link\">\n            \u00c0 lire aussi<br \/>\n        <a class=\"fig-body-link__link fig-premium-mark\" href=\"http:\/\/www.lefigaro.fr\/vox\/politique\/l-editorial-de-vincent-tremolet-de-villers-du-13-novembre-2015-a-boualem-sansal-le-combat-de-la-liberte-20251112\" target=\"_blank\" data-fig-type=\"Article\" rel=\"noopener\" data-gtm-custom-categorie=\"navigation\" data-gtm-custom-action=\"crossclick\" data-gtm-custom-label=\"Contextuel\" data-gtm-event=\"customEventSPE\" data-fig-domain=\"LEFIGARO\"><\/p>\n<p>        L&rsquo;\u00e9ditorial de Vincent Tr\u00e9molet de Villers: \u00abDu 13 novembre 2015 \u00e0 Boualem Sansal, le combat de la libert\u00e9\u00bb<br \/>\n    <\/a>\n<\/p>\n<p class=\"fig-paragraph\">L\u2019annonce de la\u00a0<a href=\"http:\/\/www.lefigaro.fr\/vox\/culture\/kamel-daoud-au-figaro-aujourd-hui-boualem-sansal-est-libre-mais-reste-a-liberer-toute-l-algerie-20251112\" target=\"_blank\" data-fig-type=\"Article\" rel=\"noopener\" data-gtm-custom-categorie=\"navigation\" data-gtm-custom-action=\"crossclick\" data-gtm-custom-label=\"Contextuel\" data-gtm-event=\"customEventSPE\" data-fig-domain=\"LEFIGARO\">lib\u00e9ration de Boualem Sansal<\/a>\u00a0a imm\u00e9diatement \u00e9t\u00e9 entach\u00e9e d\u2019un parfum de r\u00e8glements de comptes. D\u00e8s\u2026<\/p>\n<p class=\"fig-premium-paywall__infos\">\n        Cet article est r\u00e9serv\u00e9 aux abonn\u00e9s.        Il vous reste 81% \u00e0 d\u00e9couvrir.\n    <\/p>\n<p>                <img  data- alt=\"Le Figaro\" class=\"fig-img--complete fig-img\"\/><\/p>\n<p class=\"fig-premium-paywall__title\">Black Friday<\/p>\n<p class=\"fig-premium-paywall__subtitle\">-70% sur l&rsquo;abonnement num\u00e9rique<\/p>\n<p class=\"fig-premium-paywall__connect\">\n                D\u00e9j\u00e0 abonn\u00e9\u00a0?                <a class=\"fig-premium-paywall__connect-link\" href=\"https:\/\/connect.lefigaro.fr\/login?client=horizon_web&amp;type=main&amp;redirect_uri=https%3A%2F%2Fwww.lefigaro.fr%2Finternational%2Fapres-la-liberation-de-boualem-sansal-reglements-de-comptes-entre-les-camps-macron-et-retailleau-20251113\" data-js-gtm=\"{&quot;customCategorie&quot;: &quot;conversion&quot;, &quot;customAction&quot;: &quot;before_Landing_Connexion_paywall_auto&quot;, &quot;customLabel&quot;: &quot;bGVmaWdhcm8uZnJfXzFmMGMwN2IwLTA5ZDUtNmQzNi1hZjgxLTI3YzA3OWQ3ZDM0Y19fQXJ0aWNsZQ==_Apr\u00e8s la lib\u00e9ration de Boualem Sansal, r\u00e8glements de comptes entre les camps Macron et Retailleau_112&quot;, &quot;customIDSPE&quot;: &quot;bGVmaWdhcm8uZnJfXzFmMGMwN2IwLTA5ZDUtNmQzNi1hZjgxLTI3YzA3OWQ3ZDM0Y19fQXJ0aWNsZQ==&quot;, &quot;event&quot;: &quot;customEventSPE&quot;}\" target=\"_blank\" rel=\"noopener\"><br \/>\n                    Connectez-vous<br \/>\n                <\/a>\n            <\/p>\n","protected":false},"excerpt":{"rendered":"R\u00c9CIT &#8211; L\u2019ex\u00e9cutif a rivalis\u00e9 d\u2019allusions revanchardes \u00e0 l\u2019\u00e9gard du patron de la droite, qui, \u00e0 Beauvau, d\u00e9non\u00e7ait&hellip;\n","protected":false},"author":2,"featured_media":532226,"comment_status":"","ping_status":"","sticky":false,"template":"","format":"standard","meta":{"footnotes":""},"categories":[4],"tags":[3185,11,15,4142,1013,1073,1011,27,12,25],"class_list":{"0":"post-532225","1":"post","2":"type-post","3":"status-publish","4":"format-standard","5":"has-post-thumbnail","7":"category-france","8":"tag-abdelmadjid-tebboune","9":"tag-actualites","10":"tag-algerie","11":"tag-boualem-sansal","12":"tag-bruno-retailleau","13":"tag-emmanuel-macron","14":"tag-fr","15":"tag-france","16":"tag-news","17":"tag-republique-francaise"},"share_on_mastodon":{"url":"https:\/\/pubeurope.com\/@fr\/115544583341988056","error":""},"_links":{"self":[{"href":"https:\/\/www.europesays.com\/fr\/wp-json\/wp\/v2\/posts\/532225","targetHints":{"allow":["GET"]}}],"collection":[{"href":"https:\/\/www.europesays.com\/fr\/wp-json\/wp\/v2\/posts"}],"about":[{"href":"https:\/\/www.europesays.com\/fr\/wp-json\/wp\/v2\/types\/post"}],"author":[{"embeddable":true,"href":"https:\/\/www.europesays.com\/fr\/wp-json\/wp\/v2\/users\/2"}],"replies":[{"embeddable":true,"href":"https:\/\/www.europesays.com\/fr\/wp-json\/wp\/v2\/comments?post=532225"}],"version-history":[{"count":0,"href":"https:\/\/www.europesays.com\/fr\/wp-json\/wp\/v2\/posts\/532225\/revisions"}],"wp:featuredmedia":[{"embeddable":true,"href":"https:\/\/www.europesays.com\/fr\/wp-json\/wp\/v2\/media\/532226"}],"wp:attachment":[{"href":"https:\/\/www.europesays.com\/fr\/wp-json\/wp\/v2\/media?parent=532225"}],"wp:term":[{"taxonomy":"category","embeddable":true,"href":"https:\/\/www.europesays.com\/fr\/wp-json\/wp\/v2\/categories?post=532225"},{"taxonomy":"post_tag","embeddable":true,"href":"https:\/\/www.europesays.com\/fr\/wp-json\/wp\/v2\/tags?post=532225"}],"curies":[{"name":"wp","href":"https:\/\/api.w.org\/{rel}","templated":true}]}}