{"id":532231,"date":"2025-11-13T21:48:13","date_gmt":"2025-11-13T21:48:13","guid":{"rendered":"https:\/\/www.europesays.com\/fr\/532231\/"},"modified":"2025-11-13T21:48:13","modified_gmt":"2025-11-13T21:48:13","slug":"sport-quetigny-saint-etienne-jda-dijon-dmh-semi-marathon-demandez-le-programme","status":"publish","type":"post","link":"https:\/\/www.europesays.com\/fr\/532231\/","title":{"rendered":"Sport. Quetigny &#8211; Saint-Etienne, JDA Dijon, DMH, semi-marathon&#8230; Demandez le programme"},"content":{"rendered":"<p>VENDREDI 14\u00a0NOVEMBRE<\/p>\n<p>\u25b6\u2002<strong>Starligue (10e journ\u00e9e)\u200a:<\/strong> Dijon MH &#8211; Saint-Rapha\u00ebl (20h30, palais des Sports).<\/p>\n<p>\u00a0<\/p>\n<p>SAMEDI 15\u00a0NOVEMBRE<\/p>\n<p>ATHL\u00c9TISME<\/p>\n<p>\u25b6\u2002Semi-marathon de la vente des vins de Beaune (13h40).<\/p>\n<p>BASKET<\/p>\n<p>Matches \u00e0 20 heures, sauf mentions.<\/p>\n<p>\u25b6\u2002<strong>\u00c9lite (8e journ\u00e9e)\u200a:<\/strong> JDA Dijon &#8211; Gravelines (18h10, palais des Sports).<\/p>\n<p>\u25b6\u2002<strong>Espoirs\u200a:<\/strong> JDA Dijon &#8211; Gravelines (14h15, palais des Sports).<\/p>\n<p>\u25b6\u2002<strong>Nationale 1 f\u00e9minine\u200a:<\/strong> CSL Dijon &#8211; Nord Alsace (\u00c9pirey).<\/p>\n<p>\u25b6\u2002<strong>Nationale 2 masculine\u200a:<\/strong> Gennevilliers &#8211; DA Dijon 21.<\/p>\n<p>\u25b6\u2002N<strong>ationale 3 masculine\u200a:<\/strong> Chen\u00f4ve &#8211; Mulhouse (Mail), Riedisheim &#8211; Nuits.<\/p>\n<p>\u00a0<\/p>\n<p>FOOTBALL<\/p>\n<p>\u25b6\u2002<strong>Coupe de France (7e tour)\u200a:<\/strong> ASPTT Dijon &#8211; Le Puy (14 heures, Astragale), Quetigny &#8211; Saint-\u00c9tienne (20h30, Gaston-G\u00e9rard).<\/p>\n<p>\u25b6\u2002<strong>Coupe de la Ligue f\u00e9minine\u200a:<\/strong> Metz &#8211; DFCO (14h30).<\/p>\n<p>\u25b6\u2002<strong>R\u00e9gional 1\u200a:<\/strong> Gueugnon &#8211; Saint-Apollinaire (18 heures).<\/p>\n<p>\u25b6\u2002<strong>R\u00e9gional 2\u200a:<\/strong> Beaune &#8211; Decize (19 heures, Ch\u00e2teau), Lons &#8211; Chevigny (19 heures).<\/p>\n<p>\u25b6<strong>\u2002R\u00e9gional 3\u200a:<\/strong> Saint-Marcel B &#8211; USC Dijon B (19 heures).<\/p>\n<p>\u00a0<\/p>\n<p>HALT\u00c9ROPHILIE<\/p>\n<p>\u25b6\u2002Top 9 \u00e0 Dijon (14 heures, Jean-Marion).<\/p>\n<p>\u00a0<\/p>\n<p>HANDBALL<\/p>\n<p>\u25b6\u2002<strong>Nationale 1 f\u00e9minine\u200a:<\/strong> JDA Dijon 2 &#8211; Narbonne (19 heures, Poussots).<\/p>\n<p>\u25b6\u2002<strong>Nationale 2 f\u00e9minine\u200a:<\/strong> Chamb\u00e9ry &#8211; Longvic (18h30), Vesoul &#8211; Talant (20 heures), Chevigny &#8211; Reichstett (20h45, Eric-Chenevoy).<\/p>\n<p>\u25b6\u2002<strong>Nationale 1 masculine\u200a:<\/strong> Torcy &#8211; Beaune (20h30).<\/p>\n<p>\u25b6\u2002<strong>Nationale 2 masculine\u200a:<\/strong> Marsannay &#8211; Besan\u00e7on 2 (20h30, Georges-Enselme), Nevers &#8211; Longvic (20h30).<\/p>\n<p>\u25b6\u2002<strong>Nationale 3 masculine\u200a:<\/strong> Chevigny &#8211; Homecourt (18h30, Eric-Chenevoy), Strasbourg &#8211; Dijon MH 2 (20 heures).<\/p>\n<p>\u00a0<\/p>\n<p>HOCKEY<\/p>\n<p>\u25b6\u2002<strong>Division 2\u200a:<\/strong> HC Dijon &#8211; Montpellier (19h45, Trimolet).<\/p>\n<p>\u00a0<\/p>\n<p>TENNIS DE TABLE<\/p>\n<p>Matches \u00e0 16 heures.<\/p>\n<p>\u25b6\u2002<strong>Nationale 2 f\u00e9minine\u200a:<\/strong> Kremlin-Bic\u00eatre &#8211; Dijon.<\/p>\n<p>\u25b6\u2002<strong>Nationale 3 masculine\u200a:<\/strong> Boulogne-sur-Mer &#8211; Chevigny.<\/p>\n<p>DIMANCHE 16\u00a0NOVEMBRE<\/p>\n<p>BASKET<\/p>\n<p>\u25b6\u2002Nationale 3 f\u00e9minine\u200a: DA Dijon 21 &#8211; Nord Alsace 2 (Herv\u00e9-Li\u00e9mans), Wittenheim &#8211; CSL Dijon 2.<\/p>\n<p>FOOTBALL\u00a0<\/p>\n<p>Matches \u00e0 14h30, sauf mentions.<\/p>\n<p>\u25b6\u2002<strong>Division 3 f\u00e9minine\u200a:<\/strong> Cannes &#8211; Longvic (12 heures).<\/p>\n<p>\u25b6\u2002<strong>U19 Nationaux\u200a:<\/strong> ASPTT Dijon &#8211; Montfermeil (Astragale), Sochaux &#8211; Dijon FCO.<\/p>\n<p>\u25b6\u2002<strong>U17 Nationaux\u200a:<\/strong> ASPTT Dijon &#8211; Annecy (12h30, Astragale), Dijon FCO &#8211; Olympique Lyonnais (DFCO Park).<\/p>\n<p>\u25b6<strong>\u2002Coupe de France (6e tour)\u200a:<\/strong> Mauguio &#8211; Is\/Selongey (14 heures).<\/p>\n<p>\u25b6\u2002<strong>R\u00e9gional 2\u200a:<\/strong> Fontaine &#8211; EF Villages (Michel-Ratel), ASPTT Dijon B &#8211; Gueugnon B (Michel-Gallot), Ch\u00e2tillon &#8211; Sornay (Jean-Louis-Studer), Longvic &#8211; Fauverney (Maurice-Colson), Saint-Sernin &#8211; Marsannay.<\/p>\n<p>\u25b6\u2002<strong>R\u00e9gional 3\u200a:<\/strong> Gevrey &#8211; Fontaine B (Roger-Barbier), Quetigny B &#8211; Jura Dolois C (C\u00e8dres), Genlis &#8211; Perrouse (Nicolot), Sa\u00f4ne\/Mamirolle &#8211; Tilles FC, Saint-Jean-de-Losne &#8211; Audeux (Maison-Dieu).<\/p>\n<p>HANDBALL<\/p>\n<p>\u25b6\u2002Ligue europ\u00e9enne (3e tour retour)\u200a: JDA Dijon &#8211; Bera Bera (17 heures, palais des Sports).<\/p>\n<p>\u00a0<\/p>\n<p>RUGBY<\/p>\n<p>Matches \u00e0 15 heures, sauf mentions.<\/p>\n<p>\u25b6\u2002<strong>F\u00e9d\u00e9rale 1\u200a:<\/strong> Nuits &#8211; Agde (15h15).<\/p>\n<p>\u25b6\u2002<strong>F\u00e9d\u00e9rale 3\u200a:<\/strong> Metz &#8211; Genlis (15h15).<\/p>\n<p>\u25b6\u2002<strong>F\u00e9d\u00e9rale 1 f\u00e9minine\u200a:<\/strong> RF Dijon &#8211; Illkirch (Bourillot).<\/p>\n<p>\u25b6\u2002<strong>R\u00e9gionale 1\u200a:<\/strong> Chagny &#8211; Stade dijonnais, Pays charolais &#8211; Chambertin olympique, Autun &#8211; Saint-Apollinaire, Champagnole &#8211; Seurre.<\/p>\n<p>\u25b6\u2002<strong>R\u00e9gionale 2\u200a:<\/strong> Is\/Tille &#8211; Toucy (plaine de jeux).<\/p>\n<p>\u25b6\u2002<strong>R\u00e9gionale 3\u200a:<\/strong> Auxonne &#8211; Ch\u00e2tenoy (Robert-Bousquet), RC Dijon &#8211; Chen\u00f4ve (Terrasson), Ordon &#8211; Montbard, Saulieu &#8211; Vauzelles (stade municipal).<\/p>\n<p>TENNIS<\/p>\n<p>\u25b6\u2002<strong>Pro B\u200a:<\/strong> Longvic &#8211; Annecy (10 heures, Maurice-Colson).<\/p>\n<p>\u00a0<\/p>\n<p>VOLLEY<\/p>\n<p>Matches \u00e0 14 heures.<\/p>\n<p>\u25b6\u2002<strong>Nationale 3 masculine\u200a:<\/strong> Fontenay &#8211; Fontaine, Meyzieu &#8211; Chen\u00f4ve.<\/p>\n","protected":false},"excerpt":{"rendered":"VENDREDI 14\u00a0NOVEMBRE \u25b6\u2002Starligue (10e journ\u00e9e)\u200a: Dijon MH &#8211; Saint-Rapha\u00ebl (20h30, palais des Sports). \u00a0 SAMEDI 15\u00a0NOVEMBRE ATHL\u00c9TISME \u25b6\u2002Semi-marathon&hellip;\n","protected":false},"author":2,"featured_media":532232,"comment_status":"","ping_status":"","sticky":false,"template":"","format":"standard","meta":{"footnotes":""},"categories":[9653],"tags":[1111,11,4132,2430,1791,2931,2930,1777,674,107,63,1011,27,1792,4133,12,25,4001,517,1467,1632],"class_list":{"0":"post-532231","1":"post","2":"type-post","3":"status-publish","4":"format-standard","5":"has-post-thumbnail","7":"category-saint-etienne","8":"tag-actu","9":"tag-actualites","10":"tag-athletisme","11":"tag-auvergne-rhone-alpes","12":"tag-basket-ball","13":"tag-cote-dor","14":"tag-dijon","15":"tag-eu","16":"tag-europe","17":"tag-fil-info","18":"tag-football","19":"tag-fr","20":"tag-france","21":"tag-handball","22":"tag-hockey-sur-glace","23":"tag-news","24":"tag-republique-francaise","25":"tag-saint-etienne","26":"tag-sport","27":"tag-tennis","28":"tag-volley-ball"},"share_on_mastodon":{"url":"https:\/\/pubeurope.com\/@fr\/115544595214944873","error":""},"_links":{"self":[{"href":"https:\/\/www.europesays.com\/fr\/wp-json\/wp\/v2\/posts\/532231","targetHints":{"allow":["GET"]}}],"collection":[{"href":"https:\/\/www.europesays.com\/fr\/wp-json\/wp\/v2\/posts"}],"about":[{"href":"https:\/\/www.europesays.com\/fr\/wp-json\/wp\/v2\/types\/post"}],"author":[{"embeddable":true,"href":"https:\/\/www.europesays.com\/fr\/wp-json\/wp\/v2\/users\/2"}],"replies":[{"embeddable":true,"href":"https:\/\/www.europesays.com\/fr\/wp-json\/wp\/v2\/comments?post=532231"}],"version-history":[{"count":0,"href":"https:\/\/www.europesays.com\/fr\/wp-json\/wp\/v2\/posts\/532231\/revisions"}],"wp:featuredmedia":[{"embeddable":true,"href":"https:\/\/www.europesays.com\/fr\/wp-json\/wp\/v2\/media\/532232"}],"wp:attachment":[{"href":"https:\/\/www.europesays.com\/fr\/wp-json\/wp\/v2\/media?parent=532231"}],"wp:term":[{"taxonomy":"category","embeddable":true,"href":"https:\/\/www.europesays.com\/fr\/wp-json\/wp\/v2\/categories?post=532231"},{"taxonomy":"post_tag","embeddable":true,"href":"https:\/\/www.europesays.com\/fr\/wp-json\/wp\/v2\/tags?post=532231"}],"curies":[{"name":"wp","href":"https:\/\/api.w.org\/{rel}","templated":true}]}}