{"id":532238,"date":"2025-11-13T21:54:10","date_gmt":"2025-11-13T21:54:10","guid":{"rendered":"https:\/\/www.europesays.com\/fr\/532238\/"},"modified":"2025-11-13T21:54:10","modified_gmt":"2025-11-13T21:54:10","slug":"un-evade-de-prison-intercepte-apres-une-cavale-folle-a-100-km-h","status":"publish","type":"post","link":"https:\/\/www.europesays.com\/fr\/532238\/","title":{"rendered":"un \u00e9vad\u00e9 de prison intercept\u00e9 apr\u00e8s une cavale folle \u00e0 100 km\/h"},"content":{"rendered":"<p>                    Par<br \/>\n        <strong><br \/>\n            <a href=\"https:\/\/actu.fr\/auteur\/lea-pippinato\" title=\"Consulter tous les articles de L\u00e9a Pippinato\" target=\"_blank\" rel=\"noopener\">L\u00e9a Pippinato<\/a><br \/>\n                    <\/strong><\/p>\n<p>        Publi\u00e9 le<\/p>\n<p>            13 nov. 2025 \u00e0 19h16        <\/p>\n<p><strong>Ce mardi 11 novembre 2025<\/strong>, vers 17h, la police nationale re\u00e7oit l\u2019appel d\u2019un riverain. Il signale un cambriolage en cours rue L\u00e9onard de Vinci, dans le quartier de la Lironde, \u00e0 Montpellier. Une patrouille de police secours arrive aussit\u00f4t sur place. Deux hommes correspondant au signalement transmis prennent la fuite.<\/p>\n<p>    <a href=\"https:\/\/www.google.com\/maps\/embed?pb=!1m18!1m12!1m3!1d2888.8946700794654!2d3.903872076459928!3d43.60873467110428!2m3!1f0!2f0!3f0!3m2!1i1024!2i768!4f13.1!3m3!1m2!1s0x12b6af800ecdc515%3A0x143403364edf3040!2sRue%20L%C3%A9onard%20de%20Vinci%2C%2034000%20Montpellier!5e0!3m2!1sfr!2sfr!4v1763056427462!5m2!1sfr!2sfr\" title=\"Ouvrie le lien\" target=\"_blank\" rel=\"noopener\">Cliquez ici pour visualiser le contenu<\/a><\/p>\n<p class=\" wall-content\">Un agent tente d\u2019intercepter les suspects, mais la circulation emp\u00eache toute action. Les deux hommes disparaissent dans une rue adjacente. L\u2019un d\u2019eux rejoint une Peugeot 3008 gar\u00e9e plus loin, d\u00e9marre et engage une fuite spectaculaire.<\/p>\n<p>Une course effr\u00e9n\u00e9e \u00e0 travers plusieurs quartiers<\/p>\n<p class=\" wall-content\">Le conducteur quitte les lieux \u00e0 vive allure. Il fonce sur l\u2019avenue Pierre Mend\u00e8s-France, file vers Castelnau-le-Lez, fait demi-tour, repasse par le quartier de Verchant et se redirige vers Montpellier par la rue des Marels. Sa trajectoire forme une boucle confuse. Des motards de la police se retrouvent face au fuyard. Le conducteur acc\u00e9l\u00e8re dans leur direction. Il double alors un v\u00e9hicule en circulation et manque de le percuter. Les motards effectuent une man\u0153uvre d\u2019\u00e9vitement qui \u00e9vite un choc frontal.<\/p>\n<p class=\" wall-content\">Le conducteur poursuit son itin\u00e9raire chaotique. Il roule dans des rues fr\u00e9quent\u00e9es \u00e0 une vitesse <strong>proche de 100 km\/h<\/strong>. Il percute des v\u00e9hicules en stationnement rue Lou Tarido et continue jusqu\u2019\u00e0 la rue des Recatous. Il s\u2019arr\u00eate enfin et tente d\u2019entrer dans une maison. Des riverains l\u2019en emp\u00eachent et le frappent. Il essaye de repartir dans l\u2019autre sens, avant qu\u2019un habitant l\u2019attaque \u00e0 l\u2019aide d\u2019une barre de fer. L\u2019arriv\u00e9edes policiers met fin \u00e0 la sc\u00e8ne et \u00e9vite un lynchage. Le suspect porte un couteau de chasse, une bombe lacrymog\u00e8ne et des gants. \u00c2g\u00e9 de 37 ans et domicili\u00e9 \u00e0 <strong>Mauguio<\/strong>, il est d\u00e9j\u00e0 connu des services de police. Il se trouve sous le coup d\u2019une \u00e9vasion apr\u00e8s une permission qu\u2019il n\u2019a jamais respect\u00e9e. Les pompiers l\u2019examinent sur place : il pr\u00e9sente une plaie au front. Il est plac\u00e9 en garde \u00e0 vue.<\/p>\n<p class=\" wall-content\">Personnalisez votre actualit\u00e9 en ajoutant vos villes et m\u00e9dias en favori avec <a href=\"https:\/\/moncompte.actu.fr\" title=\"D\u00e9couvez Mon Actu\" rel=\"nofollow noopener\" data-trk=\"{&quot;cta&quot;:{&quot;action&quot;:&quot;https:\\\/\\\/moncompte.actu.fr&quot;,&quot;category&quot;:&quot;mon compte&quot;,&quot;from&quot;:&quot;article footer&quot;,&quot;name&quot;:&quot;Mon actu&quot;,&quot;type&quot;:&quot;cta&quot;}}\" target=\"_blank\">Mon Actu<\/a>.<\/p>\n","protected":false},"excerpt":{"rendered":"Par L\u00e9a Pippinato Publi\u00e9 le 13 nov. 2025 \u00e0 19h16 Ce mardi 11 novembre 2025, vers 17h, la&hellip;\n","protected":false},"author":2,"featured_media":532239,"comment_status":"","ping_status":"","sticky":false,"template":"","format":"standard","meta":{"footnotes":""},"categories":[9599],"tags":[1111,11,1777,674,118,1011,27,2208,12,2680,1072,25,5009,7501],"class_list":{"0":"post-532238","1":"post","2":"type-post","3":"status-publish","4":"format-standard","5":"has-post-thumbnail","7":"category-montpellier","8":"tag-actu","9":"tag-actualites","10":"tag-eu","11":"tag-europe","12":"tag-faits-divers","13":"tag-fr","14":"tag-france","15":"tag-montpellier","16":"tag-news","17":"tag-occitanie","18":"tag-police","19":"tag-republique-francaise","20":"tag-securite-routiere","21":"tag-violences-urbaines"},"share_on_mastodon":{"url":"https:\/\/pubeurope.com\/@fr\/115544618798295019","error":""},"_links":{"self":[{"href":"https:\/\/www.europesays.com\/fr\/wp-json\/wp\/v2\/posts\/532238","targetHints":{"allow":["GET"]}}],"collection":[{"href":"https:\/\/www.europesays.com\/fr\/wp-json\/wp\/v2\/posts"}],"about":[{"href":"https:\/\/www.europesays.com\/fr\/wp-json\/wp\/v2\/types\/post"}],"author":[{"embeddable":true,"href":"https:\/\/www.europesays.com\/fr\/wp-json\/wp\/v2\/users\/2"}],"replies":[{"embeddable":true,"href":"https:\/\/www.europesays.com\/fr\/wp-json\/wp\/v2\/comments?post=532238"}],"version-history":[{"count":0,"href":"https:\/\/www.europesays.com\/fr\/wp-json\/wp\/v2\/posts\/532238\/revisions"}],"wp:featuredmedia":[{"embeddable":true,"href":"https:\/\/www.europesays.com\/fr\/wp-json\/wp\/v2\/media\/532239"}],"wp:attachment":[{"href":"https:\/\/www.europesays.com\/fr\/wp-json\/wp\/v2\/media?parent=532238"}],"wp:term":[{"taxonomy":"category","embeddable":true,"href":"https:\/\/www.europesays.com\/fr\/wp-json\/wp\/v2\/categories?post=532238"},{"taxonomy":"post_tag","embeddable":true,"href":"https:\/\/www.europesays.com\/fr\/wp-json\/wp\/v2\/tags?post=532238"}],"curies":[{"name":"wp","href":"https:\/\/api.w.org\/{rel}","templated":true}]}}