{"id":532248,"date":"2025-11-13T22:00:20","date_gmt":"2025-11-13T22:00:20","guid":{"rendered":"https:\/\/www.europesays.com\/fr\/532248\/"},"modified":"2025-11-13T22:00:20","modified_gmt":"2025-11-13T22:00:20","slug":"3-700-logements-dici-2050-au-nord-de-rennes-ce-quartier-va-se-metamorphoser","status":"publish","type":"post","link":"https:\/\/www.europesays.com\/fr\/532248\/","title":{"rendered":"3\u00a0700 logements d\u2019ici 2050\u00a0: au nord de Rennes, ce quartier va se m\u00e9tamorphoser"},"content":{"rendered":"<p>Elle fait partie des grandes zones rennaises dont le visage va profond\u00e9ment changer dans les ann\u00e9es \u00e0 venir. La zone d\u2019activit\u00e9 Nord-Coteaux de l\u2019Ille, 236 hectares entre Rennes et Saint-Gr\u00e9goire, sur les quartiers de la Nouvelle Robiquette, Chesnais-Beauregard et la Doneli\u00e8re &#8211; Gros Malhon \u00ab a besoin d\u2019\u00eatre requalifi\u00e9 car il a \u00e9t\u00e9 con\u00e7u dans les ann\u00e9es 1970 \u00bb, note la mairie de Saint-Gr\u00e9goire\ufeff.<\/p>\n<p>L\u2019id\u00e9e ? Rationaliser le foncier et densifier, \u00e0 l\u2019image du mantra de Rennes M\u00e9tropole en mati\u00e8re d\u2019urbanisme, \u00ab reconstruire la ville sur elle-m\u00eame \u00bb. Concr\u00e8tement, \u00ab 3 700 logements vont sortir de terre dans la zone \u00bb, indique Laurence Besserve, vice-pr\u00e9sidente de Rennes m\u00e9tropole \u00e0 l\u2019urbanisme, dont 1 000 \u00e0 Saint-Gr\u00e9goire, \u00e0 l\u2019horizon 2050.<\/p>\n<p>1 900 logements \u00e0 Gros Malhon, 1 300 c\u00f4t\u00e9 Robiquette<\/p>\n<p>Selon les premi\u00e8res hypoth\u00e8ses de programmation que nous avons pu consulter, ces logements concerneraient essentiellement deux zones. 1 900 logements pourraient ainsi \u00eatre cr\u00e9\u00e9s dans le quartier Doneli\u00e8re &#8211; Gros Malhon, ainsi qu\u2019un p\u00f4le d\u00e9di\u00e9 aux entreprises de l\u2019\u00e9conomie sociale et solidaire et des \u00e9quipements publics, notamment une \u00e9cole. C\u00f4t\u00e9 Nouvelle Robiquette, l\u2019accent sera \u00e9galement mis sur le logement, avec 1 300 logements et bureaux dont 850 sur le territoire de Saint-Gr\u00e9goire.<\/p>\n<p>La M\u00e9tropole, les villes de Rennes et Saint-Gr\u00e9goire ont sign\u00e9 une convention d\u2019association, approuv\u00e9e par le Conseil de m\u00e9tropole ce jeudi 13 novembre 2025, qui r\u00e9git la gouvernance sur ce projet. \u00ab Chaque ville a un droit de veto si quelque chose ne nous convient pas sur notre commune, pr\u00e9cise la commune de Saint-Gr\u00e9goire. \u00c7a nous oblige \u00e0 nous mettre d\u2019accord \u00bb.<\/p>\n","protected":false},"excerpt":{"rendered":"Elle fait partie des grandes zones rennaises dont le visage va profond\u00e9ment changer dans les ann\u00e9es \u00e0 venir.&hellip;\n","protected":false},"author":2,"featured_media":532249,"comment_status":"","ping_status":"","sticky":false,"template":"","format":"standard","meta":{"footnotes":""},"categories":[2821],"tags":[1111,11,829,1777,674,1011,27,848,12,584,25,10810],"class_list":{"0":"post-532248","1":"post","2":"type-post","3":"status-publish","4":"format-standard","5":"has-post-thumbnail","7":"category-rennes","8":"tag-actu","9":"tag-actualites","10":"tag-bretagne","11":"tag-eu","12":"tag-europe","13":"tag-fr","14":"tag-france","15":"tag-ille-et-vilaine","16":"tag-news","17":"tag-rennes","18":"tag-republique-francaise","19":"tag-urbanisme-a-rennes"},"share_on_mastodon":{"url":"https:\/\/pubeurope.com\/@fr\/115544642348220904","error":""},"_links":{"self":[{"href":"https:\/\/www.europesays.com\/fr\/wp-json\/wp\/v2\/posts\/532248","targetHints":{"allow":["GET"]}}],"collection":[{"href":"https:\/\/www.europesays.com\/fr\/wp-json\/wp\/v2\/posts"}],"about":[{"href":"https:\/\/www.europesays.com\/fr\/wp-json\/wp\/v2\/types\/post"}],"author":[{"embeddable":true,"href":"https:\/\/www.europesays.com\/fr\/wp-json\/wp\/v2\/users\/2"}],"replies":[{"embeddable":true,"href":"https:\/\/www.europesays.com\/fr\/wp-json\/wp\/v2\/comments?post=532248"}],"version-history":[{"count":0,"href":"https:\/\/www.europesays.com\/fr\/wp-json\/wp\/v2\/posts\/532248\/revisions"}],"wp:featuredmedia":[{"embeddable":true,"href":"https:\/\/www.europesays.com\/fr\/wp-json\/wp\/v2\/media\/532249"}],"wp:attachment":[{"href":"https:\/\/www.europesays.com\/fr\/wp-json\/wp\/v2\/media?parent=532248"}],"wp:term":[{"taxonomy":"category","embeddable":true,"href":"https:\/\/www.europesays.com\/fr\/wp-json\/wp\/v2\/categories?post=532248"},{"taxonomy":"post_tag","embeddable":true,"href":"https:\/\/www.europesays.com\/fr\/wp-json\/wp\/v2\/tags?post=532248"}],"curies":[{"name":"wp","href":"https:\/\/api.w.org\/{rel}","templated":true}]}}