{"id":532250,"date":"2025-11-13T22:01:17","date_gmt":"2025-11-13T22:01:17","guid":{"rendered":"https:\/\/www.europesays.com\/fr\/532250\/"},"modified":"2025-11-13T22:01:17","modified_gmt":"2025-11-13T22:01:17","slug":"un-nouvel-accident-de-la-route-provoque-par-un-sanglier-entre-saint-malo-et-rennes","status":"publish","type":"post","link":"https:\/\/www.europesays.com\/fr\/532250\/","title":{"rendered":"Un nouvel accident de la route provoqu\u00e9 par un sanglier entre Saint-Malo et Rennes"},"content":{"rendered":"<p>                    Par<br \/>\n        <strong><br \/>\n            <a href=\"https:\/\/actu.fr\/auteur\/samuel-sauneuf\" title=\"Consulter tous les articles de Samuel Sauneuf\" target=\"_blank\" rel=\"noopener\">Samuel Sauneuf<\/a><br \/>\n                    <\/strong><\/p>\n<p>        Publi\u00e9 le<\/p>\n<p>            13 nov. 2025 \u00e0 21h53        <\/p>\n<p>Encore un <a href=\"https:\/\/actu.fr\/tag\/accident\" target=\"_blank\" rel=\"noopener\">accident <\/a>de la route provoqu\u00e9 par un sanglier\u2009! Il a eu lieu ce jeudi 13\u00a0novembre 2025, vers 19h30, entre <a href=\"https:\/\/actu.fr\/rennes\/\" target=\"_blank\" rel=\"noopener\">Rennes<\/a> et <a href=\"https:\/\/actu.fr\/bretagne\/saint-malo_35288\" target=\"_blank\" rel=\"noopener\">Saint-Malo<\/a>, sur la bretelle de sortie faisant la jonction entre la D\u00e9partementale 137 et la Nationale 176 conduisant \u00e0 <a href=\"https:\/\/actu.fr\/bretagne\/dinan_22050\" target=\"_blank\" rel=\"noopener\">Dinan<\/a>.<\/p>\n<p>Une conductrice prise en charge par les pompiers<\/p>\n<p class=\" wall-content\">Un premier v\u00e9hicule a percut\u00e9 de plein fouet le sanglier avant qu\u2019un second v\u00e9hicule ne lui roule dessus.<\/p>\n<p class=\" wall-content\">De nombreux secours ont \u00e9t\u00e9 d\u00e9ploy\u00e9s sur les lieux de l\u2019accident o\u00f9 une conductrice a \u00e9t\u00e9 prise en charge par les pompiers pour des blessures l\u00e9g\u00e8res.<\/p>\n<p class=\" wall-content\">Sa voiture, en revanche, tr\u00e8s ab\u00eem\u00e9e, a \u00e9t\u00e9 remorqu\u00e9e par une d\u00e9panneuse. D\u2019apr\u00e8s la <a href=\"https:\/\/actu.fr\/tag\/securite-routiere\" target=\"_blank\" rel=\"noopener\">S\u00e9curit\u00e9 Routi\u00e8re<\/a>, 45\u2009% des v\u00e9hicules sont jug\u00e9s irr\u00e9parables apr\u00e8s un choc avec un sanglier.<\/p>\n<p>Deux bless\u00e9s \u00e0 Tint\u00e9niac le 1er\u00a0novembre<\/p>\n<p class=\" wall-content\">Ce nouveau \u00ab\u2009fait-divers\u2009\u00bb de la route fait \u00e9cho \u00e0 un accident survenu dans la nuit du 1er\u00a0novembre, \u00e0 quelques kilom\u00e8tres de l\u00e0, \u00e0 hauteur de Tint\u00e9niac. En s\u2019aventurant sur la 4-voies, un sanglier avait provoqu\u00e9 un carambolage <a href=\"https:\/\/actu.fr\/bretagne\/tinteniac_35337\/cinq-voitures-impliquees-deux-blesses-un-sanglier-provoque-un-accident-entre-rennes-et-saint-malo_63387499.html\" target=\"_blank\" rel=\"noopener\">impliquant cinq voitures<\/a>. Deux passagers avaient \u00e9t\u00e9 bless\u00e9s.<\/p>\n<p class=\" wall-content\">On estime que la population de sangliers, qui prolif\u00e8re un peu plus chaque ann\u00e9e, est responsable tous les ans d\u2019une trentaine d\u2019accidents sur la quatre-voies entre Rennes et Saint-Malo.<\/p>\n<p class=\" wall-content\">Personnalisez votre actualit\u00e9 en ajoutant vos villes et m\u00e9dias en favori avec <a href=\"https:\/\/moncompte.actu.fr\" title=\"D\u00e9couvez Mon Actu\" rel=\"nofollow noopener\" data-trk=\"{&quot;cta&quot;:{&quot;action&quot;:&quot;https:\\\/\\\/moncompte.actu.fr&quot;,&quot;category&quot;:&quot;mon compte&quot;,&quot;from&quot;:&quot;article footer&quot;,&quot;name&quot;:&quot;Mon actu&quot;,&quot;type&quot;:&quot;cta&quot;}}\" target=\"_blank\">Mon Actu<\/a>.<\/p>\n","protected":false},"excerpt":{"rendered":"Par Samuel Sauneuf Publi\u00e9 le 13 nov. 2025 \u00e0 21h53 Encore un accident de la route provoqu\u00e9 par&hellip;\n","protected":false},"author":2,"featured_media":532251,"comment_status":"","ping_status":"","sticky":false,"template":"","format":"standard","meta":{"footnotes":""},"categories":[2821],"tags":[119,1111,11,829,1777,674,118,1011,27,12,584,25,5009],"class_list":{"0":"post-532250","1":"post","2":"type-post","3":"status-publish","4":"format-standard","5":"has-post-thumbnail","7":"category-rennes","8":"tag-accident","9":"tag-actu","10":"tag-actualites","11":"tag-bretagne","12":"tag-eu","13":"tag-europe","14":"tag-faits-divers","15":"tag-fr","16":"tag-france","17":"tag-news","18":"tag-rennes","19":"tag-republique-francaise","20":"tag-securite-routiere"},"share_on_mastodon":{"url":"https:\/\/pubeurope.com\/@fr\/115544646611255426","error":""},"_links":{"self":[{"href":"https:\/\/www.europesays.com\/fr\/wp-json\/wp\/v2\/posts\/532250","targetHints":{"allow":["GET"]}}],"collection":[{"href":"https:\/\/www.europesays.com\/fr\/wp-json\/wp\/v2\/posts"}],"about":[{"href":"https:\/\/www.europesays.com\/fr\/wp-json\/wp\/v2\/types\/post"}],"author":[{"embeddable":true,"href":"https:\/\/www.europesays.com\/fr\/wp-json\/wp\/v2\/users\/2"}],"replies":[{"embeddable":true,"href":"https:\/\/www.europesays.com\/fr\/wp-json\/wp\/v2\/comments?post=532250"}],"version-history":[{"count":0,"href":"https:\/\/www.europesays.com\/fr\/wp-json\/wp\/v2\/posts\/532250\/revisions"}],"wp:featuredmedia":[{"embeddable":true,"href":"https:\/\/www.europesays.com\/fr\/wp-json\/wp\/v2\/media\/532251"}],"wp:attachment":[{"href":"https:\/\/www.europesays.com\/fr\/wp-json\/wp\/v2\/media?parent=532250"}],"wp:term":[{"taxonomy":"category","embeddable":true,"href":"https:\/\/www.europesays.com\/fr\/wp-json\/wp\/v2\/categories?post=532250"},{"taxonomy":"post_tag","embeddable":true,"href":"https:\/\/www.europesays.com\/fr\/wp-json\/wp\/v2\/tags?post=532250"}],"curies":[{"name":"wp","href":"https:\/\/api.w.org\/{rel}","templated":true}]}}