{"id":532252,"date":"2025-11-13T22:02:31","date_gmt":"2025-11-13T22:02:31","guid":{"rendered":"https:\/\/www.europesays.com\/fr\/532252\/"},"modified":"2025-11-13T22:02:31","modified_gmt":"2025-11-13T22:02:31","slug":"le-domaine-hauller-ouvre-une-boutique-ephemere-au-coeur-de-strasbourg","status":"publish","type":"post","link":"https:\/\/www.europesays.com\/fr\/532252\/","title":{"rendered":"le domaine Hauller ouvre une boutique \u00e9ph\u00e9m\u00e8re au coeur de Strasbourg !"},"content":{"rendered":"<p>    <img loading=\"lazy\" width=\"1800\" height=\"900\" src=\"https:\/\/www.europesays.com\/fr\/wp-content\/uploads\/2025\/11\/jeanne-callthepolice.jpg\" class=\"attachment-full size-full\" alt=\"\" id=\"imageLove\" decoding=\"async\"  \/><\/p>\n<p id=\"breadcrumbs\"><a href=\"https:\/\/pokaa.fr\/\" target=\"_blank\" rel=\"noopener\">Accueil<\/a> \/ <a href=\"https:\/\/pokaa.fr\/categories\/les-bonnes-adresses\/\" target=\"_blank\" rel=\"noopener\">Bonnes adresses<\/a> \/ Vins d\u2019Alsace : le domaine Hauller ouvre une boutique \u00e9ph\u00e9m\u00e8re au coeur de Strasbourg !<\/p>\n<p>                    Bonnes adresses<\/p>\n<p><strong>Depuis quelques jours et jusqu\u2019\u00e0 la fin d\u00e9cembre, une boutique \u00e9ph\u00e9m\u00e8re d\u00e9di\u00e9e aux vins du domaine viticole Famille Hauller s\u2019est install\u00e9e \u00e0 Strasbourg, au rez-de-chauss\u00e9e de la Place des Halles. On est all\u00e9 sur place pour d\u00e9couvrir ce tout petit univers, install\u00e9 \u00e0 la place de Citron Safran.<\/strong><\/p>\n<p><strong>Install\u00e9 historiquement \u00e0 Dambach-la-Ville<\/strong>, le domaine viticole Famille Hauller est bien connu des Alsacien(ne)s et des amoureux\/ses des vins d\u2019Alsace.<\/p>\n<p><strong>En place dans le village depuis 1776<\/strong>, les Hauller \u00e9taient autrefois des tonneliers, et la famille a laiss\u00e9 une empreinte durable dans ce petit village de la Route des Vins, <strong>notamment en construisant tonneaux, outils agricoles et autres foudres en bois.<\/strong><\/p>\n<p>                <img width=\"375\" height=\"500\" src=\"https:\/\/www.europesays.com\/fr\/wp-content\/uploads\/2025\/11\/famille-hauller-vigneron-vinsimg-6977-375x500.jpeg\" class=\"attachment-gallery size-gallery\" alt=\"Famille hauller vigneron vinsIMG_6977\" data-full-url=\"https:\/\/pokaa.fr\/wp-content\/uploads\/2025\/11\/13\/famille-hauller-vigneron-vinsimg-6977.jpeg\" decoding=\"async\" loading=\"lazy\"  \/>            <\/p>\n<p>                <img width=\"375\" height=\"500\" src=\"https:\/\/www.europesays.com\/fr\/wp-content\/uploads\/2025\/11\/famille-hauller-vigneron-vinsimg-7006-375x500.jpeg\" class=\"attachment-gallery size-gallery\" alt=\"Famille hauller vigneron vinsIMG_7006\" data-full-url=\"https:\/\/pokaa.fr\/wp-content\/uploads\/2025\/11\/13\/famille-hauller-vigneron-vinsimg-7006.jpeg\" decoding=\"async\" loading=\"lazy\"  \/>            <\/p>\n<p>                <img width=\"375\" height=\"500\" src=\"https:\/\/www.europesays.com\/fr\/wp-content\/uploads\/2025\/11\/famille-hauller-vigneron-vinsimg-6974-375x500.jpeg\" class=\"attachment-gallery size-gallery\" alt=\"Famille hauller vigneron vinsIMG_6974\" data-full-url=\"https:\/\/pokaa.fr\/wp-content\/uploads\/2025\/11\/13\/famille-hauller-vigneron-vinsimg-6974.jpeg\" decoding=\"async\" loading=\"lazy\"  \/>            <\/p>\n<p>                <img width=\"699\" height=\"500\" src=\"https:\/\/www.europesays.com\/fr\/wp-content\/uploads\/2025\/11\/famille-hauller-vigneron-vinsimg-6988-699x500.jpeg\" class=\"attachment-gallery size-gallery\" alt=\"Famille hauller vigneron vinsIMG_6988\" data-full-url=\"https:\/\/pokaa.fr\/wp-content\/uploads\/2025\/11\/13\/famille-hauller-vigneron-vinsimg-6988.jpeg\" decoding=\"async\" loading=\"lazy\"  \/>            <\/p>\n<p>                    \u00a9 Bastien Pietronave \/ Pokaa<\/p>\n<p><strong>En 1968, ces descendant(e)s de tonneliers ont d\u00e9cid\u00e9 de faire du vin<\/strong>, et la grande aventure de la vigne et du raisin a commenc\u00e9.<\/p>\n<p>Aujourd\u2019hui, pr\u00e8s de 60 ans plus tard, le domaine Famille Hauller<strong> est l\u2019un des plus grands producteurs de vins bio de la r\u00e9gion<\/strong>, et la progression continue, notamment<strong> avec l\u2019ouverture de la boutique \u00e9ph\u00e9m\u00e8re dont nous parlons aujourd\u2019hui.<\/strong><\/p>\n<p>                <img width=\"375\" height=\"500\" src=\"https:\/\/www.europesays.com\/fr\/wp-content\/uploads\/2025\/11\/famille-hauller-vigneron-vinsimg-6999-2-375x500.jpeg\" class=\"attachment-gallery size-gallery\" alt=\"Famille hauller vigneron vinsIMG_6999 2\" data-full-url=\"https:\/\/pokaa.fr\/wp-content\/uploads\/2025\/11\/13\/famille-hauller-vigneron-vinsimg-6999-2.jpeg\" decoding=\"async\" loading=\"lazy\"  \/>            <\/p>\n<p>                <img width=\"375\" height=\"500\" src=\"https:\/\/www.europesays.com\/fr\/wp-content\/uploads\/2025\/11\/famille-hauller-vigneron-vinsimg-6994-3-375x500.jpeg\" class=\"attachment-gallery size-gallery\" alt=\"Famille hauller vigneron vinsIMG_6994 3\" data-full-url=\"https:\/\/pokaa.fr\/wp-content\/uploads\/2025\/11\/13\/famille-hauller-vigneron-vinsimg-6994-3.jpeg\" decoding=\"async\" loading=\"lazy\"  \/>            <\/p>\n<p>                <img width=\"375\" height=\"500\" src=\"https:\/\/www.europesays.com\/fr\/wp-content\/uploads\/2025\/11\/famille-hauller-vigneron-vinsimg-7019-2-375x500.jpeg\" class=\"attachment-gallery size-gallery\" alt=\"Famille hauller vigneron vinsIMG_7019 2\" data-full-url=\"https:\/\/pokaa.fr\/wp-content\/uploads\/2025\/11\/13\/famille-hauller-vigneron-vinsimg-7019-2.jpeg\" decoding=\"async\" loading=\"lazy\"  \/>            <\/p>\n<p>                <img width=\"375\" height=\"500\" src=\"https:\/\/www.europesays.com\/fr\/wp-content\/uploads\/2025\/11\/famille-hauller-vigneron-vinsimg-7011-2-375x500.jpeg\" class=\"attachment-gallery size-gallery\" alt=\"Famille hauller vigneron vinsIMG_7011 2\" data-full-url=\"https:\/\/pokaa.fr\/wp-content\/uploads\/2025\/11\/13\/famille-hauller-vigneron-vinsimg-7011-2.jpeg\" decoding=\"async\" loading=\"lazy\"  \/>            <\/p>\n<p>                <img width=\"375\" height=\"500\" src=\"https:\/\/www.europesays.com\/fr\/wp-content\/uploads\/2025\/11\/famille-hauller-vigneron-vinsimg-6986-2-375x500.jpeg\" class=\"attachment-gallery size-gallery\" alt=\"Famille hauller vigneron vinsIMG_6986 2\" data-full-url=\"https:\/\/pokaa.fr\/wp-content\/uploads\/2025\/11\/13\/famille-hauller-vigneron-vinsimg-6986-2.jpeg\" decoding=\"async\" loading=\"lazy\"  \/>            <\/p>\n<p>                    \u00a9 Bastien Pietronave \/ Pokaa<\/p>\n<p>Une nouvelle boutique centrale pour se rapprocher de sa client\u00e8le<\/p>\n<p data-pm-slice=\"1 1 []\">Le domaine Hauller, c\u2019est <strong>40 hectares d\u00e9di\u00e9s aux vins bio<\/strong>, soit 400 000 m2 quand m\u00eame ! Cette surface, sur sol principalement granitique, permet \u00e0 Ludovic et son fr\u00e8re Guillaume de produire plusieurs centaines de milliers de bouteilles chaque ann\u00e9e. \u00c7a en fait du pif !<\/p>\n<p>                <img width=\"375\" height=\"500\" src=\"https:\/\/www.europesays.com\/fr\/wp-content\/uploads\/2025\/11\/famille-hauller-vigneron-vinsimg-6984-2-375x500.jpeg\" class=\"attachment-gallery size-gallery\" alt=\"Famille hauller vigneron vinsIMG_6984 2\" data-full-url=\"https:\/\/pokaa.fr\/wp-content\/uploads\/2025\/11\/13\/famille-hauller-vigneron-vinsimg-6984-2.jpeg\" decoding=\"async\" loading=\"lazy\"  \/>            <\/p>\n<p>                <img width=\"375\" height=\"500\" src=\"https:\/\/www.europesays.com\/fr\/wp-content\/uploads\/2025\/11\/famille-hauller-vigneron-vinsimg-6993-375x500.jpeg\" class=\"attachment-gallery size-gallery\" alt=\"Famille hauller vigneron vinsIMG_6993\" data-full-url=\"https:\/\/pokaa.fr\/wp-content\/uploads\/2025\/11\/13\/famille-hauller-vigneron-vinsimg-6993.jpeg\" decoding=\"async\" loading=\"lazy\"  \/>            <\/p>\n<p>                <img width=\"375\" height=\"500\" src=\"https:\/\/www.europesays.com\/fr\/wp-content\/uploads\/2025\/11\/famille-hauller-vigneron-vinsimg-6978-375x500.jpeg\" class=\"attachment-gallery size-gallery\" alt=\"Famille hauller vigneron vinsIMG_6978\" data-full-url=\"https:\/\/pokaa.fr\/wp-content\/uploads\/2025\/11\/13\/famille-hauller-vigneron-vinsimg-6978.jpeg\" decoding=\"async\" loading=\"lazy\"  \/>            <\/p>\n<p>                    \u00a9 Bastien Pietronave \/ Pokaa<\/p>\n<p>Pr\u00e9sente dans tous les circuits de distribution, <strong>la marque a souhait\u00e9 pour la premi\u00e8re fois se rapprocher de la client\u00e8le strasbourgeoise<\/strong> en ouvrant une boutique centrale, en plein c\u0153ur du centre commercial de la Place des Halles.<\/p>\n<p>\u00ab Nous avons voulu <strong>nous rapprocher des Strasbourgeois pendant cette p\u00e9riode de f\u00eate<\/strong>, et c\u2019est un vrai pari, car nous n\u2019avons jamais ouvert ce type de boutique auparavant. <strong>Notre m\u00e9tier, c\u2019est de faire du vin, je pense que nous le faisons bien<\/strong>. En ouvrant \u00e0 la Place des Halles, <b>nous voulons simplement partager avec le plus grand nombre les vins que nous aimons<\/b>, et on esp\u00e8re qu\u2019ils continueront \u00e0 \u00eatre appr\u00e9ci\u00e9s \u00bb, nous raconte Ludovic.<\/p>\n<p>                <img width=\"667\" height=\"500\" src=\"https:\/\/www.europesays.com\/fr\/wp-content\/uploads\/2025\/11\/famille-hauller-vigneron-vinsimg-7012-2-667x500.jpeg\" class=\"attachment-gallery size-gallery\" alt=\"Famille hauller vigneron vinsIMG_7012 2\" data-full-url=\"https:\/\/pokaa.fr\/wp-content\/uploads\/2025\/11\/13\/famille-hauller-vigneron-vinsimg-7012-2.jpeg\" decoding=\"async\" loading=\"lazy\"  \/>            <\/p>\n<p>                <img width=\"375\" height=\"500\" src=\"https:\/\/www.europesays.com\/fr\/wp-content\/uploads\/2025\/11\/famille-hauller-vigneron-vinsimg-7005-2-375x500.jpeg\" class=\"attachment-gallery size-gallery\" alt=\"Famille hauller vigneron vinsIMG_7005 2\" data-full-url=\"https:\/\/pokaa.fr\/wp-content\/uploads\/2025\/11\/13\/famille-hauller-vigneron-vinsimg-7005-2.jpeg\" decoding=\"async\" loading=\"lazy\"  \/>            <\/p>\n<p>                <img width=\"375\" height=\"500\" src=\"https:\/\/www.europesays.com\/fr\/wp-content\/uploads\/2025\/11\/famille-hauller-vigneron-vinsimg-7003-2-375x500.jpeg\" class=\"attachment-gallery size-gallery\" alt=\"Famille hauller vigneron vinsIMG_7003 2\" data-full-url=\"https:\/\/pokaa.fr\/wp-content\/uploads\/2025\/11\/13\/famille-hauller-vigneron-vinsimg-7003-2.jpeg\" decoding=\"async\" loading=\"lazy\"  \/>            <\/p>\n<p>                <img width=\"375\" height=\"500\" src=\"https:\/\/www.europesays.com\/fr\/wp-content\/uploads\/2025\/11\/famille-hauller-vigneron-vinsimg-7002-375x500.jpeg\" class=\"attachment-gallery size-gallery\" alt=\"Famille hauller vigneron vinsIMG_7002\" data-full-url=\"https:\/\/pokaa.fr\/wp-content\/uploads\/2025\/11\/13\/famille-hauller-vigneron-vinsimg-7002.jpeg\" decoding=\"async\" loading=\"lazy\"  \/>            <\/p>\n<p>                <img width=\"375\" height=\"500\" src=\"https:\/\/www.europesays.com\/fr\/wp-content\/uploads\/2025\/11\/famille-hauller-vigneron-vinsimg-6991-375x500.jpeg\" class=\"attachment-gallery size-gallery\" alt=\"Famille hauller vigneron vinsIMG_6991\" data-full-url=\"https:\/\/pokaa.fr\/wp-content\/uploads\/2025\/11\/13\/famille-hauller-vigneron-vinsimg-6991.jpeg\" decoding=\"async\" loading=\"lazy\"  \/>            <\/p>\n<p>                    \u00a9 Bastien Pietronave \/ Pokaa<\/p>\n<p>Dans ce pied-\u00e0-terre \u00e9ph\u00e9m\u00e8re ouvert jusqu\u2019\u00e0 fin d\u00e9cembre, on retrouve des dizaines de r\u00e9f\u00e9rences, <strong>des bouteilles dont les tarifs oscillent entre 10 et 25 \u20ac<\/strong>. Les 7 c\u00e9pages alsaciens sont \u00e9videmment repr\u00e9sent\u00e9s, <strong>le riesling est roi<\/strong>, et les cr\u00e9mants se font une place<strong> entre le pinot noir \u00e9lev\u00e9 en barrique et le grand cru Frankstein<\/strong>. Bref, il y a du choix.<\/p>\n<p><strong>Toute simple, mais bien fournie<\/strong>, <strong>vous trouverez probablement une bouteille qui vous convient<\/strong> dans ce mini-temple du vin.<\/p>\n<p>            Boutique \u00e9ph\u00e9m\u00e8re Famille Hauller <\/p>\n<p>            Quoi ?<br \/>\n            Caviste         <\/p>\n<p>            o\u00f9 ?<br \/>\n            Au rez-de-chauss\u00e9e de la Place des Halles, 24 place des Halles, \u00e0 Strasbourg (en face du Auchan)        <\/p>\n<p>                Plus d&rsquo;infos ?<\/p>\n<p><strong><a href=\"https:\/\/www.google.com\/url?sa=t&amp;source=web&amp;rct=j&amp;opi=89978449&amp;url=https:\/\/www.placedeshalles.com\/fr\/boutiques\/famille-hauller\/&amp;ved=2ahUKEwizyL-W_-6QAxX_VqQEHQBIL14QFnoECBEQAQ&amp;usg=AOvVaw3BoUoWjnUDc4_s7CG66F2U\" target=\"_blank\" rel=\"noopener\">Le site web du domaine<\/a><\/strong><\/p>\n<p><strong><a href=\"https:\/\/www.instagram.com\/famillehauller\/?e=b3502a0e-7666-459d-9136-dd09bdc77b2a&amp;g=5\" target=\"_blank\" rel=\"noopener\">La page Instagram<\/a><\/strong><\/p>\n<p><strong>T\u00e9l : 03 88 92 40 00<\/strong><\/p>\n<p><script async src=\"\/\/www.instagram.com\/embed.js\"><\/script><\/p>\n","protected":false},"excerpt":{"rendered":"Accueil \/ Bonnes adresses \/ Vins d\u2019Alsace : le domaine Hauller ouvre une boutique \u00e9ph\u00e9m\u00e8re au coeur de&hellip;\n","protected":false},"author":2,"featured_media":532253,"comment_status":"","ping_status":"","sticky":false,"template":"","format":"standard","meta":{"footnotes":""},"categories":[2820],"tags":[1111,11,11647,21584,1777,674,1011,27,775,12,3978,25,640,54780,1662],"class_list":{"0":"post-532252","1":"post","2":"type-post","3":"status-publish","4":"format-standard","5":"has-post-thumbnail","7":"category-strasbourg","8":"tag-actu","9":"tag-actualites","10":"tag-boutique","11":"tag-caviste","12":"tag-eu","13":"tag-europe","14":"tag-fr","15":"tag-france","16":"tag-grand-est","17":"tag-news","18":"tag-place-des-halles","19":"tag-republique-francaise","20":"tag-strasbourg","21":"tag-vigneron","22":"tag-vin"},"share_on_mastodon":{"url":"https:\/\/pubeurope.com\/@fr\/115544652525373314","error":""},"_links":{"self":[{"href":"https:\/\/www.europesays.com\/fr\/wp-json\/wp\/v2\/posts\/532252","targetHints":{"allow":["GET"]}}],"collection":[{"href":"https:\/\/www.europesays.com\/fr\/wp-json\/wp\/v2\/posts"}],"about":[{"href":"https:\/\/www.europesays.com\/fr\/wp-json\/wp\/v2\/types\/post"}],"author":[{"embeddable":true,"href":"https:\/\/www.europesays.com\/fr\/wp-json\/wp\/v2\/users\/2"}],"replies":[{"embeddable":true,"href":"https:\/\/www.europesays.com\/fr\/wp-json\/wp\/v2\/comments?post=532252"}],"version-history":[{"count":0,"href":"https:\/\/www.europesays.com\/fr\/wp-json\/wp\/v2\/posts\/532252\/revisions"}],"wp:featuredmedia":[{"embeddable":true,"href":"https:\/\/www.europesays.com\/fr\/wp-json\/wp\/v2\/media\/532253"}],"wp:attachment":[{"href":"https:\/\/www.europesays.com\/fr\/wp-json\/wp\/v2\/media?parent=532252"}],"wp:term":[{"taxonomy":"category","embeddable":true,"href":"https:\/\/www.europesays.com\/fr\/wp-json\/wp\/v2\/categories?post=532252"},{"taxonomy":"post_tag","embeddable":true,"href":"https:\/\/www.europesays.com\/fr\/wp-json\/wp\/v2\/tags?post=532252"}],"curies":[{"name":"wp","href":"https:\/\/api.w.org\/{rel}","templated":true}]}}