{"id":532276,"date":"2025-11-13T22:14:18","date_gmt":"2025-11-13T22:14:18","guid":{"rendered":"https:\/\/www.europesays.com\/fr\/532276\/"},"modified":"2025-11-13T22:14:18","modified_gmt":"2025-11-13T22:14:18","slug":"a-marseille-la-maison-pellegrin-expose-ses-plus-belles-creations","status":"publish","type":"post","link":"https:\/\/www.europesays.com\/fr\/532276\/","title":{"rendered":"\u00c0 Marseille, la maison Pellegrin expose ses plus belles cr\u00e9ations"},"content":{"rendered":"<p><img alt=\"Arnaud et Jean-Fran\u00e7ois Pellegrin \u00e0 la maison Pellegrin, la veille de l'inauguration de l'exposition.\" loading=\"lazy\" decoding=\"async\" data-nimg=\"fill\" class=\" TwicCore_img__i9TC1 undefined  undefined\" style=\"position:absolute;height:100%;width:100%;left:0;top:0;right:0;bottom:0;color:transparent;background-size:cover;background-position:50% 50%;background-repeat:no-repeat;background-image:url(&quot;data:image\/svg+xml;charset=utf-8,%3Csvg xmlns='http:\/\/www.w3.org\/2000\/svg' %3E%3Cfilter id='b' color-interpolation-filters='sRGB'%3E%3CfeGaussianBlur stdDeviation='20'\/%3E%3CfeColorMatrix values='1 0 0 0 0 0 1 0 0 0 0 0 1 0 0 0 0 0 100 -1' result='s'\/%3E%3CfeFlood x='0' y='0' width='100%25' height='100%25'\/%3E%3CfeComposite operator='out' in='s'\/%3E%3CfeComposite in2='SourceGraphic'\/%3E%3CfeGaussianBlur stdDeviation='20'\/%3E%3C\/filter%3E%3Cimage width='100%25' height='100%25' x='0' y='0' preserveAspectRatio='none' style='filter: url(%23b);' href='https:\/\/pictures.laprovence.com\/cdn-cgi\/image\/blur=250\/media\/melody\/2025\/11\/13\/exposition-chez-pellegrin-chez-pellegrin-131125dri02-1763059977_23afca241619637afca2416196bafcv_.jpg'\/%3E%3C\/svg%3E&quot;)\"   src=\"https:\/\/www.europesays.com\/fr\/wp-content\/uploads\/2025\/11\/exposition-chez-pellegrin-chez-pellegrin-131125dri02-1763059977_23afca241619637afca2416196bafcv_.jpg\"\/>Arnaud et Jean-Fran\u00e7ois Pellegrin \u00e0 la maison Pellegrin, la veille de l&rsquo;inauguration de l&rsquo;exposition. \/ Photo David Rossi<\/p>\n<p>Parures scintillantes, bagues cabochon, montres \u00e0 gousset, bague Marguerite, \u00ab\u00a0classique\u00a0\u00bb de la joaillerie sertie de saphir, diamants d\u2019Inde, bijoux en or, mati\u00e8re qui ne peut laisser personne indiff\u00e9rent\u2026 Comment initier les simples mortels que nous sommes \u00e0 l\u2019univers d\u2019un <a href=\"https:\/\/www.laprovence.com\/article\/economie\/1398740651658515\/bijouterie-de-luxe-les-secrets-de-lexcellence-en-provence\" target=\"_blank\" rel=\"noopener\">grand joaillier<\/a> sans tomber dans une quelconque op\u00e9ration marketing\u00a0? C\u2019est l\u2019\u00e9quation \u00e0 laquelle a tent\u00e9 de r\u00e9pondre avec un certain talent, <a href=\"https:\/\/www.laprovence.com\/article\/economie\/1756070\/marseille-la-maison-pellegrin-fete-5-generations-de-joaillers.html\" target=\"_blank\" rel=\"noopener\">Arnaud Pellegrin, \u00e0 la t\u00eate de la maison \u00e9ponyme<\/a>.<\/p>\n<p><img alt=\"Le collier &quot;\u00e9meraude&quot;, une des pi\u00e8ces d'exception pr\u00e9sent\u00e9es jusqu'au 22 novembre.\" loading=\"lazy\" decoding=\"async\" data-nimg=\"fill\" class=\" TwicCore_img__i9TC1 undefined  undefined\" style=\"position:absolute;height:100%;width:100%;left:0;top:0;right:0;bottom:0;color:transparent;background-size:cover;background-position:50% 50%;background-repeat:no-repeat;background-image:url(&quot;data:image\/svg+xml;charset=utf-8,%3Csvg xmlns='http:\/\/www.w3.org\/2000\/svg' %3E%3Cfilter id='b' color-interpolation-filters='sRGB'%3E%3CfeGaussianBlur stdDeviation='20'\/%3E%3CfeColorMatrix values='1 0 0 0 0 0 1 0 0 0 0 0 1 0 0 0 0 0 100 -1' result='s'\/%3E%3CfeFlood x='0' y='0' width='100%25' height='100%25'\/%3E%3CfeComposite operator='out' in='s'\/%3E%3CfeComposite in2='SourceGraphic'\/%3E%3CfeGaussianBlur stdDeviation='20'\/%3E%3C\/filter%3E%3Cimage width='100%25' height='100%25' x='0' y='0' preserveAspectRatio='none' style='filter: url(%23b);' href='https:\/\/pictures.laprovence.com\/cdn-cgi\/image\/blur=250\/media\/melody\/2025\/11\/13\/exposition-chez-pellegrin-chez-pellegrin-131125dri02-1763059978_34dd41241619638dd412416191cdd4v_.jpg'\/%3E%3C\/svg%3E&quot;)\"   src=\"https:\/\/www.europesays.com\/fr\/wp-content\/uploads\/2025\/11\/exposition-chez-pellegrin-chez-pellegrin-131125dri02-1763059978_34dd41241619638dd412416191cdd4v_.jpg\"\/>Le collier \u00ab\u00a0\u00e9meraude\u00a0\u00bb, une des pi\u00e8ces d&rsquo;exception pr\u00e9sent\u00e9es jusqu&rsquo;au 22 novembre. \/ Photo David Rossi\/Photo : David Rossi<\/p>\n<p>Cela fait longtemps que le symbole marseillais de la joaillerie de luxe n\u2019avait pas propos\u00e9 d\u2019ouvrir gratuitement ses portes au public. Il le fait ici \u00e0 travers une exposition in\u00e9dite et originale, visible jusqu\u2019au 22\u00a0novembre. Plus qu\u2019une simple pr\u00e9sentation de <a href=\"https:\/\/www.laprovence.com\/article\/region\/2884911896053314\/deux-entreprises-des-alpes-du-sud-exposent-a-l-elysee\" target=\"_blank\" rel=\"noopener\">bijoux<\/a> au c\u0153ur de <a href=\"https:\/\/www.laprovence.com\/bouches-du-rhone\/marseille-13055\" target=\"_blank\" rel=\"noopener\">Marseille<\/a>, c\u2019est aussi une plong\u00e9e dans l\u2019\u00e9volution de la cr\u00e9ation de la maison de\u00a01840 \u00e0 nos jours, qu\u2019il est possible de voir, au sein de la boutique situ\u00e9e rue Francis Davso (1er).<\/p>\n<p>Sont pr\u00e9sent\u00e9es aussi, et c\u2019est peut-\u00eatre \u00e7a le plus touchant finalement, des photographies dans l\u2019intimit\u00e9 des diff\u00e9rents joailliers (de l\u2019arri\u00e8re-arri\u00e8re-grand-p\u00e8re au dernier fils) qui se sont succ\u00e9d\u00e9 sur cinq g\u00e9n\u00e9rations. On y voit des moments furtifs, partag\u00e9s en fa&#8230;<\/p>\n","protected":false},"excerpt":{"rendered":"Arnaud et Jean-Fran\u00e7ois Pellegrin \u00e0 la maison Pellegrin, la veille de l&rsquo;inauguration de l&rsquo;exposition. \/ Photo David Rossi&hellip;\n","protected":false},"author":2,"featured_media":532277,"comment_status":"","ping_status":"","sticky":false,"template":"","format":"standard","meta":{"footnotes":""},"categories":[2814],"tags":[17,1111,11,251,1777,674,8110,1011,27,65202,2425,2142,884,12,7599,882,25,2407],"class_list":{"0":"post-532276","1":"post","2":"type-post","3":"status-publish","4":"format-standard","5":"has-post-thumbnail","7":"category-marseille","8":"tag-17","9":"tag-actu","10":"tag-actualites","11":"tag-culture","12":"tag-eu","13":"tag-europe","14":"tag-expose","15":"tag-fr","16":"tag-france","17":"tag-joaillier","18":"tag-luxe","19":"tag-maison","20":"tag-marseille","21":"tag-news","22":"tag-pellegrin","23":"tag-provence-alpes-cote-dazur","24":"tag-republique-francaise","25":"tag-ses"},"share_on_mastodon":{"url":"https:\/\/pubeurope.com\/@fr\/115544698622704374","error":""},"_links":{"self":[{"href":"https:\/\/www.europesays.com\/fr\/wp-json\/wp\/v2\/posts\/532276","targetHints":{"allow":["GET"]}}],"collection":[{"href":"https:\/\/www.europesays.com\/fr\/wp-json\/wp\/v2\/posts"}],"about":[{"href":"https:\/\/www.europesays.com\/fr\/wp-json\/wp\/v2\/types\/post"}],"author":[{"embeddable":true,"href":"https:\/\/www.europesays.com\/fr\/wp-json\/wp\/v2\/users\/2"}],"replies":[{"embeddable":true,"href":"https:\/\/www.europesays.com\/fr\/wp-json\/wp\/v2\/comments?post=532276"}],"version-history":[{"count":0,"href":"https:\/\/www.europesays.com\/fr\/wp-json\/wp\/v2\/posts\/532276\/revisions"}],"wp:featuredmedia":[{"embeddable":true,"href":"https:\/\/www.europesays.com\/fr\/wp-json\/wp\/v2\/media\/532277"}],"wp:attachment":[{"href":"https:\/\/www.europesays.com\/fr\/wp-json\/wp\/v2\/media?parent=532276"}],"wp:term":[{"taxonomy":"category","embeddable":true,"href":"https:\/\/www.europesays.com\/fr\/wp-json\/wp\/v2\/categories?post=532276"},{"taxonomy":"post_tag","embeddable":true,"href":"https:\/\/www.europesays.com\/fr\/wp-json\/wp\/v2\/tags?post=532276"}],"curies":[{"name":"wp","href":"https:\/\/api.w.org\/{rel}","templated":true}]}}