{"id":532278,"date":"2025-11-13T22:15:27","date_gmt":"2025-11-13T22:15:27","guid":{"rendered":"https:\/\/www.europesays.com\/fr\/532278\/"},"modified":"2025-11-13T22:15:27","modified_gmt":"2025-11-13T22:15:27","slug":"marseille-le-frere-dun-militant-ecologiste-tue-par-balle-en-plein-jour","status":"publish","type":"post","link":"https:\/\/www.europesays.com\/fr\/532278\/","title":{"rendered":"Marseille : le fr\u00e8re d&rsquo;un militant \u00e9cologiste tu\u00e9 par balle en plein jour"},"content":{"rendered":"<ul class=\"jsx-862013697 ArticleChapo__List\">\n<li class=\"jsx-862013697 ArticleChapo__List_Item flex\">Un jeune homme de 20 ans a \u00e9t\u00e9 tu\u00e9 par balle \u00e0 Marseille, jeudi en d\u00e9but d&rsquo;apr\u00e8s-midi, a indiqu\u00e9 le parquet.<\/li>\n<li class=\"jsx-862013697 ArticleChapo__List_Item flex\">Selon nos informations, il s&rsquo;agit du petit fr\u00e8re du militant \u00e9cologiste Amine Kessaci, engag\u00e9 contre le narcotrafic.<\/li>\n<li class=\"jsx-862013697 ArticleChapo__List_Item flex\">Son grand fr\u00e8re Brahim avait d\u00e9j\u00e0 \u00e9t\u00e9 tu\u00e9 en 2020 dans un r\u00e8glement de compte.<\/li>\n<\/ul>\n<p data-module=\"article-paragraph\" class=\"jsx-3046738180 Paragraph Paragraph__End\">Cinq ans apr\u00e8s l&rsquo;assassinat de son grand fr\u00e8re Brahim, le militant \u00e9cologiste <a href=\"https:\/\/www.tf1info.fr\/justice-faits-divers\/video-marseille-violence-j-ai-beaucoup-de-haine-le-frere-d-une-victime-de-reglement-de-comptes-a-marseille-temoigne-2195114.html\" target=\"_blank\" rel=\"noopener\">Amine Kessaci<\/a> a perdu un autre fr\u00e8re, selon les informations du service police-justice de TF1-LCI. Il s&rsquo;agit du jeune homme de 20 ans tu\u00e9 en pleine rue de plusieurs tirs d&rsquo;arme de poing, jeudi 13 novembre \u00e0 14h30, \u00e0 deux pas de la plus grande salle de concert de <a href=\"https:\/\/www.tf1info.fr\/justice-faits-divers\/video-enquete-guerre-des-territoires-a-marseille-comment-les-policiers-luttent-contre-le-trafic-de-drogue-2243138.html\" target=\"_blank\" rel=\"noopener\">Marseille<\/a> situ\u00e9e dans le 4e arrondissement.\u00a0<\/p>\n<p data-module=\"article-paragraph\" class=\"jsx-3046738180 Paragraph Paragraph__End\">\u00ab\u00a0Il r\u00e9sulte des premiers \u00e9l\u00e9ments qu&rsquo;une moto s&rsquo;est port\u00e9e \u00e0 hauteur du v\u00e9hicule de la victime qui venait de se garer. Le passager arri\u00e8re de la moto a tir\u00e9 \u00e0 plusieurs reprises sur la victime, qui \u00e9tait toujours dans son v\u00e9hicule. Plusieurs \u00e9tuis de 9 mm ont \u00e9t\u00e9 retrouv\u00e9s sur place\u00a0\u00bb, pr\u00e9cise le procureur de Marseille, Nicolas Bessone.<\/p>\n<p>Enqu\u00eate ouverte pour assassinat en bande organis\u00e9e<\/p>\n<p data-module=\"article-paragraph\" class=\"jsx-3046738180 Paragraph Paragraph__End\">Le parquet de Marseille a indiqu\u00e9 avoir ouvert une enqu\u00eate pour assassinat en bande organis\u00e9e et association de malfaiteurs en vue de commettre un crime. Il ne confirme en revanche pas l&rsquo;identit\u00e9 de la victime, touch\u00e9e au thorax selon les marins-pompiers, se bornant \u00e0 indiquer qu&rsquo;il s&rsquo;agit d&rsquo;un jeune de 20 ans, inconnu des services de police et de justice.<\/p>\n<p data-module=\"article-paragraph\" class=\"jsx-3046738180 Paragraph Paragraph__End\">Selon le service police-justice de TF1-LCI, confirmant une information de <a href=\"https:\/\/www.laprovence.com\/article\/faits-divers-justice\/21428037805115\/info-la-provence-un-autre-frere-damine-kessaci-tue-par-balle-a-marseille\" rel=\"nofollow noopener\" target=\"_blank\">La Provence<\/a>, il s&rsquo;agit du jeune fr\u00e8re de l&rsquo;\u00e9cologiste Amine Kessaci, figure des quartiers nord, qui s&rsquo;\u00e9tait pr\u00e9sent\u00e9 aux \u00e9lections europ\u00e9ennes de 2024 \u00e0 Marseille. Ce que Christine Juste, adjointe \u00e9cologiste au maire de Marseille, a confirm\u00e9 en pleurs \u00e0 l&rsquo;AFP. \u00ab\u00a0J&rsquo;ai \u00e9norm\u00e9ment de peine pour mon ami et sa maman, aucune m\u00e8re ne devrait vivre cela, la perte de deux enfants. Et je suis en col\u00e8re qu&rsquo;on puisse, dans la deuxi\u00e8me ville de France, assassiner aussi facilement en plein jour des gens.\u00a0\u00bb<\/p>\n<p>Son grand fr\u00e8re victime d&rsquo;un r\u00e8glement de compte en 2020<\/p>\n<p data-module=\"article-paragraph\" class=\"jsx-3046738180 Paragraph Paragraph__End\">Le lien entre cet homicide et le narcobanditisme n&rsquo;a pas \u00e9t\u00e9 \u00e9tabli \u00e0 ce stade. En 2020, le grand fr\u00e8re d&rsquo;Amine Kessaci avait \u00e9t\u00e9 victime d&rsquo;un narchomicide, son corps retrouv\u00e9 carbonis\u00e9 dans un v\u00e9hicule pr\u00e8s de <a href=\"https:\/\/www.tf1info.fr\/politique\/video-emmanuel-macron-dans-un-quartier-sensible-de-marseille-2195185.html\" target=\"_blank\" rel=\"noopener\">Marseille<\/a>.\u00a0<\/p>\n<p><a href=\"https:\/\/www.tf1info.fr\/justice-faits-divers\/video-insecurite-a-marseille-un-quartier-prive-de-courrier-2231253.html\" rel=\"noopener\" class=\"jsx-3308031228 Link flex\" target=\"_blank\"><img decoding=\"async\" src=\"https:\/\/www.europesays.com\/fr\/wp-content\/uploads\/2025\/11\/poste-marseille-5d4ab1-0@1x.jpeg\" alt=\"CAPTURE D'ECRAN \/ TF1\" loading=\"lazy\" importance=\"low\" fetchpriority=\"low\" class=\"\" aria-hidden=\"true\"\/><\/p>\n<p class=\"jsx-3657663356 ReadMoreArticle__Title\">Lire aussi<\/p>\n<p class=\"jsx-3657663356\">VID\u00c9O &#8211; Ins\u00e9curit\u00e9 \u00e0 Marseille : un quartier priv\u00e9 de courriers par La Poste, les habitants n&rsquo;en peuvent plus<\/p>\n<p><\/a><\/p>\n<p data-module=\"article-paragraph\" class=\"jsx-3046738180 Paragraph\">Le militant engag\u00e9 contre le narcotrafic s&rsquo;\u00e9tait fait conna\u00eetre pour avoir interpell\u00e9 Emmanuel Macron en 2021 lors de sa visite dans la cit\u00e9 phoc\u00e9enne sur le th\u00e8me des quartiers et des stups. Le jeune homme, aujourd&rsquo;hui \u00e2g\u00e9 de 22 ans, a ensuite fond\u00e9 l&rsquo;association Conscience pour aider les familles, juridiquement et psychologiquement, et changer le regard sur ces morts qu&rsquo;il consid\u00e8re comme des victimes.<\/p>\n<p data-module=\"article-paragraph\" class=\"jsx-3046738180 Paragraph Paragraph__End\">Selon une source proche de l&rsquo;enqu\u00eate interrog\u00e9e par l&rsquo;AFP, Amine Kessaci \u00e9tait plac\u00e9 sous protection judiciaire depuis la parution d&rsquo;un livre \u00e0 la rentr\u00e9e en hommage \u00e0 son fr\u00e8re Brahim.<\/p>\n<p>Victor GAUTIER avec AFP et le service police-justice de TF1-LCI<\/p>\n","protected":false},"excerpt":{"rendered":"Un jeune homme de 20 ans a \u00e9t\u00e9 tu\u00e9 par balle \u00e0 Marseille, jeudi en d\u00e9but d&rsquo;apr\u00e8s-midi, a&hellip;\n","protected":false},"author":2,"featured_media":468659,"comment_status":"","ping_status":"","sticky":false,"template":"","format":"standard","meta":{"footnotes":""},"categories":[2814],"tags":[1111,11,1921,1777,674,6017,1011,27,1922,2954,884,777,12,1072,882,25,133,2953],"class_list":{"0":"post-532278","1":"post","2":"type-post","3":"status-publish","4":"format-standard","5":"has-post-thumbnail","7":"category-marseille","8":"tag-actu","9":"tag-actualites","10":"tag-article-video","11":"tag-eu","12":"tag-europe","13":"tag-fait-divers","14":"tag-fr","15":"tag-france","16":"tag-info","17":"tag-justice-et-faits-divers","18":"tag-marseille","19":"tag-meurtre","20":"tag-news","21":"tag-police","22":"tag-provence-alpes-cote-dazur","23":"tag-republique-francaise","24":"tag-video","25":"tag-video-police"},"share_on_mastodon":{"url":"https:\/\/pubeurope.com\/@fr\/115544701472874839","error":""},"_links":{"self":[{"href":"https:\/\/www.europesays.com\/fr\/wp-json\/wp\/v2\/posts\/532278","targetHints":{"allow":["GET"]}}],"collection":[{"href":"https:\/\/www.europesays.com\/fr\/wp-json\/wp\/v2\/posts"}],"about":[{"href":"https:\/\/www.europesays.com\/fr\/wp-json\/wp\/v2\/types\/post"}],"author":[{"embeddable":true,"href":"https:\/\/www.europesays.com\/fr\/wp-json\/wp\/v2\/users\/2"}],"replies":[{"embeddable":true,"href":"https:\/\/www.europesays.com\/fr\/wp-json\/wp\/v2\/comments?post=532278"}],"version-history":[{"count":0,"href":"https:\/\/www.europesays.com\/fr\/wp-json\/wp\/v2\/posts\/532278\/revisions"}],"wp:featuredmedia":[{"embeddable":true,"href":"https:\/\/www.europesays.com\/fr\/wp-json\/wp\/v2\/media\/468659"}],"wp:attachment":[{"href":"https:\/\/www.europesays.com\/fr\/wp-json\/wp\/v2\/media?parent=532278"}],"wp:term":[{"taxonomy":"category","embeddable":true,"href":"https:\/\/www.europesays.com\/fr\/wp-json\/wp\/v2\/categories?post=532278"},{"taxonomy":"post_tag","embeddable":true,"href":"https:\/\/www.europesays.com\/fr\/wp-json\/wp\/v2\/tags?post=532278"}],"curies":[{"name":"wp","href":"https:\/\/api.w.org\/{rel}","templated":true}]}}