{"id":532281,"date":"2025-11-13T22:17:13","date_gmt":"2025-11-13T22:17:13","guid":{"rendered":"https:\/\/www.europesays.com\/fr\/532281\/"},"modified":"2025-11-13T22:17:13","modified_gmt":"2025-11-13T22:17:13","slug":"le-corps-de-flynn-ganneval-letudiant-porte-disparu-en-marge-dune-soiree-dhalloween-a-lyon-repeche-dans-le-rhone","status":"publish","type":"post","link":"https:\/\/www.europesays.com\/fr\/532281\/","title":{"rendered":"Le corps de Flynn Ganneval, l\u2019\u00e9tudiant port\u00e9 disparu en marge d\u2019une soir\u00e9e d\u2019Halloween \u00e0 Lyon, rep\u00each\u00e9 dans le Rh\u00f4ne"},"content":{"rendered":"<p class=\"paragraph text_align_left lp-f-body-02\">Ses amis et sa famille le cherchaient depuis deux semaines. Flynn Ganneval, <a href=\"https:\/\/www.leparisien.fr\/faits-divers\/un-etudiant-de-19-ans-porte-disparu-en-marge-dune-soiree-dhalloween-a-lyon-une-enquete-ouverte-01-11-2025-265AY2I5VJH7JBP4G4DKPTNJJE.php\" target=\"_blank\" rel=\"noreferrer nofollow noopener\">\u00e9tudiant autrichien \u00e0 l\u2019EM Lyon de 19 ans<\/a>, \u00e9tait en effet port\u00e9 disparu depuis le 30 octobre. Son corps a finalement \u00e9t\u00e9 retrouv\u00e9 dans le Rh\u00f4ne ce jeudi, a annonc\u00e9 le parquet, d\u2019apr\u00e8s les m\u00e9dias locaux <a href=\"https:\/\/www.leprogres.fr\/faits-divers-justice\/2025\/11\/13\/un-corps-repeche-dans-le-rhone-probablement-celui-de-flynn-l-etudiant-disparu\" target=\"_blank\" rel=\"noreferrer nofollow noopener\">Le Progr\u00e8s<\/a> et <a href=\"https:\/\/actu.fr\/auvergne-rhone-alpes\/oullins-pierre-benite_69149\/le-corps-d-un-homme-retrouve-dans-le-rhone-au-sud-de-lyon-la-police-sur-place_63433040.html\" target=\"_blank\" rel=\"noreferrer nofollow noopener\">Actu Lyon<\/a>.<\/p>\n<p class=\"paragraph text_align_left lp-f-body-02\">\u00ab La police met tout en \u0153uvre pour le retrouver. Personne n\u2019a de nouvelles de lui, pas m\u00eame ses parents \u00bb, se d\u00e9solait fin octobre l\u2019utilisateur Omar Bchaiker, <a href=\"https:\/\/x.com\/OmarBchaiker\/status\/1984024594915979481?ref_src=twsrc%5Etfw%7Ctwcamp%5Etweetembed%7Ctwterm%5E1984024594915979481%7Ctwgr%5Ec05eaf63101d86781e2d0ab46aede7210f4cc984%7Ctwcon%5Es1_&amp;ref_url=https%3A%2F%2Fwww.leparisien.fr%2Ffaits-divers%2Fun-etudiant-de-19-ans-porte-disparu-en-marge-dune-soiree-dhalloween-a-lyon-une-enquete-ouverte-01-11-2025-265AY2I5VJH7JBP4G4DKPTNJJE.php\" target=\"_blank\" rel=\"noreferrer nofollow\">sur X<\/a>, affirmant \u00eatre son \u00ab ami \u00bb et partageant une photo de lui.<\/p>\n<p class=\"paragraph text_align_left lp-f-body-02\">Sur son corps retrouv\u00e9, \u00ab aucune l\u00e9sion n\u2019a \u00e9t\u00e9 d\u00e9couverte et aucun \u00e9l\u00e9ment, en l\u2019\u00e9tat, ne laisse craindre l\u2019intervention d\u2019un tiers \u00bb, a affirm\u00e9 le parquet de Lyon aupr\u00e8s de <a href=\"https:\/\/france3-regions.franceinfo.fr\/auvergne-rhone-alpes\/rhone\/lyon\/lyon-le-corps-de-flynn-ganneval-retrouve-dans-l-eau-du-rhone-3249019.html\" target=\"_blank\" rel=\"noreferrer nofollow noopener\">France 3 Rh\u00f4ne-Alpes<\/a>, avant que l\u2019autopsie du corps ne soit r\u00e9alis\u00e9e.<\/p>\n<p>\u00ab Un engagement remarquable \u00bb<\/p>\n<p class=\"paragraph text_align_left lp-f-body-02\">Lors d\u2019une soir\u00e9e d\u2019Halloween, Fynn Ganneval, costum\u00e9, avait disparu pr\u00e8s des bo\u00eetes de nuit L\u2019Azar et Le Sucre, dans le quartier Confluence, apr\u00e8s avoir quitt\u00e9 son groupe d\u2019amis. \u00ab Il a voulu aller uriner plus loin. J\u2019ai insist\u00e9 pour l\u2019accompagner car il \u00e9tait ivre mais il n\u2019a pas voulu \u00bb, a expliqu\u00e9 son amie \u00e0 Actu Lyon.<\/p>\n<p class=\"lp-card-podcast-highlighting__title  lp-f-subtitle-05\">[4\/4] L\u2019assassinat du PDG de Renault\u00a0: la sanglante \u00e9pop\u00e9e du groupe Action directe<\/p>\n<p class=\"lp-card-podcast-highlighting__description lp-f-ui-05\">Crime story raconte chaque semaine les grandes affaires criminelles.<\/p>\n<p><a class=\"lp-card-podcast-highlighting__call-to-action\" data-page-type=\"HP\" data-block-name=\"podcast-highlight\">\u00c9couter<\/a><\/p>\n<p class=\"paragraph text_align_left lp-f-body-02\">\u00ab Pendant plusieurs jours, ses camarades, ses proches et des b\u00e9n\u00e9voles ont organis\u00e9 des recherches intensives \u00bb, \u00ab ses parents et ses proches ont voyag\u00e9 depuis l\u2019\u00e9tranger pour poursuivre la recherche eux-m\u00eames \u2013 un combat \u00e9puisant, co\u00fbteux, mais guid\u00e9 par l\u2019amour et l\u2019espoir \u00bb, expliquait l\u2019utilisatrice Sabine Ganneval sur <a href=\"https:\/\/www.gofundme.com\/f\/hilfe-bei-der-suche-nach-flynn-ganneval-vermisst-seit\" target=\"_blank\" rel=\"noreferrer nofollow noopener\">une cagnotte en ligne<\/a> o\u00f9 pr\u00e8s de 100 000 euros ont \u00e9t\u00e9 r\u00e9colt\u00e9s.<\/p>\n<p class=\"paragraph text_align_left lp-f-body-02\">Elle se f\u00e9licitait, quelques jours plus tard : \u00ab Gr\u00e2ce \u00e0 vos dons, des sp\u00e9cialistes, des agences et un cabinet d\u2019avocats \u00e0 Lyon collaborent d\u00e9sormais \u00e9troitement avec les autorit\u00e9s locales, la police et le consulat. Ils fouillent syst\u00e9matiquement la r\u00e9gion avec des drones et des bateaux, avec un engagement remarquable \u00bb.<\/p>\n","protected":false},"excerpt":{"rendered":"Ses amis et sa famille le cherchaient depuis deux semaines. Flynn Ganneval, \u00e9tudiant autrichien \u00e0 l\u2019EM Lyon de&hellip;\n","protected":false},"author":2,"featured_media":532282,"comment_status":"","ping_status":"","sticky":false,"template":"","format":"standard","meta":{"footnotes":""},"categories":[1889],"tags":[1111,11,2430,459,1777,674,118,1011,27,2428,12,25],"class_list":{"0":"post-532281","1":"post","2":"type-post","3":"status-publish","4":"format-standard","5":"has-post-thumbnail","7":"category-lyon","8":"tag-actu","9":"tag-actualites","10":"tag-auvergne-rhone-alpes","11":"tag-departements-horsidfo","12":"tag-eu","13":"tag-europe","14":"tag-faits-divers","15":"tag-fr","16":"tag-france","17":"tag-lyon","18":"tag-news","19":"tag-republique-francaise"},"share_on_mastodon":{"url":"https:\/\/pubeurope.com\/@fr\/115544709111784389","error":""},"_links":{"self":[{"href":"https:\/\/www.europesays.com\/fr\/wp-json\/wp\/v2\/posts\/532281","targetHints":{"allow":["GET"]}}],"collection":[{"href":"https:\/\/www.europesays.com\/fr\/wp-json\/wp\/v2\/posts"}],"about":[{"href":"https:\/\/www.europesays.com\/fr\/wp-json\/wp\/v2\/types\/post"}],"author":[{"embeddable":true,"href":"https:\/\/www.europesays.com\/fr\/wp-json\/wp\/v2\/users\/2"}],"replies":[{"embeddable":true,"href":"https:\/\/www.europesays.com\/fr\/wp-json\/wp\/v2\/comments?post=532281"}],"version-history":[{"count":0,"href":"https:\/\/www.europesays.com\/fr\/wp-json\/wp\/v2\/posts\/532281\/revisions"}],"wp:featuredmedia":[{"embeddable":true,"href":"https:\/\/www.europesays.com\/fr\/wp-json\/wp\/v2\/media\/532282"}],"wp:attachment":[{"href":"https:\/\/www.europesays.com\/fr\/wp-json\/wp\/v2\/media?parent=532281"}],"wp:term":[{"taxonomy":"category","embeddable":true,"href":"https:\/\/www.europesays.com\/fr\/wp-json\/wp\/v2\/categories?post=532281"},{"taxonomy":"post_tag","embeddable":true,"href":"https:\/\/www.europesays.com\/fr\/wp-json\/wp\/v2\/tags?post=532281"}],"curies":[{"name":"wp","href":"https:\/\/api.w.org\/{rel}","templated":true}]}}