{"id":532293,"date":"2025-11-13T22:24:18","date_gmt":"2025-11-13T22:24:18","guid":{"rendered":"https:\/\/www.europesays.com\/fr\/532293\/"},"modified":"2025-11-13T22:24:18","modified_gmt":"2025-11-13T22:24:18","slug":"transfert-au-psg-cest-deja-annonce-en-russie","status":"publish","type":"post","link":"https:\/\/www.europesays.com\/fr\/532293\/","title":{"rendered":"Transfert au PSG : C\u2019est d\u00e9j\u00e0 annonc\u00e9\u2026 en Russie !"},"content":{"rendered":"<p>                    Benjamin Labrousse<br \/>\n                        &#8211;<\/p>\n<p>R\u00e9dacteur<\/p>\n<p>Malgr\u00e9 un double cursus Espagnol\/Communication, j\u2019ai d\u00e9cid\u00e9 de prendre en main mes r\u00eaves en me dirigeant vers le journalisme. Dipl\u00f4m\u00e9 d\u2019un master en journalisme de sport, je couvre l\u2019actualit\u00e9 sportive et footballistique avec toujours autant d\u2019admiration pour les p\u00e9riode de mercato, o\u00f9 un club se doit de faire des choix cruciaux pour la saison prochaine.<\/p>\n<p class=\"heading\">Depuis l\u2019arriv\u00e9e de Lucas Chevalier au PSG cet \u00e9t\u00e9, Matvey Safonov ne joue plus du tout. Le gardien russe a tent\u00e9 de retrouver du rythme en s\u00e9lection, mais a commis une grosse erreur face au P\u00e9rou en amical ce mercredi. Le s\u00e9lectionneur russe Valeri Karpine a r\u00e9agi \u00e0 cette b\u00e9vue, \u00e9voquant \u00e9galement l\u2019avenir de son gardien \u00e0 Paris.<\/p>\n<p>Un possible d\u00e9part du <a href=\"https:\/\/le10sport.com\/football\/mercato\/transferts-une-nouvelle-star-au-psg-riolo-confirme-764744\" rel=\"nofollow noopener\" target=\"_blank\"><strong>PSG <\/strong><\/a>prochainement\u00a0? Arriv\u00e9 durant l\u2019\u00e9t\u00e9 2024 au sein du club parisien, <strong>Matvey Safonov<\/strong> a disput\u00e9 17 rencontres sous les couleurs du <strong>PSG <\/strong>la saison derni\u00e8re. Mais pour le moment, le Russe n\u2019a pas disput\u00e9 le moindre match. Barr\u00e9 par l\u2019arriv\u00e9e de <strong>Lucas Chevalier<\/strong>, le portier de 26 ans souhaitait se rattraper avec sa s\u00e9lection.<\/p>\n<p>                                            Grosse erreur en s\u00e9lection pour Safonov<\/p>\n<p>Ce mercredi, la <strong>Russie <\/strong>affrontait le <strong>P\u00e9rou <\/strong>en amical. Alors que les hommes de <strong>Valeri Karpine<\/strong> menaient, les P\u00e9ruviens ont \u00e9galis\u00e9 en fin de match avec \u00e0 la cl\u00e9, une grosse bourde de <strong>Matvey Safonov<\/strong>. Le s\u00e9lectionneur russe a \u00e9voqu\u00e9 cette derni\u00e8re apr\u00e8s la rencontre\u00a0: \u00a0\u00ab\u00a0S\u2019il y avait eu un match de qualification maintenant, la composition de l\u2019\u00e9quipe aurait \u00e9t\u00e9 diff\u00e9rente. Safonov n\u2019aurait peut-\u00eatre pas jou\u00e9. Nous n\u2019avons eu aucune occasion devant notre but. Nous avons encaiss\u00e9 un but parce que la jambe de Safonov a gliss\u00e9, et certainement que le gardien a perdu l\u2019\u00e9quilibre. Je ne suis pas expert. Il a peut-\u00eatre rat\u00e9 le but, et sa jambe a gliss\u00e9.\u00a0\u00bb<\/p>\n<p>                                            \u00ab\u00a0Je ne pense pas qu\u2019il soit satisfait de sa situation actuelle au PSG\u00a0\u00bb<\/p>\n<p>Surtout, <strong>Valeri Karpine<\/strong> a mis en garde son joueur au sujet de son temps de jeu avec le <strong>PSG\u00a0<\/strong>: \u00ab\u00a0C\u2019est un joueur mature. Il prendra la d\u00e9cision qu\u2019il jugera n\u00e9cessaire. Je ne pense pas qu\u2019il soit satisfait de sa situation actuelle au PSG. Le moment viendra o\u00f9 il devra prendre une d\u00e9cision\u00a0\u00bb, a-t-il confi\u00e9. Affaire \u00e0 suivre&#8230;<\/p>\n","protected":false},"excerpt":{"rendered":"Benjamin Labrousse &#8211; R\u00e9dacteur Malgr\u00e9 un double cursus Espagnol\/Communication, j\u2019ai d\u00e9cid\u00e9 de prendre en main mes r\u00eaves en&hellip;\n","protected":false},"author":2,"featured_media":532294,"comment_status":"","ping_status":"","sticky":false,"template":"","format":"standard","meta":{"footnotes":""},"categories":[1591],"tags":[11,1887,12,1885,1886,132],"class_list":{"0":"post-532293","1":"post","2":"type-post","3":"status-publish","4":"format-standard","5":"has-post-thumbnail","7":"category-russie","8":"tag-actualites","9":"tag-federation-de-russie","10":"tag-news","11":"tag-russia","12":"tag-russian-federation","13":"tag-russie"},"share_on_mastodon":{"url":"https:\/\/pubeurope.com\/@fr\/115544736647664319","error":""},"_links":{"self":[{"href":"https:\/\/www.europesays.com\/fr\/wp-json\/wp\/v2\/posts\/532293","targetHints":{"allow":["GET"]}}],"collection":[{"href":"https:\/\/www.europesays.com\/fr\/wp-json\/wp\/v2\/posts"}],"about":[{"href":"https:\/\/www.europesays.com\/fr\/wp-json\/wp\/v2\/types\/post"}],"author":[{"embeddable":true,"href":"https:\/\/www.europesays.com\/fr\/wp-json\/wp\/v2\/users\/2"}],"replies":[{"embeddable":true,"href":"https:\/\/www.europesays.com\/fr\/wp-json\/wp\/v2\/comments?post=532293"}],"version-history":[{"count":0,"href":"https:\/\/www.europesays.com\/fr\/wp-json\/wp\/v2\/posts\/532293\/revisions"}],"wp:featuredmedia":[{"embeddable":true,"href":"https:\/\/www.europesays.com\/fr\/wp-json\/wp\/v2\/media\/532294"}],"wp:attachment":[{"href":"https:\/\/www.europesays.com\/fr\/wp-json\/wp\/v2\/media?parent=532293"}],"wp:term":[{"taxonomy":"category","embeddable":true,"href":"https:\/\/www.europesays.com\/fr\/wp-json\/wp\/v2\/categories?post=532293"},{"taxonomy":"post_tag","embeddable":true,"href":"https:\/\/www.europesays.com\/fr\/wp-json\/wp\/v2\/tags?post=532293"}],"curies":[{"name":"wp","href":"https:\/\/api.w.org\/{rel}","templated":true}]}}