{"id":532301,"date":"2025-11-13T22:28:16","date_gmt":"2025-11-13T22:28:16","guid":{"rendered":"https:\/\/www.europesays.com\/fr\/532301\/"},"modified":"2025-11-13T22:28:16","modified_gmt":"2025-11-13T22:28:16","slug":"lallemagne-reduit-la-taxe-sur-les-billets-davion-pour-relancer-le-secteur","status":"publish","type":"post","link":"https:\/\/www.europesays.com\/fr\/532301\/","title":{"rendered":"L\u2019Allemagne r\u00e9duit la taxe sur les billets d&rsquo;avion pour relancer le secteur"},"content":{"rendered":"<p>\n    La derni\u00e8re hausse de la taxe allemande sur les billets d\u2019avion est entr\u00e9e en vigueur en mai 2024, sous le gouvernement du chancelier social-d\u00e9mocrate Olaf Scholz. Elle a rapport\u00e9 1,9 milliard d\u2019euros \u00e0 l\u2019\u00c9tat l\u2019an dernier.<\/p>\n<p class=\"fig-paragraph\">Le chancelier allemand\u00a0<a href=\"http:\/\/www.lefigaro.fr\/international\/six-mois-a-la-tete-de-l-allemagne-les-paradoxes-de-friedrich-merz-20251105\" target=\"_blank\" data-fig-type=\"Article\" rel=\"noopener\" data-gtm-custom-categorie=\"navigation\" data-gtm-custom-action=\"crossclick\" data-gtm-custom-label=\"Contextuel\" data-gtm-event=\"customEventSPE\" data-fig-domain=\"LEFIGARO\">Friedrich Merz<\/a>\u00a0a annonc\u00e9 jeudi un accord au sein de sa coalition gouvernementale pour revenir sur la hausse de la taxe sur les billets d&rsquo;avion d\u00e9cid\u00e9e par le gouvernement pr\u00e9c\u00e9dent, et ce dans le but de relancer le transport a\u00e9rien. \u00abNous avons d\u00e9cid\u00e9 de revenir sur l&rsquo;augmentation des taxes sur le transport a\u00e9rien d\u00e9cid\u00e9e en 2024 \u00e0 partir du 1er juillet\u00bb, a d\u00e9clar\u00e9 le dirigeant conservateur lors d&rsquo;un point presse organis\u00e9 \u00e0 l&rsquo;issue du comit\u00e9 de coalition.<\/p>\n<p class=\"fig-paragraph\">La mesure devrait ainsi soulager le secteur a\u00e9rien \u00abpour un montant d&rsquo;environ 350 millions d&rsquo;euros\u00bb, a avanc\u00e9 le chancelier. \u00abNous voulons avant tout veiller \u00e0 ce que l&rsquo;industrie du transport a\u00e9rien en Allemagne reprenne de l&rsquo;\u00e9lan et connaisse une reprise\u00bb, a-t-il justifi\u00e9. L&rsquo;<a href=\"http:\/\/www.lefigaro.fr\/voyages\/guides\/je-n-insulte-jamais-les-visiteurs-en-allemagne-un-guide-de-musee-volontairement-grincheux-attire-les-foules-20251113\" target=\"_blank\" data-fig-type=\"Article\" rel=\"noopener\" data-gtm-custom-categorie=\"navigation\" data-gtm-custom-action=\"crossclick\" data-gtm-custom-label=\"Contextuel\" data-gtm-event=\"customEventSPE\" data-fig-domain=\"LEFIGARO\">Allemagne<\/a>\u00a0est \u00able seul pays en Europe, et au-del\u00e0, \u00e0 ne pas encore avoir retrouv\u00e9 les chiffres de trafic que nous avions avant la pand\u00e9mie\u00bb de\u00a0<a href=\"http:\/\/sante.lefigaro.fr\/medecine\/covid-19-quelles-sont-les-consignes-a-appliquer-en-cas-de-test-positif-20251008\" target=\"_blank\" data-fig-type=\"Article\" rel=\"noopener\" data-gtm-custom-categorie=\"navigation\" data-gtm-custom-action=\"crossclick\" data-gtm-custom-label=\"Contextuel\" data-gtm-event=\"customEventSPE\" data-fig-domain=\"SANTE\">Covid-19<\/a>, a ajout\u00e9 Friedrich Merz, qui veut \u00abparvenir\u00bb \u00e0 retrouver ce niveau.<\/p>\n<p>                                    <a class=\"fig-a11y-skip a11y-hidden\" href=\"#fig-a11y-skip-main-inarticle\"><br \/>\n        Passer la publicit\u00e9<br \/>\n    <\/a><\/p>\n<p>1,9 milliard d\u2019euros de b\u00e9n\u00e9fice<\/p>\n<p class=\"fig-paragraph\">La derni\u00e8re hausse de la taxe allemande sur les billets d&rsquo;avion est entr\u00e9e en vigueur en mai 2024, sous le gouvernement du chancelier social-d\u00e9mocrate\u00a0<a href=\"http:\/\/www.lefigaro.fr\/international\/a-munich-olaf-scholz-denonce-l-ingerence-americaine-dans-la-campagne-allemande-20250215\" target=\"_blank\" data-fig-type=\"NewsFlash\" rel=\"noopener\" data-gtm-custom-categorie=\"navigation\" data-gtm-custom-action=\"crossclick\" data-gtm-custom-label=\"Contextuel\" data-gtm-event=\"customEventSPE\" data-fig-domain=\"LEFIGARO\">Olaf Scholz<\/a>. Son montant avait \u00e9t\u00e9 port\u00e9 \u00e0 15,53 euros (contre 12,48 euros auparavant) pour un vol court-courrier, 39,34 euros (contre 31,61 euros) pour un vol moyen-courrier et 70,83 euros (contre 56,91 euros) pour un long-courrier. La taxe a rapport\u00e9 environ 1,9 milliard d&rsquo;euros \u00e0 l&rsquo;\u00c9tat l&rsquo;an dernier.<\/p>\n<p class=\"fig-paragraph\">Cette taxe visait \u00e9galement \u00e0 r\u00e9duire le nombre de vols et donc les \u00e9missions de gaz \u00e0 effet de serre, alors le transport a\u00e9rien repr\u00e9sente 2,5% \u00e0 3% des \u00e9missions mondiales de CO? dans le monde. En r\u00e9action, deux compagnies a\u00e9riennes \u00e0 bas co\u00fbts, l&rsquo;allemande Eurowings et l&rsquo;irlandaise\u00a0<a href=\"http:\/\/www.lefigaro.fr\/societes\/prix-des-billets-en-hausse-trafic-record-nouveaux-boeing-la-compagnie-aerienne-ryanair-avance-en-bonne-forme-20251103\" target=\"_blank\" data-fig-type=\"Article\" rel=\"noopener\" data-gtm-custom-categorie=\"navigation\" data-gtm-custom-action=\"crossclick\" data-gtm-custom-label=\"Contextuel\" data-gtm-event=\"customEventSPE\" data-fig-domain=\"LEFIGARO\">Ryanair<\/a>, avaient dit \u00e0 l&rsquo;automne 2024 envisager de supprimer de nombreuses liaisons vers et depuis l&rsquo;Allemagne, pointant du doigt une fiscalit\u00e9 jug\u00e9e excessive.<\/p>\n","protected":false},"excerpt":{"rendered":"La derni\u00e8re hausse de la taxe allemande sur les billets d\u2019avion est entr\u00e9e en vigueur en mai 2024,&hellip;\n","protected":false},"author":2,"featured_media":532302,"comment_status":"","ping_status":"","sticky":false,"template":"","format":"standard","meta":{"footnotes":""},"categories":[1587],"tags":[11,672,1804,1805,1803,1777,674,1801,12,1802],"class_list":{"0":"post-532301","1":"post","2":"type-post","3":"status-publish","4":"format-standard","5":"has-post-thumbnail","7":"category-allemagne","8":"tag-actualites","9":"tag-allemagne","10":"tag-bundesrepublik-deutschland","11":"tag-de","12":"tag-deutschland","13":"tag-eu","14":"tag-europe","15":"tag-germany","16":"tag-news","17":"tag-republique-federale-dallemagne"},"share_on_mastodon":{"url":"https:\/\/pubeurope.com\/@fr\/115544753297251532","error":""},"_links":{"self":[{"href":"https:\/\/www.europesays.com\/fr\/wp-json\/wp\/v2\/posts\/532301","targetHints":{"allow":["GET"]}}],"collection":[{"href":"https:\/\/www.europesays.com\/fr\/wp-json\/wp\/v2\/posts"}],"about":[{"href":"https:\/\/www.europesays.com\/fr\/wp-json\/wp\/v2\/types\/post"}],"author":[{"embeddable":true,"href":"https:\/\/www.europesays.com\/fr\/wp-json\/wp\/v2\/users\/2"}],"replies":[{"embeddable":true,"href":"https:\/\/www.europesays.com\/fr\/wp-json\/wp\/v2\/comments?post=532301"}],"version-history":[{"count":0,"href":"https:\/\/www.europesays.com\/fr\/wp-json\/wp\/v2\/posts\/532301\/revisions"}],"wp:featuredmedia":[{"embeddable":true,"href":"https:\/\/www.europesays.com\/fr\/wp-json\/wp\/v2\/media\/532302"}],"wp:attachment":[{"href":"https:\/\/www.europesays.com\/fr\/wp-json\/wp\/v2\/media?parent=532301"}],"wp:term":[{"taxonomy":"category","embeddable":true,"href":"https:\/\/www.europesays.com\/fr\/wp-json\/wp\/v2\/categories?post=532301"},{"taxonomy":"post_tag","embeddable":true,"href":"https:\/\/www.europesays.com\/fr\/wp-json\/wp\/v2\/tags?post=532301"}],"curies":[{"name":"wp","href":"https:\/\/api.w.org\/{rel}","templated":true}]}}