{"id":532309,"date":"2025-11-13T22:32:18","date_gmt":"2025-11-13T22:32:18","guid":{"rendered":"https:\/\/www.europesays.com\/fr\/532309\/"},"modified":"2025-11-13T22:32:18","modified_gmt":"2025-11-13T22:32:18","slug":"info-closer-nicolas-sarkozy-cette-grosse-surprise-qui-lattendait-au-flandrin-apres-sa-liberation","status":"publish","type":"post","link":"https:\/\/www.europesays.com\/fr\/532309\/","title":{"rendered":"INFO CLOSER. Nicolas Sarkozy : cette grosse surprise qui l&rsquo;attendait au Flandrin apr\u00e8s sa lib\u00e9ration"},"content":{"rendered":"<p>Il avait fait les gros titres en y entrant et il fait toujours<br \/>\ncouler autant d\u2019encre en sortant. L\u2019ex-pr\u00e9sident de la R\u00e9publique<br \/>\nNicolas Sarkozy a \u00e9t\u00e9 lib\u00e9r\u00e9 de prison ce 10 novembre, apr\u00e8s<br \/>\nseulement 20 jours d\u2019emprisonnement. <strong>Plac\u00e9 sous contr\u00f4le<br \/>\njudiciaire mais sans bracelet \u00e9lectronique<\/strong>, le magazine<br \/>\nCloser rappelle qu\u2019il lui est \u00e9galement interdit de quitter le<br \/>\nterritoire fran\u00e7ais. Mais ce n\u2019est pas tout.<\/p>\n<p>Condamn\u00e9 pour trafic d\u2019influence en 2023, Nicolas Sarkozy a \u00e9t\u00e9<br \/>\n<strong>interdit d\u2019entrer en contact avec plusieurs hauts<br \/>\nresponsables judiciaires<\/strong> comme G\u00e9rald Darmanin, ministre<br \/>\nde la Justice. Mais ces interdictions et sa condamnation pour<br \/>\nassociation de malfaiteur dans l\u2019affaire du financement libyen de<br \/>\nsa campagne ne l\u2019emp\u00eachent pas d\u2019avoir des supporters. Comme le<br \/>\nd\u00e9voile le magazine Closer, l\u2019ex-chef d\u2019Etat a ainsi eu une<br \/>\nsurprise en <a href=\"https:\/\/www.closermag.fr\/people\/nicolas-sarkozy-au-flandrin-le-lendemain-de-sa-liberation-ce-cliche-edifiant-pris-a-linterieur-de-la-chicissime-brasserie-3593083\" rel=\"noopener\" target=\"_blank\">allant manger au Flandrin<\/a>.<\/p>\n<p>Nicolas Sarkozy lib\u00e9r\u00e9 : il se fait applaudir au<br \/>\nrestaurant<\/p>\n<p>C\u2019est dans cette brasserie chic du 16e arrondissement de Paris<br \/>\nque <strong>Nicolas Sarkozy est all\u00e9 d\u00e9jeuner avec sa femme, Carla<br \/>\nBruni Sarkozy<\/strong>, apr\u00e8s avoir \u00e9t\u00e9 courir en compagnie de ses<br \/>\ngardes du corps. \u00ab\u00a0C\u2019est sous les applaudissements que celui qui<br \/>\na \u00e9t\u00e9 condamn\u00e9 \u00e0 cinq ans de prison a rejoint la table de cette<br \/>\nadresse pris\u00e9e qu\u2019il affectionne\u00a0\u00bb \u00e9crivent ainsi nos<br \/>\nconfr\u00e8res.<\/p>\n<p>La description de cette sc\u00e8ne inattendue continue. \u00ab\u00a0Le<br \/>\nvisage encore bl\u00eame, les traits tir\u00e9s, c\u2019est malgr\u00e9 tout avec le<br \/>\nsourire qu\u2019il a accueilli ces t\u00e9moignages joyeux \u00e0 l\u2019oppos\u00e9 des<br \/>\ncris et des menaces qui ponctuaient son s\u00e9jour derri\u00e8re les<br \/>\nbarreaux\u00a0\u00bb. Nos confr\u00e8res soulignent par ailleurs<br \/>\nqu\u2019<strong>Emmanuel Macron avait invit\u00e9 l\u2019homme condamn\u00e9<\/strong><br \/>\npar la justice aux <a href=\"https:\/\/www.closermag.fr\/people\/nicolas-sarkozy-libere-premiere-sortie-remarquee-avec-carla-bruni-et-ce-nest-pas-aux-commemorations-du-11-novembre-3592792\" target=\"_blank\" rel=\"noopener\"><br \/>\ncomm\u00e9morations du 11 Novembre<\/a>, mais qu\u2019il a refus\u00e9.<\/p>\n<blockquote class=\"instagram-media\" style=\"background: #ffffff;border: 0;margin: 1px;width: 100%;padding: 0;max-width: 500px;\" data-instgrm-permalink=\"https:\/\/www.instagram.com\/reel\/DQ9kLNiDMNK\/?utm_source=ig_web_copy_link\" data-instgrm-version=\"14\"\/><p>\nLe condamn\u00e9 reprend une vie<br \/>\nquasi-normale<\/p>\n<p>Le reste de sa <strong>premi\u00e8re journ\u00e9e hors de prison<\/strong><br \/>\na \u00e9galement fait l\u2019objet de nombreux articles. On apprend ainsi<br \/>\nqu\u2019apr\u00e8s son jogging, il aurait toujours selon Closer re\u00e7u la<br \/>\nvisite de <a href=\"https:\/\/www.instagram.com\/didierbarbelivienofficiel\/\" rel=\"nofollow noopener\" target=\"_blank\">Didier Barbelivien<\/a>. L\u2019une des filles du chanteur<br \/>\npartage en effet <a href=\"https:\/\/www.closermag.fr\/politique\/nicolas-sarkozy-au-lendemain-de-sa-liberation-giulia-recoit-a-neuilly-la-fille-dun-de-ses-plus-celebres-amis-3593002\" rel=\"noopener\" target=\"_blank\">la passion pour l\u2019\u00e9quitation de Giulia Sarkozy<\/a>, fille de<br \/>\nNicolas Sarkozy et Carla Bruni Sarkozy.<\/p>\n<p><script async src=\"\/\/www.instagram.com\/embed.js\"><\/script><\/p>\n","protected":false},"excerpt":{"rendered":"Il avait fait les gros titres en y entrant et il fait toujours couler autant d\u2019encre en sortant.&hellip;\n","protected":false},"author":2,"featured_media":532310,"comment_status":"","ping_status":"","sticky":false,"template":"","format":"standard","meta":{"footnotes":""},"categories":[2],"tags":[11,15511,1011,27,12,3091,25],"class_list":{"0":"post-532309","1":"post","2":"type-post","3":"status-publish","4":"format-standard","5":"has-post-thumbnail","7":"category-actualites","8":"tag-actualites","9":"tag-carla-bruni-sarkozy","10":"tag-fr","11":"tag-france","12":"tag-news","13":"tag-nicolas-sarkozy","14":"tag-republique-francaise"},"share_on_mastodon":{"url":"https:\/\/pubeurope.com\/@fr\/115544768196906400","error":""},"_links":{"self":[{"href":"https:\/\/www.europesays.com\/fr\/wp-json\/wp\/v2\/posts\/532309","targetHints":{"allow":["GET"]}}],"collection":[{"href":"https:\/\/www.europesays.com\/fr\/wp-json\/wp\/v2\/posts"}],"about":[{"href":"https:\/\/www.europesays.com\/fr\/wp-json\/wp\/v2\/types\/post"}],"author":[{"embeddable":true,"href":"https:\/\/www.europesays.com\/fr\/wp-json\/wp\/v2\/users\/2"}],"replies":[{"embeddable":true,"href":"https:\/\/www.europesays.com\/fr\/wp-json\/wp\/v2\/comments?post=532309"}],"version-history":[{"count":0,"href":"https:\/\/www.europesays.com\/fr\/wp-json\/wp\/v2\/posts\/532309\/revisions"}],"wp:featuredmedia":[{"embeddable":true,"href":"https:\/\/www.europesays.com\/fr\/wp-json\/wp\/v2\/media\/532310"}],"wp:attachment":[{"href":"https:\/\/www.europesays.com\/fr\/wp-json\/wp\/v2\/media?parent=532309"}],"wp:term":[{"taxonomy":"category","embeddable":true,"href":"https:\/\/www.europesays.com\/fr\/wp-json\/wp\/v2\/categories?post=532309"},{"taxonomy":"post_tag","embeddable":true,"href":"https:\/\/www.europesays.com\/fr\/wp-json\/wp\/v2\/tags?post=532309"}],"curies":[{"name":"wp","href":"https:\/\/api.w.org\/{rel}","templated":true}]}}