{"id":532319,"date":"2025-11-13T22:41:12","date_gmt":"2025-11-13T22:41:12","guid":{"rendered":"https:\/\/www.europesays.com\/fr\/532319\/"},"modified":"2025-11-13T22:41:12","modified_gmt":"2025-11-13T22:41:12","slug":"cyclisme-analyse-les-10-plus-grands-talents-a-suivre-de-la-generation-2007","status":"publish","type":"post","link":"https:\/\/www.europesays.com\/fr\/532319\/","title":{"rendered":"Cyclisme. Analyse &#8211; Les 10 plus grands talents \u00e0 suivre&#8230; de la g\u00e9n\u00e9ration 2007"},"content":{"rendered":"<p> Lire la suite de l&rsquo;article&#13;<\/p>\n<p>\u00a0<\/p>\n<p>&#13;<br \/>\n10. Gjis Schoonvelde&#13;<\/p>\n<p><strong>Red Bull-BORA-hansgrohe Rookies (GRENKE Auto Eder &#8211; Red Bull en 2025<\/strong><strong>)<\/strong><strong>\u00a0&#8211; Pays-Bas &#8211; 29\/01\/2007 &#8211; Pas dans notre classement en 2024 (new)<\/strong><\/p>\n<p>&#13;<\/p>\n<p>Gjis Schoonvelde a fait partie de l&rsquo;\u00e9norme \u00e9quipe GRENKE Auto Eder,  qui a tout \u00e9cras\u00e9 sur le circuit Juniors en 2025. Coureur ultra-complet,  capable de briller sur tous les terrains, le N\u00e9erlandais a d\u00e9croch\u00e9 7  succ\u00e8s la saison pass\u00e9e, en plus de solides places d&rsquo;honneur, \u00e0 l&rsquo;image  de sa 6e place sur\u00a0l&rsquo;Ain Bugey Valromey Tour\u00a0ou de sa 4e position sur  Paris-Roubaix Juniors. Il \u00e9voluera au sein de la\u00a0Red Bull-BORA-hansgrohe  Rookies en 2026.<\/p>\n<p>&#13;<\/p>\n<p>\u00a0<\/p>\n<p>&#13;<br \/>\n9. Daan Dijkman&#13;<\/p>\n<p><strong>UAE Team Emirates GenZ (WWV Hagens Berman-Jayco en 2025<\/strong><strong>)<\/strong><strong>\u00a0&#8211; Pays-Bas &#8211; 04\/10\/2007 &#8211; 8e dans notre classement en 2024 (-1)<\/strong><\/p>\n<p>&#13;<\/p>\n<p>Voici  un autre N\u00e9erlandais \u00e0 l&rsquo;entr\u00e9e de ce top 10 en la pr\u00e9sence de Daan  Dijkman. Comme Schoonvelde, il poss\u00e8de un profil assez complet, capable  de briller sur tous les terrains. Alors qu&rsquo;il \u00e9tait dans l&rsquo;\u00e9quipe  Juniors de la Jayco AlUla (WWV Hagens Berman-Jayco) en 2025, Dijkman va  rejoindre\u00a0UAE Team Emirates GenZ, l&rsquo;\u00e9quipe d\u00e9veloppement de l&rsquo;armada  \u00e9miratie, en 2026.<\/p>\n<p>&#13;<\/p>\n<p>\u00a0<\/p>\n<p>&#13;<br \/>\n8. Harry Hudson&#13;<\/p>\n<p><strong>Lidl-Trek Future Racing (Harrogate Nova Race en 2025<\/strong><strong>) &#8211; Grande-Bretagne &#8211; 29\/08\/2007 &#8211; Pas dans notre classement en 2024 (new)<\/strong><\/p>\n<p>&#13;<\/p>\n<p>Chez les Juniors, Harry Hudson s&rsquo;est impos\u00e9 cette ann\u00e9e 2025 comme l&rsquo;un des meilleurs coureurs sur les courses d&rsquo;un jour pour puncheurs-grimpeurs. En effet, le Britannique a \u00e9t\u00e9 sacr\u00e9 Champion du Monde au Rwanda et a \u00e9galement Li\u00e8ge-Bastogne-Li\u00e8ge Juniors. Alors qu&rsquo;il \u00e9voluait dans une modeste \u00e9quipe britannique chez les Juniors, il va rejoindre la Lidl-Trek Future Racing en 2026.<\/p>\n<p>&#13;<\/p>\n<p>\u00a0<\/p>\n<p>&#13;<br \/>\n7. Johan Blanc&#13;<\/p>\n<p><strong>Conti Groupama-FDJ (Groupama-FDJ Juniors en 2025<\/strong><strong>) &#8211; France &#8211; 14\/05\/2007 &#8211; 5e de notre classement en 2024 (-2)<\/strong><\/p>\n<p>&#13;<\/p>\n<p>Seul Fran\u00e7ais de ce classement, Johan Blanc est d\u00e9j\u00e0 bien connu des suiveurs des cat\u00e9gories jeunes. Solide grimpeur-baroudeur, poss\u00e9dant \u00e9galement une bonne \u00ab\u00a0giclette\u00a0\u00bb, Blanc a r\u00e9alis\u00e9 une saison 2025 en demi-teinte, mais tout de m\u00eame couronn\u00e9e de beaux succ\u00e8s, \u00e0 l&rsquo;image de ses deux victoires d&rsquo;\u00e9tapes sur le Giro della Lunigiana. Il va poursuivre son apprentissage chez Groupama-FDJ, en passant dans la Conti en 2026.<\/p>\n<p>&#13;<\/p>\n<p style=\"text-align: center;\">\n<p>&#13;<\/p>\n<p>\u00a0<\/p>\n<p>&#13;<br \/>\n6. Anatol Friedl&#13;<\/p>\n<p><strong>Red Bull-BORA-hansgrohe Rookies (GRENKE Auto Eder &#8211; Red Bull en 2025<\/strong><strong>) &#8211; Autriche &#8211; 14\/04\/2007 &#8211; Pas dans notre classement en 2024 (new)<\/strong><\/p>\n<p>&#13;<\/p>\n<p>Anatol Friedl est l&rsquo;un des profils les plus int\u00e9ressants de ce classement. En effet, l&rsquo;Autrichien poss\u00e8de sur la route un profil de pur grimpeur, mais est aussi un excellent v\u00e9t\u00e9tiste, comme il l&rsquo;a d\u00e9montr\u00e9 en remportant les Championnats du Monde de VTT chez les Juniors. Un coureur ultra talentueux, qui \u00e9voluera au sein de la\u00a0Red Bull-BORA-hansgrohe Rookies en 2026.<\/p>\n<p>&#13;<\/p>\n<p>\u00a0<\/p>\n<p>&#13;<br \/>\n5. Mattia Agostinacchio&#13;<\/p>\n<p><strong>EF Education-EasyPost (Ciclistica Trevigliese en 2025<\/strong><strong>) &#8211; Italie &#8211; 13\/09\/2007 &#8211; Pas dans notre classement en 2024 (new)<\/strong><\/p>\n<p>&#13;<\/p>\n<p>Mattia Agostinacchio est le seul coureur de la g\u00e9n\u00e9ration 2007 qui passera directement en WorldTour, sans passer par la case U23, en 2026. En effet, l&rsquo;Italien a sign\u00e9 au sein de l&rsquo;\u00e9quipe EF Education-EasyPost. Comme Friedl, Agostinacchio brille dans plusieurs disciplines, puisqu&rsquo;il est \u00e9galement champion du monde&#8230; de cyclo-cross. Avec un profil de sprinteur-puncheur, tr\u00e8s bon sur les courses d&rsquo;un jour et en cyclo-cross, beaucoup ,comparent d\u00e9j\u00e0 le jeune italien \u00e0 Mathieu van der Poel, d&rsquo;autant plus que les deux se ressemblent \u00e9norm\u00e9ment sur le v\u00e9lo.<\/p>\n<p>&#13;<\/p>\n<blockquote class=\"twitter-tweet\" style=\"width:100%!important;max-width:550px!important;min-width:250px;height:500px;\"><p>&#13;<\/p>\n<p dir=\"ltr\" lang=\"fr\">Transfert &#8211; EF Education-EasyPost recrute le \u00ab\u00a0Mathieu van der Poel italien\u00a0\u00bb <a href=\"https:\/\/twitter.com\/hashtag\/MercatoVELO?src=hash&amp;ref_src=twsrc%5Etfw\" target=\"_blank\" rel=\"noopener\">#MercatoVELO<\/a> <a href=\"https:\/\/twitter.com\/hashtag\/Mercato?src=hash&amp;ref_src=twsrc%5Etfw\" target=\"_blank\" rel=\"noopener\">#Mercato<\/a> <a href=\"https:\/\/twitter.com\/hashtag\/Agostinacchio?src=hash&amp;ref_src=twsrc%5Etfw\" target=\"_blank\" rel=\"noopener\">#Agostinacchio<\/a> <a href=\"https:\/\/twitter.com\/hashtag\/EF?src=hash&amp;ref_src=twsrc%5Etfw\" target=\"_blank\" rel=\"noopener\">#EF<\/a> <a href=\"https:\/\/twitter.com\/hashtag\/CX?src=hash&amp;ref_src=twsrc%5Etfw\" target=\"_blank\" rel=\"noopener\">#CX<\/a> <a href=\"https:\/\/t.co\/PIbILpUJbN\">https:\/\/t.co\/PIbILpUJbN<\/a><\/p>\n<p>&#13;<br \/>\n\u2014 Cyclism&rsquo;Actu (@cyclismactu) <a href=\"https:\/\/twitter.com\/cyclismactu\/status\/1973065371910308217?ref_src=twsrc%5Etfw\" target=\"_blank\" rel=\"noopener\">September 30, 2025<\/a><\/p><\/blockquote>\n<p>&#13;<br \/>\n&#13;<\/p>\n<p>\u00a0<\/p>\n<p>&#13;<br \/>\n4. Michiel Mouris&#13;<\/p>\n<p><strong>Red Bull-BORA-hansgrohe Rookies (GRENKE Auto Eder &#8211; Red Bull en 2025<\/strong><strong>) &#8211; Pays-Bas &#8211; 07\/02\/2007 &#8211; Pas dans notre classement en 2024 (new)<\/strong><\/p>\n<p>&#13;<\/p>\n<p>D\u00e9j\u00e0 tr\u00e8s solide en 2024, Michiel Mouris a r\u00e9ellement pass\u00e9 un cap en 2025 en rejoignant GRENKE-Auto Eder. Le N\u00e9erlandais a \u00e9t\u00e9 impressionnant tout au long de la saison, avec 11 succ\u00e8s, dont Paris-Roubaix Juniors, le contre-la-montre des Championnats du Monde et le chrono des Championnats d&rsquo;Europe. Solide gabarit et gros moteur, Mouris est fait briller sur les Classiques Flandriennes et les contre-la-montre. En 2026, il esp\u00e8re continuer sa progression au sein de la\u00a0Red Bull-BORA-hansgrohe Rookies.<\/p>\n<p>&#13;<\/p>\n<p>\u00a0<\/p>\n<p>&#13;<br \/>\n3. Janek Jackowiak&#13;<\/p>\n<p><strong>Bahrain Victorious Development (Cannibal Victorious U19 en 2025<\/strong><strong>) &#8211; Pays-Bas &#8211; 07\/02\/2007 &#8211; 3e de notre classement en 2024 (=)<\/strong><\/p>\n<p>&#13;<\/p>\n<p>Janek Jackowiak sort de deux saisons tr\u00e8s r\u00e9ussies chez les Juniors. Coureur tr\u00e8s r\u00e9gulier, le Polonais poss\u00e8de plut\u00f4t un profil de puncheur-grimpeur, \u00e9galement tr\u00e8s solide sur les contre-la-montre&#8230; parfait pour briller sur les courses-par-\u00e9tapes.\u00a0Il va poursuivre son apprentissage chez Bahrain Victorious, en passant dans l&rsquo;\u00e9quipe d\u00e9veloppement en 2026 et pourquoi suivre le m\u00eame chemin qu&rsquo;un certain Jakob Omrzel.<\/p>\n<p>&#13;<\/p>\n<p>\u00a0<\/p>\n<p>&#13;<br \/>\n2. Ashlin Barry&#13;<\/p>\n<p><strong>Visma | Lease a Bike Development (JEGG-SKIL-DJR Visma en 2025<\/strong><strong>) &#8211; \u00c9tats-Unis &#8211; 25\/09\/2007 &#8211; 1er de notre classement en 2024 (-1)<\/strong><\/p>\n<p>&#13;<\/p>\n<p>1er de notre classement l&rsquo;an pass\u00e9, Ashlin Barry descend d&rsquo;une place. L&rsquo;Am\u00e9ricain, \u00e9galement sp\u00e9cialiste de la piste, a peu couru sur route cette saison. Apr\u00e8s avoir \u00e9clabouss\u00e9 la plan\u00e8te de son talent en 2024, il a tout de m\u00eame confirm\u00e9 son potentiel en 2025 en d\u00e9crochant 5 victoires et de belles places d&rsquo;honneur, \u00e0 l&rsquo;image de ses 2e places sur Paris-Roubaix Juniors et le Championnat du Monde de contre-la-montre. Grand gabarit, Barry est un sp\u00e9cialiste des Classiques et de l&rsquo;exercice en solitaire. Il poss\u00e8de \u00e9galement une tr\u00e8s belle pointe de vitesse. Sous contrat avec la\u00a0Visma | Lease a Bike, il passera dans la d\u00e9veloppement en 2026.<\/p>\n<p>&#13;<\/p>\n<p>\u00a0<\/p>\n<p>&#13;<br \/>\n1. Noah Lindholm Moller Andersen&#13;<\/p>\n<p><strong>Red Bull-BORA-hansgrohe Rookies (GRENKE Auto Eder &#8211; Red Bull en 2025<\/strong><strong>)<\/strong><strong>\u00a0&#8211; Danemark &#8211; 27\/01\/2007 &#8211; 2e de notre classement en 2024 (+1)<\/strong><\/p>\n<p>&#13;<\/p>\n<p>Il \u00e9tait 2e de notre classement l&rsquo;an pass\u00e9, et il se retrouve d\u00e9sormais en p\u00f4le position, il s&rsquo;agit de\u00a0Noah Lindholm Moller Andersen ! Le Danois, t\u00eate d&rsquo;affiche d&rsquo;une \u00e9quipe\u00a0GRENKE Auto Eder innar\u00eatable, a tout cass\u00e9 cette saison. Il a notamment remport\u00e9 l&rsquo;Ain Bugey Valromey Tour, la course par \u00e9tapes la plus prestigieuse chez les Juniors. Excellent grimpeur-puncheur, il passera au sein de la\u00a0Red Bull-BORA-hansgrohe Rookies en 2026 et esp\u00e8re continuer son ascension fulgurante.<\/p>\n<p>&#13;<\/p>\n<blockquote class=\"twitter-tweet\" style=\"width:100%!important;max-width:550px!important;min-width:250px;height:500px;\"><p>&#13;<\/p>\n<p dir=\"ltr\" lang=\"fr\">Transfert &#8211; La Red Bull-BORA-hansgrohe Rookies avec une \u00e9quipe ultra solide en 2026 <a href=\"https:\/\/twitter.com\/hashtag\/redbullborahansgrohe?src=hash&amp;ref_src=twsrc%5Etfw\" target=\"_blank\" rel=\"noopener\">#redbullborahansgrohe<\/a> <a href=\"https:\/\/twitter.com\/hashtag\/rbh?src=hash&amp;ref_src=twsrc%5Etfw\" target=\"_blank\" rel=\"noopener\">#rbh<\/a> <a href=\"https:\/\/twitter.com\/hashtag\/Finn?src=hash&amp;ref_src=twsrc%5Etfw\" target=\"_blank\" rel=\"noopener\">#Finn<\/a> <a href=\"https:\/\/twitter.com\/hashtag\/RBHRookies?src=hash&amp;ref_src=twsrc%5Etfw\" target=\"_blank\" rel=\"noopener\">#RBHRookies<\/a> <a href=\"https:\/\/t.co\/1xHKkkxtUi\">https:\/\/t.co\/1xHKkkxtUi<\/a><\/p>\n<p>&#13;<br \/>\n\u2014 Cyclism&rsquo;Actu (@cyclismactu) <a href=\"https:\/\/twitter.com\/cyclismactu\/status\/1980634244310335916?ref_src=twsrc%5Etfw\" target=\"_blank\" rel=\"noopener\">October 21, 2025<\/a><\/p><\/blockquote>\n<p>&#13;<br \/>\n&#13;<\/p>\n<p>\u00a0<\/p>\n<p>&#13;<br \/>\n<strong>Mentions Honorables<\/strong>&#13;<\/p>\n<p>Parmi les coureurs que nous aurions pu citer dans cette liste, mais     qui, par raison de concurrence, ne sont pas rentr\u00e9s dedans, nous   pouvons  nommer le puncheur britannique\u00a0<strong>Max Hinds<\/strong>\u00a0(sans contrat officiel pour 2026), le grimpeur italien\u00a0<strong>Roberto Capello\u00a0<\/strong>(sans contrat officiel pour 2026), le solide bi\u00e9lorusse <strong>Nikita Babovich<\/strong> (Bahrain Victorious Development) ou encore le sprinteur belge <strong>Thor Michielsen<\/strong> (Lidl-Trek Future Racing)<\/p>\n<p>&#13;<\/p>\n<p>En revanche, cinq coureurs faisaient partie de cette liste l&rsquo;an pass\u00e9 et en sont sortis. Il s&rsquo;agit du grimpeur allemand\u00a0<strong>Benedikt Benz<\/strong> (Lidl-Trek Future Racing), du sprinteur italien <strong>Alessio Magagnotti <\/strong>(Red Bull-BORA-hansgrohe Rookies)\u00a0et du sprinteur belge <strong>Edouard Claisse<\/strong>\u00a0(sans contrat officiel pour 2026). Si ces trois-l\u00e0 auraient encore pu faire partie de notre top 10, le Fran\u00e7ais <strong>Yann Dubois<\/strong> (Conti Groupama-FDJ) et le Belge <strong>Thibaut Van Damme\u00a0<\/strong>(sans contrat officiel pour 2026) sont eux compl\u00e8tement sortis de l&rsquo;\u00e9quation.<\/p>\n<p><script async src=\"https:\/\/platform.twitter.com\/widgets.js\" charset=\"utf-8\"><\/script><\/p>\n","protected":false},"excerpt":{"rendered":"Lire la suite de l&rsquo;article&#13; \u00a0 &#13; 10. Gjis Schoonvelde&#13; Red Bull-BORA-hansgrohe Rookies (GRENKE Auto Eder &#8211; Red&hellip;\n","protected":false},"author":2,"featured_media":532320,"comment_status":"","ping_status":"","sticky":false,"template":"","format":"standard","meta":{"footnotes":""},"categories":[1411],"tags":[1020,1154,207,211,1011,27,209,60,210,212,208,213],"class_list":{"0":"post-532319","1":"post","2":"type-post","3":"status-publish","4":"format-standard","5":"has-post-thumbnail","7":"category-cyclisme","8":"tag-analyse","9":"tag-cycling","10":"tag-cyclisme","11":"tag-ffc","12":"tag-fr","13":"tag-france","14":"tag-route","15":"tag-sports","16":"tag-tour-de-france","17":"tag-uci","18":"tag-velo","19":"tag-world-tour"},"share_on_mastodon":{"url":"https:\/\/pubeurope.com\/@fr\/115544803560417901","error":""},"_links":{"self":[{"href":"https:\/\/www.europesays.com\/fr\/wp-json\/wp\/v2\/posts\/532319","targetHints":{"allow":["GET"]}}],"collection":[{"href":"https:\/\/www.europesays.com\/fr\/wp-json\/wp\/v2\/posts"}],"about":[{"href":"https:\/\/www.europesays.com\/fr\/wp-json\/wp\/v2\/types\/post"}],"author":[{"embeddable":true,"href":"https:\/\/www.europesays.com\/fr\/wp-json\/wp\/v2\/users\/2"}],"replies":[{"embeddable":true,"href":"https:\/\/www.europesays.com\/fr\/wp-json\/wp\/v2\/comments?post=532319"}],"version-history":[{"count":0,"href":"https:\/\/www.europesays.com\/fr\/wp-json\/wp\/v2\/posts\/532319\/revisions"}],"wp:featuredmedia":[{"embeddable":true,"href":"https:\/\/www.europesays.com\/fr\/wp-json\/wp\/v2\/media\/532320"}],"wp:attachment":[{"href":"https:\/\/www.europesays.com\/fr\/wp-json\/wp\/v2\/media?parent=532319"}],"wp:term":[{"taxonomy":"category","embeddable":true,"href":"https:\/\/www.europesays.com\/fr\/wp-json\/wp\/v2\/categories?post=532319"},{"taxonomy":"post_tag","embeddable":true,"href":"https:\/\/www.europesays.com\/fr\/wp-json\/wp\/v2\/tags?post=532319"}],"curies":[{"name":"wp","href":"https:\/\/api.w.org\/{rel}","templated":true}]}}