{"id":532331,"date":"2025-11-13T22:48:19","date_gmt":"2025-11-13T22:48:19","guid":{"rendered":"https:\/\/www.europesays.com\/fr\/532331\/"},"modified":"2025-11-13T22:48:19","modified_gmt":"2025-11-13T22:48:19","slug":"ce-personnage-de-peacemaker-sera-de-retour-pour-la-suite-et-cest-une-bonne-nouvelle","status":"publish","type":"post","link":"https:\/\/www.europesays.com\/fr\/532331\/","title":{"rendered":"ce personnage de Peacemaker sera de retour pour la suite (et c&rsquo;est une bonne nouvelle)"},"content":{"rendered":"<p><strong>L\u2019un des personnages qu\u2019on aime le plus d\u00e9tester dans le nouveau DCU de <a href=\"https:\/\/www.ecranlarge.com\/personnalite\/652864-james-gunn-ii\" data-type=\"people\" data-id=\"304984\" rel=\"nofollow noopener\" target=\"_blank\">James Gunn<\/a> reprendra du service dans <a href=\"https:\/\/www.ecranlarge.com\/films\/superman-man-of-tomorrow\" data-type=\"films\" data-id=\"1334972\" rel=\"nofollow noopener\" target=\"_blank\">Superman 2 : Man of Tomorrow<\/a>.<\/strong><\/p>\n<p>La grande horloge du DC Universe semble enfin avoir trouv\u00e9 son rythme, et ce n\u2019\u00e9tait pas gagn\u00e9. Apr\u00e8s une longue p\u00e9riode de flottement, l\u2019\u00e8re James Gunn \/ Peter Safran a d\u00e9marr\u00e9 pied au plancher avec le nouveau Superman, incarn\u00e9 par David Corenswet.  Ajoutez \u00e0 cela la s\u00e9rie <strong>Creature Commandos<\/strong> sur HBO Max,<a href=\"https:\/\/www.ecranlarge.com\/saisons\/critique\/peacemaker-saison-2-critique-redemption-john-cena\" data-type=\"link\" data-id=\"https:\/\/www.ecranlarge.com\/saisons\/critique\/peacemaker-saison-2-critique-redemption-john-cena\" rel=\"nofollow noopener\" target=\"_blank\"> la saison 2 toujours aussi g\u00e9niale de <strong>Peacemaker<\/strong><\/a>, et l\u2019on obtient un univers qui, contre toute attente, commence \u00e0 ressembler \u00e0 quelque chose de coh\u00e9rent.<\/p>\n<p>                    <img decoding=\"async\" alt=\"\" class=\"wp-image-518375\" style=\"object-fit:cover;width:25px;height:25px\" src=\"https:\/\/www.ecranlarge.com\/content\/uploads\/2023\/09\/arrow-right-circle.svg\"\/><\/p>\n<p>2026 devrait d\u2019ailleurs signer le passage \u00e0 la vitesse sup\u00e9rieure pour les superh\u00e9ros DC, avec l\u2019arriv\u00e9e au cin\u00e9ma de <strong><a href=\"https:\/\/www.ecranlarge.com\/films\/1465788-supergirl-woman-of-tomorrow\" data-type=\"films\" data-id=\"795515\" rel=\"nofollow noopener\" target=\"_blank\">Supergirl <\/a><\/strong>et <strong><a href=\"https:\/\/www.ecranlarge.com\/films\/clayface\" data-type=\"films\" data-id=\"1254587\" rel=\"nofollow noopener\" target=\"_blank\">Clayface<\/a><\/strong>, et de la s\u00e9rie <a href=\"https:\/\/www.ecranlarge.com\/series\/1353606-green-lantern\" data-type=\"series\" data-id=\"695630\" rel=\"nofollow noopener\" target=\"_blank\"><strong>Lanterns<\/strong><\/a>, des projets qui prouvent que le DCU veut ratisser large tout en restant fid\u00e8le au go\u00fbt prononc\u00e9 de Gunn pour les outsiders et les tronches cass\u00e9es. Et justement, <strong>c\u2019est l\u2019un des acteurs les plus r\u00e9jouissants de Peacemaker qui sera de retour dans Superman 2. <\/strong><\/p>\n<p>Superman 2, avec une dose suppl\u00e9mentaire de Peacemaker<\/p>\n<p>La nouvelle est tomb\u00e9e via une story Instagram post\u00e9e par <a href=\"https:\/\/www.ecranlarge.com\/personnalite\/664934-frank-grillo\" data-type=\"people\" data-id=\"315903\" rel=\"nofollow noopener\" target=\"_blank\">Frank Grillo<\/a>, qui incarne Rick Flag Sr. dans le DCU. <strong>L\u2019acteur a ainsi confirm\u00e9 qu\u2019il rempilait pour Superman 2 : Man of Tomorrow, attendu pour 2027.<\/strong><\/p>\n<p>Si ce retour est enthousiasmant, c\u2019est que Grillo s\u2019est install\u00e9 en douceur, mais solidement dans cette nouvelle architecture du DCU. Il a d\u2019abord pr\u00eat\u00e9 sa voix et son charisme r\u00e2peux \u00e0 Rick Flag Sr. dans la s\u00e9rie anim\u00e9e <strong inert=\"true\">Creature Commandos,<\/strong> avant de d\u00e9barquer dans <strong inert=\"true\">Superman <\/strong>en chair, en os et en grogne. Le personnage devrait continuer \u00e0 prendre du galon, en particulier apr\u00e8s son r\u00f4le d\u00e9terminant dans la saison 2 de <strong>Peacemaker<\/strong>, o\u00f9 Gunn lui a offert un terrain de jeu de premier choix.<\/p>\n<p><a href=\"https:\/\/www.ecranlarge.com\/content\/uploads\/2025\/10\/a807f5333265bae2d316fa08d545b8e7.jpg\" rel=\"nofollow noopener\" target=\"_blank\"><\/p>\n<p><img loading=\"lazy\" decoding=\"async\" alt=\"Frank Grillo Peacemaker\" src=\"https:\/\/www.europesays.com\/fr\/wp-content\/uploads\/2025\/10\/a807f5333265bae2d316fa08d545b8e7-1260x840.jpg\" width=\"1260\" height=\"840\"  \/><\/p>\n<p><\/a>Simple humain, mais toujours dans les mauvais coups<\/p>\n<p><strong>Superman 2 : Man of Tomorrow <\/strong>r\u00e9unira de nouveau Rachel Brosnahan en Lois Lane, David Corenswet en Superman et Nicholas Hoult en Lex Luthor, le tout dans un r\u00e9cit que les premiers indices annoncent un film centr\u00e9 sur le super vilain Brainiac. Un choix logique pour passer \u00e0 la vitesse sup\u00e9rieure, et surtout une parfaite occasion pour Gunn d\u2019\u00e9quilibrer ses penchants burlesques avec une vraie menace cosmique.<\/p>\n<p>                    <img decoding=\"async\" alt=\"\" class=\"wp-image-518375\" style=\"object-fit:cover;width:25px;height:25px\" src=\"https:\/\/www.ecranlarge.com\/content\/uploads\/2023\/09\/arrow-right-circle.svg\"\/><\/p>\n<p>Pour les mois \u00e0 venir, Warner et DC ont d\u00e9j\u00e0 un calendrier bien cadr\u00e9. Warner a d\u00e9j\u00e0 cal\u00e9 <strong>la date de sortie de Superman 2 : Man of Tomorrow pour le 7 juillet 2027<\/strong>. Avant cela, Milly Alcock prendra son envol dans <strong>Supergirl <\/strong>le 26 juin 2026, suivie de pr\u00e8s par <strong>Clayface <\/strong>le 11 septembre 2026. <\/p>\n","protected":false},"excerpt":{"rendered":"L\u2019un des personnages qu\u2019on aime le plus d\u00e9tester dans le nouveau DCU de James Gunn reprendra du service&hellip;\n","protected":false},"author":2,"featured_media":532332,"comment_status":"","ping_status":"","sticky":false,"template":"","format":"standard","meta":{"footnotes":""},"categories":[1354],"tags":[58,59,1346,1011,27,1360],"class_list":{"0":"post-532331","1":"post","2":"type-post","3":"status-publish","4":"format-standard","5":"has-post-thumbnail","7":"category-films","8":"tag-divertissement","9":"tag-entertainment","10":"tag-films","11":"tag-fr","12":"tag-france","13":"tag-movies"},"share_on_mastodon":{"url":"https:\/\/pubeurope.com\/@fr\/115544832105316186","error":""},"_links":{"self":[{"href":"https:\/\/www.europesays.com\/fr\/wp-json\/wp\/v2\/posts\/532331","targetHints":{"allow":["GET"]}}],"collection":[{"href":"https:\/\/www.europesays.com\/fr\/wp-json\/wp\/v2\/posts"}],"about":[{"href":"https:\/\/www.europesays.com\/fr\/wp-json\/wp\/v2\/types\/post"}],"author":[{"embeddable":true,"href":"https:\/\/www.europesays.com\/fr\/wp-json\/wp\/v2\/users\/2"}],"replies":[{"embeddable":true,"href":"https:\/\/www.europesays.com\/fr\/wp-json\/wp\/v2\/comments?post=532331"}],"version-history":[{"count":0,"href":"https:\/\/www.europesays.com\/fr\/wp-json\/wp\/v2\/posts\/532331\/revisions"}],"wp:featuredmedia":[{"embeddable":true,"href":"https:\/\/www.europesays.com\/fr\/wp-json\/wp\/v2\/media\/532332"}],"wp:attachment":[{"href":"https:\/\/www.europesays.com\/fr\/wp-json\/wp\/v2\/media?parent=532331"}],"wp:term":[{"taxonomy":"category","embeddable":true,"href":"https:\/\/www.europesays.com\/fr\/wp-json\/wp\/v2\/categories?post=532331"},{"taxonomy":"post_tag","embeddable":true,"href":"https:\/\/www.europesays.com\/fr\/wp-json\/wp\/v2\/tags?post=532331"}],"curies":[{"name":"wp","href":"https:\/\/api.w.org\/{rel}","templated":true}]}}