{"id":532337,"date":"2025-11-13T22:51:12","date_gmt":"2025-11-13T22:51:12","guid":{"rendered":"https:\/\/www.europesays.com\/fr\/532337\/"},"modified":"2025-11-13T22:51:12","modified_gmt":"2025-11-13T22:51:12","slug":"anamaria-vartolomei-desarconne-yann-barthes-en-direct","status":"publish","type":"post","link":"https:\/\/www.europesays.com\/fr\/532337\/","title":{"rendered":"Anamaria Vartolomei d\u00e9sar\u00e7onne Yann Barth\u00e8s en direct"},"content":{"rendered":"<p>    Anamaria Vartolomei et Yann Barth\u00e8s<br \/>\n                Capture d&rsquo;\u00e9cran<\/p>\n<p>\n    L\u2019actrice \u00e9tait invit\u00e9e sur le plateau de \u00abQuotidien\u00bb aux c\u00f4t\u00e9s de Lucas Bravo et Vincent Lacoste \u00e0 l\u2019occasion de la sortie, d\u00e8s demain, de la s\u00e9rie adapt\u00e9e des Liaisons dangereuses, Merteuil, sur HBOMax.<\/p>\n<p class=\"fig-paragraph\">Une nouvelle adaptation des Liaisons dangereuses. La s\u00e9rie Merteuil sera disponible d\u00e8s demain, vendredi 14 novembre, sur la plateforme HBOMax. Pour l\u2019occasion,\u00a0<a href=\"https:\/\/www.lefigaro.fr\/tag\/yann-barthes\" target=\"_blank\" rel=\"sponsored noopener\" data-gtm-custom-categorie=\"navigation\" data-gtm-custom-action=\"crossclick\" data-gtm-custom-label=\"Contextuel\" data-gtm-event=\"customEventSPE\">Yann Barth\u00e8s<\/a>\u00a0a re\u00e7u trois des visages principaux de la fiction sur le plateau de \u00abQuotidien\u00bb sur\u00a0<a href=\"https:\/\/tvmag.lefigaro.fr\/programme-tv\/chaine\/192\/tous-les-programmes-de-tf1\" target=\"_blank\" rel=\"sponsored noopener\" data-gtm-custom-categorie=\"navigation\" data-gtm-custom-action=\"crossclick\" data-gtm-custom-label=\"Contextuel\" data-gtm-event=\"customEventSPE\">TF1\u00a0<\/a>:\u00a0<a href=\"https:\/\/www.lefigaro.fr\/tag\/anamaria-vartolomei\" target=\"_blank\" rel=\"sponsored noopener\" data-gtm-custom-categorie=\"navigation\" data-gtm-custom-action=\"crossclick\" data-gtm-custom-label=\"Contextuel\" data-gtm-event=\"customEventSPE\">Anamaria Vartolomei<\/a>,\u00a0<a href=\"https:\/\/www.lefigaro.fr\/tag\/vincent-lacoste\" target=\"_blank\" rel=\"sponsored noopener\" data-gtm-custom-categorie=\"navigation\" data-gtm-custom-action=\"crossclick\" data-gtm-custom-label=\"Contextuel\" data-gtm-event=\"customEventSPE\">Vincent Lacoste<\/a>\u00a0et\u00a0<a href=\"https:\/\/www.lefigaro.fr\/tag\/lucas-bravo\" target=\"_blank\" rel=\"sponsored noopener\" data-gtm-custom-categorie=\"navigation\" data-gtm-custom-action=\"crossclick\" data-gtm-custom-label=\"Contextuel\" data-gtm-event=\"customEventSPE\">Lucas Bravo<\/a>.<\/p>\n<p class=\"fig-paragraph\">Le moins que l\u2019on puisse dire est que l\u2019ambiance \u00e9tait particuli\u00e8rement l\u00e9g\u00e8re. Et les t\u00e9l\u00e9spectateurs la doivent au pr\u00e9sentateur, mais aussi \u00e0 des invit\u00e9s particuli\u00e8rement r\u00e9ceptifs. Apr\u00e8s les avoir salu\u00e9s, les uns apr\u00e8s les autres, avec leurs titres, Yann Barth\u00e8s a lanc\u00e9 avec un sourire non feint\u00a0: \u00abBonsoir les petits coquins libertins\u00bb.<\/p>\n<p class=\"fig-body-link\">\n            \u00c0 lire aussi<br \/>\n        <a class=\"fig-body-link__link fig-premium-mark\" href=\"http:\/\/tvmag.lefigaro.fr\/programme-tv\/actu-tele\/vincent-lacoste-valmont-est-un-role-intense-charnel-et-physique-20251113\" target=\"_blank\" data-fig-type=\"Article\" rel=\"noopener\" data-gtm-custom-categorie=\"navigation\" data-gtm-custom-action=\"crossclick\" data-gtm-custom-label=\"Contextuel\" data-gtm-event=\"customEventSPE\" data-fig-domain=\"TVMAG\"><\/p>\n<p>        Vincent Lacoste\u00a0: \u00ab Valmont est un r\u00f4le intense, charnel et physique\u00a0\u00bb<br \/>\n    <\/a>\n<\/p>\n<p>                                    <a class=\"fig-a11y-skip a11y-hidden\" href=\"#fig-a11y-skip-main-inarticle\"><br \/>\n        Passer la publicit\u00e9<br \/>\n    <\/a><\/p>\n<p class=\"fig-paragraph\">Cette remarque a provoqu\u00e9 les rires du trio mais pas que. \u00abOn sort d\u2019une partie fine\u00bb, a r\u00e9torqu\u00e9 Anamaria Vartolomei en se tournant vers ses deux acolytes de jeu. Une repartie qui a \u00e9tonn\u00e9 le journaliste, au point de se replier sur lui-m\u00eame pour contenir son rire. \u00abJe n\u2019\u00e9tais pas invit\u00e9e\u00a0?\u00bb s\u2019est \u00e9tonn\u00e9e la chroniqueuse\u00a0<a href=\"https:\/\/www.lefigaro.fr\/tag\/maia-mazaurette\" target=\"_blank\" rel=\"sponsored noopener\" data-gtm-custom-categorie=\"navigation\" data-gtm-custom-action=\"crossclick\" data-gtm-custom-label=\"Contextuel\" data-gtm-event=\"customEventSPE\">Ma\u00efa Mazaurette<\/a>. \u00abC\u2019\u00e9tait dans les loges\u00bb, a poursuivi Vincent Lacoste, alimentant la plaisanterie.<\/p>\n<p class=\"fig-paragraph\">Le pr\u00e9sentateur a finalement repris le dessus pour pr\u00e9senter le synopsis de la s\u00e9rie, racontant l\u2019ascension de Merteuil, \u00abune version ultra 2025 des Liaisons dangereuses\u00bb, ayant comme majest\u00e9 le libertinage. Une th\u00e9matique qui a visiblement inspir\u00e9 Yann Barth\u00e8s dans ses questions \u00e9tant donn\u00e9 qu\u2019il a demand\u00e9 \u00e0 ses invit\u00e9s leur point de vue sur la pratique. \u00abOn s\u2019y est frott\u00e9 avec Vincent. Il y avait des sc\u00e8nes d\u2019orgie donc on s\u2019est un peu frott\u00e9s \u00e0 \u00e7a\u00bb, a taquin\u00e9 Lucas Bravo, provoquant une l\u00e9g\u00e8re g\u00eane chez Vincent Lacoste. \u00ab\u00c7a int\u00e9resse tout le monde le libertinage, c\u2019est quand m\u00eame assez intrigant et int\u00e9ressant, qu\u2019on fasse la pratique ou pas\u00bb, a d\u00e9clar\u00e9 l\u2019acteur des Beaux gosses et d\u2019ajouter\u00a0: \u00abIl y a un c\u00f4t\u00e9 fascinant, tous ces gens qui font l\u2019amour tous ensemble et qui se font des jeux de pouvoir et de manipulation.\u00bb Une vision partag\u00e9e par son confr\u00e8re assis \u00e0 ses c\u00f4t\u00e9s. \u00abJ\u2019ai une admiration pour ces gens, je trouve qu\u2019il y a une forme de libert\u00e9, d\u2019exhibitionnisme. [&#8230;] J\u2019aimerais avoir ce courage\u00bb, a quant \u00e0 lui rench\u00e9ri Lucas Bravo.<\/p>\n","protected":false},"excerpt":{"rendered":"Anamaria Vartolomei et Yann Barth\u00e8s Capture d&rsquo;\u00e9cran L\u2019actrice \u00e9tait invit\u00e9e sur le plateau de \u00abQuotidien\u00bb aux c\u00f4t\u00e9s de&hellip;\n","protected":false},"author":2,"featured_media":532338,"comment_status":"","ping_status":"","sticky":false,"template":"","format":"standard","meta":{"footnotes":""},"categories":[8],"tags":[65224,58,59,1011,27,12510,199,1405],"class_list":{"0":"post-532337","1":"post","2":"type-post","3":"status-publish","4":"format-standard","5":"has-post-thumbnail","7":"category-divertissement","8":"tag-anamaria-vartolomei","9":"tag-divertissement","10":"tag-entertainment","11":"tag-fr","12":"tag-france","13":"tag-lucas-bravo","14":"tag-tf1","15":"tag-yann-barthes"},"share_on_mastodon":{"url":"https:\/\/pubeurope.com\/@fr\/115544842929948614","error":""},"_links":{"self":[{"href":"https:\/\/www.europesays.com\/fr\/wp-json\/wp\/v2\/posts\/532337","targetHints":{"allow":["GET"]}}],"collection":[{"href":"https:\/\/www.europesays.com\/fr\/wp-json\/wp\/v2\/posts"}],"about":[{"href":"https:\/\/www.europesays.com\/fr\/wp-json\/wp\/v2\/types\/post"}],"author":[{"embeddable":true,"href":"https:\/\/www.europesays.com\/fr\/wp-json\/wp\/v2\/users\/2"}],"replies":[{"embeddable":true,"href":"https:\/\/www.europesays.com\/fr\/wp-json\/wp\/v2\/comments?post=532337"}],"version-history":[{"count":0,"href":"https:\/\/www.europesays.com\/fr\/wp-json\/wp\/v2\/posts\/532337\/revisions"}],"wp:featuredmedia":[{"embeddable":true,"href":"https:\/\/www.europesays.com\/fr\/wp-json\/wp\/v2\/media\/532338"}],"wp:attachment":[{"href":"https:\/\/www.europesays.com\/fr\/wp-json\/wp\/v2\/media?parent=532337"}],"wp:term":[{"taxonomy":"category","embeddable":true,"href":"https:\/\/www.europesays.com\/fr\/wp-json\/wp\/v2\/categories?post=532337"},{"taxonomy":"post_tag","embeddable":true,"href":"https:\/\/www.europesays.com\/fr\/wp-json\/wp\/v2\/tags?post=532337"}],"curies":[{"name":"wp","href":"https:\/\/api.w.org\/{rel}","templated":true}]}}