{"id":532341,"date":"2025-11-13T22:53:14","date_gmt":"2025-11-13T22:53:14","guid":{"rendered":"https:\/\/www.europesays.com\/fr\/532341\/"},"modified":"2025-11-13T22:53:14","modified_gmt":"2025-11-13T22:53:14","slug":"le-bhv-enchaine-les-deboires-avec-le-depart-de-ces-tres-grandes-marques-sur-fond-de-scandale-shein","status":"publish","type":"post","link":"https:\/\/www.europesays.com\/fr\/532341\/","title":{"rendered":"Le BHV encha\u00eene les d\u00e9boires avec le d\u00e9part de ces tr\u00e8s grandes marques, sur fond de scandale Shein"},"content":{"rendered":"<p>        <img decoding=\"async\" loading=\"lazy\" src=\"https:\/\/www.europesays.com\/fr\/wp-content\/uploads\/2025\/11\/3967e38_upload-1-jiab0qc6k0pa-afp-20251106-hl-lcaron-2946443-v1-highres-francechinadepartmentstorefa.jpeg\"  width=\"728\" height=\"485\" alt=\"Le BHV encha\u00eene les d\u00e9boires avec le d\u00e9part de ces tr\u00e8s grandes marques, sur fond de scandale Shein.\"\/>  <\/p>\n<p>LAURENT CARON \/ Hans Lucas via AFP<\/p>\n<p>Le BHV encha\u00eene les d\u00e9boires avec le d\u00e9part de ces tr\u00e8s grandes marques, sur fond de scandale Shein.<\/p>\n<p class=\"asset asset-text\">PARIS &#8211; Une mauvaise nouvelle, \u00e0 l\u2019approche des f\u00eates de fin d\u2019ann\u00e9e. Dior, Guerlain ou encore Sandro, ont quitt\u00e9 le <a href=\"https:\/\/www.huffingtonpost.fr\/france\/article\/shein-a-paris-le-bhv-se-felicite-des-premiers-chiffres-de-frequentation-de-sa-boutique_256984.html\" target=\"_blank\" rel=\"noopener\">BHV<\/a>, d\u00e9j\u00e0 d\u00e9sert\u00e9 par de nombreuses marques qui l\u2019accusent de retards de paiement ou qui s\u2019opposent \u00e0 la pr\u00e9sence dans ses murs du g\u00e9ant asiatique de fast-fashion <a href=\"https:\/\/www.huffingtonpost.fr\/politique\/article\/shein-le-gouvernement-se-felicite-d-une-victoire-fondamentale-apres-son-ultimatum_256932.html\" target=\"_blank\" rel=\"noopener\">Shein<\/a>, a-t-on appris ce jeudi 13\u00a0novembre.<\/p>\n<p class=\"asset asset-text\">R\u00e9v\u00e9l\u00e9s par la presse, les d\u00e9parts de <a href=\"https:\/\/www.huffingtonpost.fr\/culture\/article\/le-vetement-star-du-defile-dior-homme-show-le-plus-attendu-de-cette-fashion-week-etait-un-pantacourt_251921.html\" target=\"_blank\" rel=\"noopener\">Dior<\/a> et Guerlain (propri\u00e9t\u00e9s du g\u00e9ant du luxe LVMH) et du groupe de pr\u00eat-\u00e0-porter SMCP (marques Sandro, Maje, Claudie Pierlot et Fursac) ont \u00e9t\u00e9 confirm\u00e9s par Fr\u00e9d\u00e9ric Merlin, patron du BHV, dans un message interne dat\u00e9 de mercredi et relay\u00e9 jeudi sur Instagram. \u00ab\u00a0Maintenant que la communication interne est publique dans la minute, autant la partager directement\u00a0\u00bb, a-t-il \u00e9crit en story, avant de publier le communiqu\u00e9.<\/p>\n<p class=\"asset asset-text\">\u00ab\u00a0Depuis l\u2019arriv\u00e9e de Shein au BHV, plusieurs marques de petite taille avaient choisi de quitter nos magasins\u00a0\u00bb, rappelle Fr\u00e9d\u00e9ric Merlin. Les soci\u00e9t\u00e9s fran\u00e7aises AIME et Talm ont notamment pli\u00e9 bagage pour d\u00e9noncer l\u2019accueil de la marque de mode ultra-\u00e9ph\u00e9m\u00e8re Shein, accus\u00e9e de concurrence d\u00e9loyale et de pollution environnementale.<\/p>\n<p class=\"asset asset-text\">\u00ab\u00a0Aujourd\u2019hui, ce sont des enseignes plus importantes \u2013 Dior, Guerlain et le groupe SMCP \u2013 qui annoncent \u00e0 leur tour leur d\u00e9part\u00a0\u00bb, ajoute le pr\u00e9sident de la SGM, qui exploite le BHV depuis 2023. Sollicit\u00e9 par l\u2019AFP, <a href=\"https:\/\/www.huffingtonpost.fr\/international\/article\/la-maison-de-mode-loro-piana-propriete-de-lvmh-epinglee-pour-exploitation-d-ouvriers-en-italie_252583.html\" target=\"_blank\" rel=\"noopener\">LVMH<\/a> n\u2019a pas comment\u00e9. Confirmant son d\u00e9part \u00e0 l\u2019AFP, le groupe SMCP a pr\u00e9cis\u00e9 qu\u2019il quitterait aussi les ex-Galeries Lafayette d\u00e9tenues par la SGM en province, dont cinq doivent aussi accueillir Shein.<\/p>\n<p>                     Le BHV ne remet pas sa strat\u00e9gie en cause, malgr\u00e9 les d\u00e9parts    <\/p>\n<p class=\"asset asset-text\">Selon une source proche du dossier, les \u00ab\u00a0retards de paiement r\u00e9p\u00e9t\u00e9s\u00a0\u00bb ont \u00e9t\u00e9 \u00ab\u00a0l\u2019\u00e9l\u00e9ment d\u00e9clencheur\u00a0\u00bb pour SMCP, m\u00eame \u00ab\u00a0si l\u2019arriv\u00e9e de Shein joue\u00a0\u00bb. Fr\u00e9d\u00e9ric Merlin assure, lui, qu\u2019\u00ab\u00a0il n\u2019existe aucune dette, aucun retard, ni aucun incident de paiement pour ces marques-l\u00e0\u00a0\u00bb. Leur d\u00e9part \u00ab\u00a0ne remet en rien en cause la solidit\u00e9 du groupe ni la pertinence\u00a0\u00bb de sa strat\u00e9gie, alors que l\u2019espace Shein, ouvert le 5\u00a0novembre, a attir\u00e9 \u00ab\u00a0plus de 50\u00a0000 visiteurs d\u00e8s la premi\u00e8re semaine\u00a0\u00bb, selon lui.<\/p>\n<p class=\"asset asset-text\">Ces nouveaux retraits surviennent juste avant la p\u00e9riode cruciale de <a href=\"https:\/\/www.huffingtonpost.fr\/culture\/article\/les-nouveaux-films-et-series-de-noel-bien-cuculs-a-voir-sur-netflix-disney-et-prime-video_256828.html\" target=\"_blank\" rel=\"noopener\">No\u00ebl<\/a>, alors que Disneyland Paris a d\u00e9j\u00e0 renonc\u00e9 \u00e0 une collaboration d\u00e9di\u00e9e avec le BHV. Parfois cach\u00e9s derri\u00e8re des palissades, les stands vides s\u2019accumulaient la semaine derni\u00e8re dans les rayons bricolage et beaux-arts. Le Slip Fran\u00e7ais et Maison Lejaby (lingerie) ont aussi quitt\u00e9 r\u00e9cemment le BHV en raison d\u2019impay\u00e9s, comme, selon les syndicats, les bijoux Swarovski. D\u2019autres, comme <a href=\"https:\/\/www.huffingtonpost.fr\/economie\/article\/a-la-veille-de-l-arrivee-de-shein-cette-grande-maison-de-mode-francaise-annonce-son-depart-du-bhv_256762.html\" target=\"_blank\" rel=\"noopener\">Agn\u00e8s b.<\/a>, Banana Moon ou le chausseur Paraboot, ont invoqu\u00e9 le partenariat avec Shein.<\/p>\n<p class=\"asset asset-text\">La semaine derni\u00e8re, Fr\u00e9d\u00e9ric Merlin avait reconnu des \u00ab\u00a0arri\u00e9r\u00e9s de paiement\u00a0\u00bb en voie de r\u00e9solution. \u00ab\u00a0On doit entre dix et quinze jours de chiffre d\u2019affaires\u00a0\u00bb, soit \u00ab\u00a0entre 5 et 12\u00a0millions d\u2019euros\u00a0\u00bb, avait-il d\u00e9clar\u00e9.<\/p>\n","protected":false},"excerpt":{"rendered":"LAURENT CARON \/ Hans Lucas via AFP Le BHV encha\u00eene les d\u00e9boires avec le d\u00e9part de ces tr\u00e8s&hellip;\n","protected":false},"author":2,"featured_media":532342,"comment_status":"","ping_status":"","sticky":false,"template":"","format":"standard","meta":{"footnotes":""},"categories":[6],"tags":[35,33,34,1011,27,7484,18358,626,1104,11644],"class_list":{"0":"post-532341","1":"post","2":"type-post","3":"status-publish","4":"format-standard","5":"has-post-thumbnail","7":"category-economie","8":"tag-business","9":"tag-economie","10":"tag-economy","11":"tag-fr","12":"tag-france","13":"tag-lvmh","14":"tag-magasin","15":"tag-paris","16":"tag-shein","17":"tag-vetements"},"share_on_mastodon":{"url":"https:\/\/pubeurope.com\/@fr\/115544851305656539","error":""},"_links":{"self":[{"href":"https:\/\/www.europesays.com\/fr\/wp-json\/wp\/v2\/posts\/532341","targetHints":{"allow":["GET"]}}],"collection":[{"href":"https:\/\/www.europesays.com\/fr\/wp-json\/wp\/v2\/posts"}],"about":[{"href":"https:\/\/www.europesays.com\/fr\/wp-json\/wp\/v2\/types\/post"}],"author":[{"embeddable":true,"href":"https:\/\/www.europesays.com\/fr\/wp-json\/wp\/v2\/users\/2"}],"replies":[{"embeddable":true,"href":"https:\/\/www.europesays.com\/fr\/wp-json\/wp\/v2\/comments?post=532341"}],"version-history":[{"count":0,"href":"https:\/\/www.europesays.com\/fr\/wp-json\/wp\/v2\/posts\/532341\/revisions"}],"wp:featuredmedia":[{"embeddable":true,"href":"https:\/\/www.europesays.com\/fr\/wp-json\/wp\/v2\/media\/532342"}],"wp:attachment":[{"href":"https:\/\/www.europesays.com\/fr\/wp-json\/wp\/v2\/media?parent=532341"}],"wp:term":[{"taxonomy":"category","embeddable":true,"href":"https:\/\/www.europesays.com\/fr\/wp-json\/wp\/v2\/categories?post=532341"},{"taxonomy":"post_tag","embeddable":true,"href":"https:\/\/www.europesays.com\/fr\/wp-json\/wp\/v2\/tags?post=532341"}],"curies":[{"name":"wp","href":"https:\/\/api.w.org\/{rel}","templated":true}]}}