{"id":532344,"date":"2025-11-13T22:55:11","date_gmt":"2025-11-13T22:55:11","guid":{"rendered":"https:\/\/www.europesays.com\/fr\/532344\/"},"modified":"2025-11-13T22:55:11","modified_gmt":"2025-11-13T22:55:11","slug":"le-jeune-frere-de-lecologiste-amine-kessaci-tue-par-balle-a-marseille","status":"publish","type":"post","link":"https:\/\/www.europesays.com\/fr\/532344\/","title":{"rendered":"Le jeune fr\u00e8re de l\u2019\u00e9cologiste Amine Kessaci, tu\u00e9 par balle \u00e0 Marseille"},"content":{"rendered":"<p class=\"paragraph text_align_left lp-f-body-02\">Un jeune de 20 ans, <a href=\"https:\/\/www.leparisien.fr\/faits-divers\/la-france-impuissante-face-au-trafic-de-drogue-a-marseille-des-familles-assignent-letat-04-09-2023-GS6RRUWTVVHJPNJVCVBQR5IYGY.php\" target=\"_blank\" rel=\"noreferrer nofollow noopener\">petit fr\u00e8re de l\u2019\u00e9cologiste Amine Kessaci<\/a>, a \u00e9t\u00e9 tu\u00e9 ce jeudi par balle en plein jour \u00e0 Marseille. Sa famille avait d\u00e9j\u00e0 \u00e9t\u00e9 endeuill\u00e9e par la perte d\u2019un autre fr\u00e8re dans un narcomicide en 2020, a-t-on appris de sources concordantes.<\/p>\n<p class=\"paragraph text_align_left lp-f-body-02\">\u00ab Il r\u00e9sulte des premiers \u00e9l\u00e9ments qu\u2019une moto s\u2019est port\u00e9e \u00e0 hauteur du v\u00e9hicule de la victime qui venait de se garer. Le passager arri\u00e8re de la moto a tir\u00e9 \u00e0 plusieurs reprises sur la victime, qui \u00e9tait toujours dans son v\u00e9hicule. Plusieurs \u00e9tuis de 9 mm ont \u00e9t\u00e9 retrouv\u00e9s sur place \u00bb, pr\u00e9cise le procureur de Marseille, Nicolas Bessone, dans un communiqu\u00e9.<\/p>\n<p class=\"paragraph text_align_left lp-f-body-02\">Les faits se sont produits \u00e0 14h30, \u00e0 deux pas de la plus grande salle de concert de Marseille situ\u00e9e dans le IVe arrondissement. Le parquet ne donne pas l\u2019identit\u00e9 de la victime, touch\u00e9e au thorax selon les marins pompiers, se bornant \u00e0 indiquer qu\u2019il s\u2019agit d\u2019un jeune de 20 ans, inconnu des services de police et de justice.<\/p>\n<p class=\"paragraph text_align_left lp-f-body-02\">Le parquet de Marseille a indiqu\u00e9 avoir ouvert une enqu\u00eate pour assassinat en bande organis\u00e9e et association de malfaiteurs en vue de commettre un crime. Selon une information de <a href=\"https:\/\/www.laprovence.com\/article\/faits-divers-justice\/21428037805115\/info-la-provence-un-autre-frere-damine-kessaci-tue-par-balle-a-marseille\" target=\"_blank\" rel=\"noreferrer nofollow noopener\">La Provence<\/a>, confirm\u00e9e par une source proche de l\u2019enqu\u00eate, la victime est le jeune fr\u00e8re de l\u2019\u00e9cologiste Amine Kessaci qui s\u2019\u00e9tait pr\u00e9sent\u00e9 aux \u00e9lections europ\u00e9ennes de 2024 \u00e0 Marseille.<\/p>\n<p class=\"lp-card-podcast-highlighting__title  lp-f-subtitle-05\">[4\/4] L\u2019assassinat du PDG de Renault\u00a0: la sanglante \u00e9pop\u00e9e du groupe Action directe<\/p>\n<p class=\"lp-card-podcast-highlighting__description lp-f-ui-05\">Crime story raconte chaque semaine les grandes affaires criminelles.<\/p>\n<p><a class=\"lp-card-podcast-highlighting__call-to-action\" data-page-type=\"HP\" data-block-name=\"podcast-highlight\">\u00c9couter<\/a>\u00ab En col\u00e8re \u00bb<\/p>\n<p class=\"paragraph text_align_left lp-f-body-02\">Christine Juste, adjointe \u00e9cologiste au maire de Marseille, le confirme en pleurs \u00e0 l\u2019AFP. \u00ab J\u2019ai \u00e9norm\u00e9ment de peine pour mon ami et sa maman, aucune m\u00e8re ne devrait vivre cela, la perte de deux enfants. Et je suis en col\u00e8re qu\u2019on puisse, dans la 2e ville de France, assassiner aussi facilement en plein jour des gens \u00bb, a-t-elle d\u00e9clar\u00e9.<\/p>\n<p class=\"paragraph text_align_left lp-f-body-02\">Le lien entre cet homicide et le narcobanditisme n\u2019a pas \u00e9t\u00e9 \u00e9tabli \u00e0 ce stade. Son grand fr\u00e8re Brahim avait lui \u00e9t\u00e9 victime d\u2019un narcomicide barbare en 2020, son corps retrouv\u00e9 carbonis\u00e9 dans un v\u00e9hicule pr\u00e8s de Marseille (<a href=\"https:\/\/www.leparisien.fr\/bouches-du-rhone-13\/1\/\" target=\"_blank\" rel=\"noreferrer nofollow noopener\">Bouches-du-Rh\u00f4ne<\/a>).<\/p>\n<p class=\"paragraph text_align_left lp-f-body-02\">Le 9 octobre d\u00e9j\u00e0, un homme avait \u00e9t\u00e9 mortellement vis\u00e9 par des tirs en plein jour dans un quartier populaire du centre de Marseille, le 14e narcomicide depuis le d\u00e9but de l\u2019ann\u00e9e dans les Bouches-du-Rh\u00f4ne, selon un d\u00e9compte de l\u2019AFP. Deux personnes avaient \u00e9t\u00e9 interpell\u00e9es quelques heures apr\u00e8s le meurtre.<\/p>\n","protected":false},"excerpt":{"rendered":"Un jeune de 20 ans, petit fr\u00e8re de l\u2019\u00e9cologiste Amine Kessaci, a \u00e9t\u00e9 tu\u00e9 ce jeudi par balle&hellip;\n","protected":false},"author":2,"featured_media":420238,"comment_status":"","ping_status":"","sticky":false,"template":"","format":"standard","meta":{"footnotes":""},"categories":[4],"tags":[11,459,118,1011,27,12,25],"class_list":{"0":"post-532344","1":"post","2":"type-post","3":"status-publish","4":"format-standard","5":"has-post-thumbnail","7":"category-france","8":"tag-actualites","9":"tag-departements-horsidfo","10":"tag-faits-divers","11":"tag-fr","12":"tag-france","13":"tag-news","14":"tag-republique-francaise"},"share_on_mastodon":{"url":"","error":""},"_links":{"self":[{"href":"https:\/\/www.europesays.com\/fr\/wp-json\/wp\/v2\/posts\/532344","targetHints":{"allow":["GET"]}}],"collection":[{"href":"https:\/\/www.europesays.com\/fr\/wp-json\/wp\/v2\/posts"}],"about":[{"href":"https:\/\/www.europesays.com\/fr\/wp-json\/wp\/v2\/types\/post"}],"author":[{"embeddable":true,"href":"https:\/\/www.europesays.com\/fr\/wp-json\/wp\/v2\/users\/2"}],"replies":[{"embeddable":true,"href":"https:\/\/www.europesays.com\/fr\/wp-json\/wp\/v2\/comments?post=532344"}],"version-history":[{"count":0,"href":"https:\/\/www.europesays.com\/fr\/wp-json\/wp\/v2\/posts\/532344\/revisions"}],"wp:featuredmedia":[{"embeddable":true,"href":"https:\/\/www.europesays.com\/fr\/wp-json\/wp\/v2\/media\/420238"}],"wp:attachment":[{"href":"https:\/\/www.europesays.com\/fr\/wp-json\/wp\/v2\/media?parent=532344"}],"wp:term":[{"taxonomy":"category","embeddable":true,"href":"https:\/\/www.europesays.com\/fr\/wp-json\/wp\/v2\/categories?post=532344"},{"taxonomy":"post_tag","embeddable":true,"href":"https:\/\/www.europesays.com\/fr\/wp-json\/wp\/v2\/tags?post=532344"}],"curies":[{"name":"wp","href":"https:\/\/api.w.org\/{rel}","templated":true}]}}