{"id":532349,"date":"2025-11-13T22:58:33","date_gmt":"2025-11-13T22:58:33","guid":{"rendered":"https:\/\/www.europesays.com\/fr\/532349\/"},"modified":"2025-11-13T22:58:33","modified_gmt":"2025-11-13T22:58:33","slug":"saint-etienne-lardeyrol-les-travaux-de-la-voirie-sont-en-cours-avant-lhiver","status":"publish","type":"post","link":"https:\/\/www.europesays.com\/fr\/532349\/","title":{"rendered":"Saint-\u00c9tienne-Lardeyrol. Les travaux de la voirie sont en cours avant l\u2019hiver"},"content":{"rendered":"<p>Les employ\u00e9s municipaux, Gilles Rousson et Bruno Sauron, effectuent actuellement l\u2019entretien de la voirie sur l\u2019ensemble de la commune, en pr\u00e9paration de l\u2019hiver. Ces travaux comprennent les point-\u00e0-temps avec bouchage des nids-de-poule avec de l\u2019enrob\u00e9 \u00e0 fondant pour pr\u00e9venir leur aggravation par le gel et la pluie et le marquage au sol de s\u00e9curit\u00e9 afin de r\u00e9nover la signalisation horizontale (lignes de Stop, ralentisseurs) et optimiser la s\u00e9curit\u00e9 routi\u00e8re. Ces interventions sont cruciales pour la s\u00e9curit\u00e9 du r\u00e9seau communal.<\/p>\n","protected":false},"excerpt":{"rendered":"Les employ\u00e9s municipaux, Gilles Rousson et Bruno Sauron, effectuent actuellement l\u2019entretien de la voirie sur l\u2019ensemble de la&hellip;\n","protected":false},"author":2,"featured_media":532350,"comment_status":"","ping_status":"","sticky":false,"template":"","format":"standard","meta":{"footnotes":""},"categories":[9653],"tags":[1111,11,2430,10446,436,1777,674,1011,27,12,25,4001,60342,26506],"class_list":{"0":"post-532349","1":"post","2":"type-post","3":"status-publish","4":"format-standard","5":"has-post-thumbnail","7":"category-saint-etienne","8":"tag-actu","9":"tag-actualites","10":"tag-auvergne-rhone-alpes","11":"tag-edition-haute-loire","12":"tag-environnement","13":"tag-eu","14":"tag-europe","15":"tag-fr","16":"tag-france","17":"tag-news","18":"tag-republique-francaise","19":"tag-saint-etienne","20":"tag-saint-etienne-lardeyrol","21":"tag-saint-julien-chapteuil-bassin"},"share_on_mastodon":{"url":"https:\/\/pubeurope.com\/@fr\/115544870446347429","error":""},"_links":{"self":[{"href":"https:\/\/www.europesays.com\/fr\/wp-json\/wp\/v2\/posts\/532349","targetHints":{"allow":["GET"]}}],"collection":[{"href":"https:\/\/www.europesays.com\/fr\/wp-json\/wp\/v2\/posts"}],"about":[{"href":"https:\/\/www.europesays.com\/fr\/wp-json\/wp\/v2\/types\/post"}],"author":[{"embeddable":true,"href":"https:\/\/www.europesays.com\/fr\/wp-json\/wp\/v2\/users\/2"}],"replies":[{"embeddable":true,"href":"https:\/\/www.europesays.com\/fr\/wp-json\/wp\/v2\/comments?post=532349"}],"version-history":[{"count":0,"href":"https:\/\/www.europesays.com\/fr\/wp-json\/wp\/v2\/posts\/532349\/revisions"}],"wp:featuredmedia":[{"embeddable":true,"href":"https:\/\/www.europesays.com\/fr\/wp-json\/wp\/v2\/media\/532350"}],"wp:attachment":[{"href":"https:\/\/www.europesays.com\/fr\/wp-json\/wp\/v2\/media?parent=532349"}],"wp:term":[{"taxonomy":"category","embeddable":true,"href":"https:\/\/www.europesays.com\/fr\/wp-json\/wp\/v2\/categories?post=532349"},{"taxonomy":"post_tag","embeddable":true,"href":"https:\/\/www.europesays.com\/fr\/wp-json\/wp\/v2\/tags?post=532349"}],"curies":[{"name":"wp","href":"https:\/\/api.w.org\/{rel}","templated":true}]}}