{"id":532353,"date":"2025-11-13T23:00:34","date_gmt":"2025-11-13T23:00:34","guid":{"rendered":"https:\/\/www.europesays.com\/fr\/532353\/"},"modified":"2025-11-13T23:00:34","modified_gmt":"2025-11-13T23:00:34","slug":"nancy-pense-a-marie-mosser-avec-une-emotion-infinie","status":"publish","type":"post","link":"https:\/\/www.europesays.com\/fr\/532353\/","title":{"rendered":"Nancy pense \u00e0 Marie Mosser \u00ab\u00a0avec une \u00e9motion infinie\u00a0\u00bb"},"content":{"rendered":"<p>Elle est d\u00e9c\u00e9d\u00e9e au Bataclan, \u00e0 l\u2019\u00e2ge de 24 ans, tu\u00e9e d\u2019une seule balle. Pour tous les Nanc\u00e9iens, Marie Mosser incarne le bonheur bris\u00e9 d\u2019une jeunesse victime de la barbarie terroriste.<\/p>\n<p>Ce jeudi 13\u00a0novembre, dix ans apr\u00e8s les attaques terroristes islamistes qui ont endeuill\u00e9 la France, environ 200 personnes se sont rassembl\u00e9es sur le parvis de L\u2019Autre Canal, boulevard d\u2019Austrasie, pour rendre hommage \u00e0 la jeune femme, amoureuse de la musique, et \u00e0 toutes les autres victimes tomb\u00e9es de cette terrible soir\u00e9e. La c\u00e9r\u00e9monie, organis\u00e9e par la Ville de Nancy, a d\u00e9but\u00e9 par une vibrante interpr\u00e9tation d\u2019une chanson de Jacques Brel, \u00ab\u00a0Quand on n\u2019a que l\u2019amour\u00a0\u00bb, par la chorale de Sciences Po Nancy.<\/p>\n<p>\u00ab\u00a0Nous pensons \u00e0 Marie Mosser avec une \u00e9motion infinie\u00a0\u00bb a soulign\u00e9 Mathieu Klein dans son discours, qualifiant la jeune femme d\u2019\u00ab\u00a0\u00e2me lumineuse\u00a0\u00bb. Le maire de Nancy a rappel\u00e9 que \u00ab\u00a0la fraternit\u00e9 est la plus belle r\u00e9ponse \u00e0 la haine\u00a0\u00bb. \u00ab\u00a0Le terrorisme islamiste ne nous fera jamais renoncer \u00e0 ce que nous sommes\u00a0: un peuple libre, fraternel.\u00a0\u00bb<\/p>\n<p>De son c\u00f4t\u00e9, Yves S\u00e9guy, pr\u00e9fet de Meurthe-et-Moselle, a salu\u00e9 \u00ab\u00a0la pudeur et la dignit\u00e9\u00a0\u00bb des parents de Marie Mosser, pr\u00e9sents dans l\u2019assistance. \u00ab\u00a0Nos pens\u00e9es vont vers chacune des victimes des attentats du 13\u00a0novembre 2015. Ces vies perdues nous rappellent que la libert\u00e9 est fragile et que la France reste debout, fraternelle et d\u00e9termin\u00e9e.\u00a0\u00bb<\/p>\n<p>Mathieu Klein et Yves S\u00e9guy, accompagn\u00e9s par Laurent H\u00e9nart, ancien maire de Nancy, ont d\u00e9pos\u00e9 une gerbe au pied de la st\u00e8le \u00e9rig\u00e9e en m\u00e9moire de Marie Mosser et des victimes des attentats du 13\u00a0novembre 2015. La c\u00e9r\u00e9monie s\u2019est termin\u00e9e par une reprise de la Marseillaise et le salut des autorit\u00e9s aux porte-drapeaux.<\/p>\n","protected":false},"excerpt":{"rendered":"Elle est d\u00e9c\u00e9d\u00e9e au Bataclan, \u00e0 l\u2019\u00e2ge de 24 ans, tu\u00e9e d\u2019une seule balle. Pour tous les Nanc\u00e9iens,&hellip;\n","protected":false},"author":2,"featured_media":532354,"comment_status":"","ping_status":"","sticky":false,"template":"","format":"standard","meta":{"footnotes":""},"categories":[9635],"tags":[1111,11,1704,1777,674,1011,27,775,1702,1703,12,25,104],"class_list":{"0":"post-532353","1":"post","2":"type-post","3":"status-publish","4":"format-standard","5":"has-post-thumbnail","7":"category-nancy","8":"tag-actu","9":"tag-actualites","10":"tag-edition-nancy-et-agglomeration","11":"tag-eu","12":"tag-europe","13":"tag-fr","14":"tag-france","15":"tag-grand-est","16":"tag-nancy","17":"tag-nancy-ville-54b","18":"tag-news","19":"tag-republique-francaise","20":"tag-societe"},"share_on_mastodon":{"url":"https:\/\/pubeurope.com\/@fr\/115544878191970254","error":""},"_links":{"self":[{"href":"https:\/\/www.europesays.com\/fr\/wp-json\/wp\/v2\/posts\/532353","targetHints":{"allow":["GET"]}}],"collection":[{"href":"https:\/\/www.europesays.com\/fr\/wp-json\/wp\/v2\/posts"}],"about":[{"href":"https:\/\/www.europesays.com\/fr\/wp-json\/wp\/v2\/types\/post"}],"author":[{"embeddable":true,"href":"https:\/\/www.europesays.com\/fr\/wp-json\/wp\/v2\/users\/2"}],"replies":[{"embeddable":true,"href":"https:\/\/www.europesays.com\/fr\/wp-json\/wp\/v2\/comments?post=532353"}],"version-history":[{"count":0,"href":"https:\/\/www.europesays.com\/fr\/wp-json\/wp\/v2\/posts\/532353\/revisions"}],"wp:featuredmedia":[{"embeddable":true,"href":"https:\/\/www.europesays.com\/fr\/wp-json\/wp\/v2\/media\/532354"}],"wp:attachment":[{"href":"https:\/\/www.europesays.com\/fr\/wp-json\/wp\/v2\/media?parent=532353"}],"wp:term":[{"taxonomy":"category","embeddable":true,"href":"https:\/\/www.europesays.com\/fr\/wp-json\/wp\/v2\/categories?post=532353"},{"taxonomy":"post_tag","embeddable":true,"href":"https:\/\/www.europesays.com\/fr\/wp-json\/wp\/v2\/tags?post=532353"}],"curies":[{"name":"wp","href":"https:\/\/api.w.org\/{rel}","templated":true}]}}