{"id":532362,"date":"2025-11-13T23:07:38","date_gmt":"2025-11-13T23:07:38","guid":{"rendered":"https:\/\/www.europesays.com\/fr\/532362\/"},"modified":"2025-11-13T23:07:38","modified_gmt":"2025-11-13T23:07:38","slug":"la-rotation-se-poursuit-au-niort-rc-pour-le-deplacement-a-rouen","status":"publish","type":"post","link":"https:\/\/www.europesays.com\/fr\/532362\/","title":{"rendered":"la rotation se poursuit au Niort RC pour le d\u00e9placement \u00e0 Rouen"},"content":{"rendered":"<p><strong>Rouen\u00a0&#8211; Niort<\/strong><\/p>\n<p>Une semaine apr\u00e8s sa victoire <a target=\"_self\" href=\"https:\/\/www.lanouvellerepublique.fr\/niort\/on-ne-veut-plus-perdre-a-la-maison-devant-chambery-le-plan-du-niort-rc-s-est-deroule-presque-sans-accroc-1762677899\" rel=\"noopener\">face \u00e0 Chamb\u00e9ry (32-27)<\/a>, un pr\u00e9tendant \u00e0 la mont\u00e9e en pro D2, les joueurs du Niort RC se rendent, vendredi 14\u00a0novembre \u00e0 Rouen.<\/p>\n<p>Rouen, o\u00f9 l\u2019on retrouve l\u2019ancien niortais <a target=\"_self\" href=\"https:\/\/www.lanouvellerepublique.fr\/niort\/nationale-ils-sont-vraiment-dans-une-belle-dynamique-a-rouen-le-niortais-nicolas-nieto-va-retrouver-son-ancien-club-1762881576\" rel=\"noopener\">Nicolas Nieto<\/a>, grand fr\u00e8re de Rapha\u00ebl, n\u2019est pas au mieux. L\u2019\u00e9quipe de l\u2019international g\u00e9orgien Karlen Asieshvili vient de conc\u00e9der trois d\u00e9faites de rang. Le coup d\u2019envoi sera donn\u00e9 \u00e0 20\u00a0h.<\/p>\n<p>Pour ce d\u00e9placement, le staff du Niort RC a proc\u00e9d\u00e9 \u00e0 de nouveaux changements dans son groupe \u00e9largi. On retrouve ainsi le troisi\u00e8me ligne Quentin Dubois, absent depuis la deuxi\u00e8me journ\u00e9e, et le d\u00e9placement \u00e0 Narbonne, et le trois-quarts Romain Lauga, dont la seule apparition, remonte au d\u00e9placement \u00e0 Rennes (4e journ\u00e9e).<\/p>\n<p>De leur c\u00f4t\u00e9, Quentin Pilet, l\u2019arri\u00e8re, et Chris Van Leeuwen, deuxi\u00e8me ligne, joueur le plus utilis\u00e9 cette saison, sont mis au repos tout comme la charni\u00e8re Menzel\u00a0&#8211; Fuertes. Les troisi\u00e8mes lignes Arturo Ten Hoever et Rapha\u00ebl Nieto sont appel\u00e9s en s\u00e9lection.<\/p>\n<p>Le groupe niortais \u00e9largi\u00a0: Bougerol, Eramus, Chabeaudie, Feltrin, Churchward, Kumbirai, Candel, Baudin, Minimbi, Yatera, Himmer, Tixier, Dubois, Goufan, Lokotui, Alcacebe, Brunet, Sabbia, Champs, March\u00e9, Tutuila Vaea, Buch, Lavaux, Marsan, Lauga, Sanchez.<\/p>\n","protected":false},"excerpt":{"rendered":"Rouen\u00a0&#8211; Niort Une semaine apr\u00e8s sa victoire face \u00e0 Chamb\u00e9ry (32-27), un pr\u00e9tendant \u00e0 la mont\u00e9e en pro&hellip;\n","protected":false},"author":2,"featured_media":532363,"comment_status":"","ping_status":"","sticky":false,"template":"","format":"standard","meta":{"footnotes":""},"categories":[9587],"tags":[1392,1111,11,2545,1777,674,1011,27,12,6752,15727,5161,25,9590,479,60],"class_list":{"0":"post-532362","1":"post","2":"type-post","3":"status-publish","4":"format-standard","5":"has-post-thumbnail","7":"category-rouen","8":"tag-a-la-une-local","9":"tag-actu","10":"tag-actualites","11":"tag-deux-sevres","12":"tag-eu","13":"tag-europe","14":"tag-fr","15":"tag-france","16":"tag-news","17":"tag-niort","18":"tag-niort-rc","19":"tag-normandie","20":"tag-republique-francaise","21":"tag-rouen","22":"tag-rugby","23":"tag-sports"},"share_on_mastodon":{"url":"https:\/\/pubeurope.com\/@fr\/115544905785000392","error":""},"_links":{"self":[{"href":"https:\/\/www.europesays.com\/fr\/wp-json\/wp\/v2\/posts\/532362","targetHints":{"allow":["GET"]}}],"collection":[{"href":"https:\/\/www.europesays.com\/fr\/wp-json\/wp\/v2\/posts"}],"about":[{"href":"https:\/\/www.europesays.com\/fr\/wp-json\/wp\/v2\/types\/post"}],"author":[{"embeddable":true,"href":"https:\/\/www.europesays.com\/fr\/wp-json\/wp\/v2\/users\/2"}],"replies":[{"embeddable":true,"href":"https:\/\/www.europesays.com\/fr\/wp-json\/wp\/v2\/comments?post=532362"}],"version-history":[{"count":0,"href":"https:\/\/www.europesays.com\/fr\/wp-json\/wp\/v2\/posts\/532362\/revisions"}],"wp:featuredmedia":[{"embeddable":true,"href":"https:\/\/www.europesays.com\/fr\/wp-json\/wp\/v2\/media\/532363"}],"wp:attachment":[{"href":"https:\/\/www.europesays.com\/fr\/wp-json\/wp\/v2\/media?parent=532362"}],"wp:term":[{"taxonomy":"category","embeddable":true,"href":"https:\/\/www.europesays.com\/fr\/wp-json\/wp\/v2\/categories?post=532362"},{"taxonomy":"post_tag","embeddable":true,"href":"https:\/\/www.europesays.com\/fr\/wp-json\/wp\/v2\/tags?post=532362"}],"curies":[{"name":"wp","href":"https:\/\/api.w.org\/{rel}","templated":true}]}}