{"id":532371,"date":"2025-11-13T23:12:26","date_gmt":"2025-11-13T23:12:26","guid":{"rendered":"https:\/\/www.europesays.com\/fr\/532371\/"},"modified":"2025-11-13T23:12:26","modified_gmt":"2025-11-13T23:12:26","slug":"strasbourg-le-marche-de-cronenbourg-pose-ses-cartons-sur-son-nouveau-terrain-rue-du-rieth","status":"publish","type":"post","link":"https:\/\/www.europesays.com\/fr\/532371\/","title":{"rendered":"Strasbourg. Le march\u00e9 de Cronenbourg pose ses cartons sur son nouveau terrain, rue du Rieth"},"content":{"rendered":"<p>Trente-sept ans qu\u2019il se tenait place de Haldenbourg, au c\u0153ur du quartier de Cronenbourg. C\u2019est dire si toucher \u00e0 ce rendez-vous immuable et aux habitudes du quotidien \u00e9tait risqu\u00e9. Mais mercredi matin, clients et commer\u00e7ants ont semble-t-il retrouv\u00e9 leurs rep\u00e8res. \u00ab\u00a0L\u2019ancienne place \u00e9tait trop vieille, parsem\u00e9e de trous au sol\u2026 Ici c\u2019est propre, c\u2019est mieux\u00a0! Par contre, il faudrait s\u00e9parer le textile de l\u2019alimentaire, c\u2019est le bazar\u00a0\u00bb, \u00e9changent deux habitu\u00e9s \u00e0 la sortie du march\u00e9 d\u00e9m\u00e9nag\u00e9 rue du Rieth, \u00e0 une dizaine de minutes \u00e0 pied. \u00ab\u00a0Mais, interrompt un autre consommateur, il y a le probl\u00e8me du parking. Pas de parking, pas de business\u00a0!\u00a0\u00bb<\/p>\n<p>Plusieurs fustigent le manque de places de stationnement aux abords du nouvel emplacement. Pour Na\u00efm, vendeur de nappes et toiles cir\u00e9es depuis 2008, \u00ab\u00a0il manque un parking pour les&#8230;<\/p>\n","protected":false},"excerpt":{"rendered":"Trente-sept ans qu\u2019il se tenait place de Haldenbourg, au c\u0153ur du quartier de Cronenbourg. C\u2019est dire si toucher&hellip;\n","protected":false},"author":2,"featured_media":532372,"comment_status":"","ping_status":"","sticky":false,"template":"","format":"standard","meta":{"footnotes":""},"categories":[2820],"tags":[1111,11,4406,33,2880,1777,674,107,1011,27,775,3539,12,316,25,640,2879],"class_list":{"0":"post-532371","1":"post","2":"type-post","3":"status-publish","4":"format-standard","5":"has-post-thumbnail","7":"category-strasbourg","8":"tag-actu","9":"tag-actualites","10":"tag-commerce-et-services","11":"tag-economie","12":"tag-edition-strasbourg","13":"tag-eu","14":"tag-europe","15":"tag-fil-info","16":"tag-fr","17":"tag-france","18":"tag-grand-est","19":"tag-les-ecologistes","20":"tag-news","21":"tag-politique","22":"tag-republique-francaise","23":"tag-strasbourg","24":"tag-strasbourg-ville"},"share_on_mastodon":{"url":"https:\/\/pubeurope.com\/@fr\/115544925555024140","error":""},"_links":{"self":[{"href":"https:\/\/www.europesays.com\/fr\/wp-json\/wp\/v2\/posts\/532371","targetHints":{"allow":["GET"]}}],"collection":[{"href":"https:\/\/www.europesays.com\/fr\/wp-json\/wp\/v2\/posts"}],"about":[{"href":"https:\/\/www.europesays.com\/fr\/wp-json\/wp\/v2\/types\/post"}],"author":[{"embeddable":true,"href":"https:\/\/www.europesays.com\/fr\/wp-json\/wp\/v2\/users\/2"}],"replies":[{"embeddable":true,"href":"https:\/\/www.europesays.com\/fr\/wp-json\/wp\/v2\/comments?post=532371"}],"version-history":[{"count":0,"href":"https:\/\/www.europesays.com\/fr\/wp-json\/wp\/v2\/posts\/532371\/revisions"}],"wp:featuredmedia":[{"embeddable":true,"href":"https:\/\/www.europesays.com\/fr\/wp-json\/wp\/v2\/media\/532372"}],"wp:attachment":[{"href":"https:\/\/www.europesays.com\/fr\/wp-json\/wp\/v2\/media?parent=532371"}],"wp:term":[{"taxonomy":"category","embeddable":true,"href":"https:\/\/www.europesays.com\/fr\/wp-json\/wp\/v2\/categories?post=532371"},{"taxonomy":"post_tag","embeddable":true,"href":"https:\/\/www.europesays.com\/fr\/wp-json\/wp\/v2\/tags?post=532371"}],"curies":[{"name":"wp","href":"https:\/\/api.w.org\/{rel}","templated":true}]}}