{"id":532373,"date":"2025-11-13T23:13:28","date_gmt":"2025-11-13T23:13:28","guid":{"rendered":"https:\/\/www.europesays.com\/fr\/532373\/"},"modified":"2025-11-13T23:13:28","modified_gmt":"2025-11-13T23:13:28","slug":"cem-yoldas-en-campagne-pour-un-strasbourg-antifasciste-antiraciste","status":"publish","type":"post","link":"https:\/\/www.europesays.com\/fr\/532373\/","title":{"rendered":"Cem Yoldas en campagne pour un \u00ab Strasbourg antifasciste, antiraciste \u00bb"},"content":{"rendered":"<p><b>Le 7 novembre, Cem Yoldas a officialis\u00e9 sa candidature aux municipales 2026 en tant que t\u00eate de liste du collectif \u00ab Strasbourg c\u2019est nous \u00bb. Il compte pr\u00e9senter une \u00ab\u00a0alternative de d\u00e9mocratie directe, populaire, f\u00e9ministe et antifasciste\u00a0\u00bb, \u00e0 travers un programme de rupture, centr\u00e9 pour l\u2019instant sur la gratuit\u00e9 totale des transports en commun, le gel des loyers et le d\u00e9sarmement de la police municipale. Rencontre. <\/b><\/p>\n<p class=\"p1\">\u00c0 Strasbourg, la gauche a une nouvelle candidature. Alors que celles-ci s\u2019accumulent ces derniers temps, <b>\u00ab\u00a0Strasbourg c\u2019est nous\u00a0\u00bb est \u00e0 son tour entr\u00e9 dans la campagne le 7 novembre<\/b>. Soutenu par le Nouveau parti anticapitaliste \u2013 l\u2019Anticapitaliste 67, l\u2019Union pour la reconstruction communiste, Yeni Demokratik Gen\u00e7lik (Nouvelle jeunesse d\u00e9mocratique), \u00ab D\u2019ailleurs nous sommes d\u2019ici \u00bb, et le Comit\u00e9 de soutien \u00e0 la Jeune Garde Strasbourg, <b>le collectif a d\u00e9sign\u00e9 Cem Yoldas comme t\u00eate de liste<\/b>.<\/p>\n<p class=\"p1\">Strasbourgeois depuis 10 ans, et ayant grandi en Alsace, <b>Cem Yoldas est \u00e9ducateur de pr\u00e9vention sp\u00e9cialis\u00e9e au Neuhof<\/b>. Un \u00ab\u00a0m\u00e9tier qui l\u2019a conduit l\u00e0 o\u00f9 il est\u00a0\u00bb, o\u00f9 il a pu observer \u00ab la r\u00e9alit\u00e9 de la mis\u00e8re de Strasbourg, ville parmi les plus pauvres de France, o\u00f9 les quartiers populaires sont d\u00e9laiss\u00e9s par les politiques publiques et victimes de discriminations et de violences polici\u00e8res \u00bb.<\/p>\n<blockquote><p>\n        On est dans une d\u00e9marche diff\u00e9rente de ce qui se fait habituellement aux municipales.    <\/p><\/blockquote>\n<p>            Cem Yoldas, candidat de \u00ab Strasbourg c&rsquo;est nous \u00bb aux \u00e9lections municipales<\/p>\n<p class=\"p1\">Il est aussi l\u2019un des visages de l\u2019antifascisme strasbourgeois, \u00e9tant le porte-parole de la Jeune Garde, organisation antifasciste dissoute en juin 2025 par Bruno Retailleau [d\u00e9cision contest\u00e9e devant le Conseil d\u2019\u00c9tat, ndlr]. <b>Un engagement politique qui l\u2019a notamment men\u00e9 \u00e0 lutter \u00e0 Strasbourg contre le Bastion Social, mouvement n\u00e9ofasciste, et le bar identitaire de l\u2019Arcadia<\/b>, <a href=\"https:\/\/pokaa.fr\/2018\/12\/05\/bastion-social-le-groupuscule-identitaire-force-de-quitter-son-local-strasbourgeois\/\" target=\"_blank\" rel=\"noopener\">dont la fermeture a \u00e9t\u00e9 obtenue en d\u00e9cembre 2018 apr\u00e8s de nombreuses controverses<\/a>.<\/p>\n<p class=\"p1\"><b>R\u00e9guli\u00e8rement la cible d\u2019attaques de l\u2019extr\u00eame droite, qui ont redoubl\u00e9 depuis l\u2019annonce de sa candidature<\/b>, Cem Yoldas annonce la couleur : \u00ab C\u2019est pour cela qu\u2019on se pr\u00e9sente. Ce n\u2019est pas l\u2019extr\u00eame droite qui va d\u00e9cider quel candidat a une l\u00e9gitimit\u00e9 \u00e0 se pr\u00e9senter selon sa couleur de peau. Ce n\u2019est pas non plus l\u2019extr\u00eame droite qui va d\u00e9cider qui est Strasbourgeois ou non. \u00bb<\/p>\n<p>                <img width=\"335\" height=\"500\" src=\"https:\/\/www.europesays.com\/fr\/wp-content\/uploads\/2025\/11\/img-2540-grande-335x500.jpeg\" class=\"attachment-gallery size-gallery\" alt=\"jeune garde\" data-full-url=\"https:\/\/pokaa.fr\/wp-content\/uploads\/2025\/11\/13\/img-2540-grande.jpeg\" decoding=\"async\" loading=\"lazy\"  \/>            <\/p>\n<p>                <img width=\"375\" height=\"500\" src=\"https:\/\/www.europesays.com\/fr\/wp-content\/uploads\/2025\/11\/img-2551-grande-375x500.jpeg\" class=\"attachment-gallery size-gallery\" alt=\"cem yoldas\" data-full-url=\"https:\/\/pokaa.fr\/wp-content\/uploads\/2025\/11\/13\/img-2551-grande.jpeg\" decoding=\"async\" loading=\"lazy\"  \/>            <\/p>\n<p>                    \u00a9 Nicolas Kaspar \/ Pokaa<\/p>\n<p>\u00ab\u00a0Incarner quelque chose de diff\u00e9rent de ce qu\u2019il y a \u00e0 gauche\u00a0\u00bb<\/p>\n<p class=\"p1\">Cem Yoldas et \u00ab\u00a0Strasbourg c\u2019est nous\u00a0\u00bb oeuvrent depuis mars 2025 \u00e0 porter des r\u00e9flexions pour trouver des \u00ab alternatives de d\u00e9mocratie directe, populaire, f\u00e9ministe et antifasciste \u00bb. Car initialement, ils ne souhaitaient pas porter une candidature ;<b> ils ont surtout men\u00e9 plusieurs r\u00e9unions publiques pour \u00ab\u00a0influencer les d\u00e9bats\u00a0\u00bb, notamment sur les sujets de l\u2019\u00e9cologie dans les quartiers populaires et sur l\u2019islamophobie<\/b>.<\/p>\n<p class=\"p1\">Finalement, s\u2019ils ont d\u00e9cid\u00e9 de porter une candidature, c\u2019est parce qu\u2019ils <b>souhaitent \u00ab\u00a0incarner quelque chose de diff\u00e9rent de ce qu\u2019il y a \u00e0 gauche\u00a0\u00bb<\/b>. Un Strasbourg \u00ab populaire et antiraciste, incarn\u00e9 par des personnes qui sont issues d\u2019horizons diff\u00e9rents et des quartiers populaires \u00bb. Des <b>\u00ab \u00e9lu(e)s de combat, qui sont sans compromission et qui sont capables de r\u00e9sister qu\u2019importe la force de la temp\u00eate en face \u00bb.<\/b><\/p>\n<blockquote><p>\n        Notre liste est une liste antifasciste, antiraciste et de combat.    <\/p><\/blockquote>\n<p>            Cem Yoldas, candidat de \u00ab Strasbourg c&rsquo;est nous \u00bb aux \u00e9lections municipales<\/p>\n<p>    <img width=\"450\" height=\"600\" src=\"https:\/\/www.europesays.com\/fr\/wp-content\/uploads\/2025\/11\/img-2553-grande-450x600.jpeg\" class=\"attachment-image-size-M size-image-size-M\" alt=\"jeune garde\" decoding=\"async\" loading=\"lazy\"  \/>         \u00a9 Nicolas Kaspar \/ Pokaa <\/p>\n<p class=\"p1\">Une combattivit\u00e9 que Cem Yoldas explique ne pas retrouver dans les listes qui sont propos\u00e9es aujourd\u2019hui \u00e0 gauche, citant les \u00c9cologistes et la France insoumise. <b>Il accuse par exemple Jeanne Barseghian et la municipalit\u00e9 d\u2019\u00eatre \u00ab\u00a0sourdes \u00e0 toutes critiques du bilan\u00a0\u00bb et \u00ab\u00a0d\u2019aller jusqu\u2019au bout de leurs id\u00e9es, quoi qu\u2019il en co\u00fbte\u00a0\u00bb<\/b>.<\/p>\n<p class=\"p1\">Quant \u00e0 LFI, <b>Cem Yoldas ne les consid\u00e8re \u00ab\u00a0pas ouverts \u00e0 la discussion\u00a0\u00bb et critique un \u00ab\u00a0manque d\u2019incarnation populaire et de diversit\u00e9\u00a0\u00bb,<\/b> jugeant la d\u00e9signation de Florian Kobryn comme t\u00eate de liste comme une volont\u00e9 de \u00ab\u00a0lisser l\u2019image du mouvement\u00a0\u00bb. Affirmant aller plus loin que LFI sur les questions du logement ou des transports, il conclut : \u00ab\u00a0Les Insoumis seuls ne pourront pas r\u00e9sister aux forces de l\u2019argent. \u00bb<\/p>\n<p>    <img width=\"800\" height=\"600\" src=\"https:\/\/www.europesays.com\/fr\/wp-content\/uploads\/2025\/11\/img-2542-grande-800x600.jpeg\" class=\"attachment-image-size-L size-image-size-L\" alt=\"cem yoldas\" decoding=\"async\" loading=\"lazy\"  \/>         \u00a9 Nicolas Kaspar \/ Pokaa <\/p>\n<p>Un programme de rupture, entre transports gratuits, gel des loyers et d\u00e9sarmement de la police municipale<\/p>\n<p class=\"p1\">C\u00f4t\u00e9 programme, les premi\u00e8res bases de la rupture annonc\u00e9e par Cem Yoldas portent sur plusieurs<b> \u00ab\u00a0revendications tr\u00e8s claires, travaill\u00e9es depuis mars\u00a0\u00bb<\/b>. Dans le d\u00e9tail :<\/p>\n<ul class=\"ul1\">\n<li class=\"li1\"><b>La gratuit\u00e9 totale des transports en commun<\/b>. Une \u00ab mesure \u00e9cologiste et sociale pour all\u00e9ger le co\u00fbt de la vie et pour que les gens puissent s\u2019adonner \u00e0 des loisirs \u00bb alors que l\u2019inflation touche tout le monde, et que \u00ab la vie est devenue extr\u00eamement ch\u00e8re \u00bb.<\/li>\n<li class=\"li1\"><b>Un plan d\u2019urgence social sur la question du logement<\/b>. Cem Yoldas cite une r\u00e9glementation de AirBnb, une r\u00e9novation thermique des logements sociaux, le gel des loyers et la baisse des loyers sur le parc social g\u00e9r\u00e9 par les bailleurs municipaux. Il compte \u00e9galement remettre des concierges dans les logements collectifs pour \u00ab\u00a0cr\u00e9er du lien social\u00a0\u00bb et interdire la construction des logements priv\u00e9s \u00ab pour stopper la gentrification qui am\u00e8ne certaines populations en dehors de la ville \u00bb.<\/li>\n<\/ul>\n<blockquote><p>\n        Nous sommes la seule force politique qui incarne la rupture avec les logiques capitalistes et fascisantes.    <\/p><\/blockquote>\n<p>            Cem Yoldas, candidat de \u00ab Strasbourg c&rsquo;est nous \u00bb aux \u00e9lections municipales<\/p>\n<p>    <img width=\"800\" height=\"600\" src=\"https:\/\/www.europesays.com\/fr\/wp-content\/uploads\/2025\/07\/448798524-490778406840920-5864115830624048103-n-800x600.jpg\" class=\"attachment-image-size-L size-image-size-L\" alt=\"poteries immeuble\" decoding=\"async\" loading=\"lazy\"  \/>         \u00a9\u00a0Nicolas Kaspar \/ Pokaa <\/p>\n<ul>\n<li><b>Le d\u00e9sarmement de la police municipale, \u00ab\u00a0parce que ce n\u2019est pas son r\u00f4le\u00a0\u00bb<\/b>. Cem Yoldas fait la diff\u00e9rence entre la police municipale et la nationale, expliquant que\u00a0\u00ab\u00a0armer davantage rel\u00e8ve du populisme, et que \u00e7a ne r\u00e9pond pas \u00e0 des probl\u00e9matiques de violences\u00a0\u00bb. Il souhaite ainsi que la police municipale soit pr\u00e9sente comme \u00ab\u00a0une force du quotidien qui puisse aider les habitant(e)s et qui assure la tranquillit\u00e9 publique \u00bb.<\/li>\n<li><b>Un p\u00f4le d\u2019accueil et d\u2019accompagnement des personnes victimes de violences polici\u00e8res<\/b>.<\/li>\n<li>Une \u00ab\u00a0v\u00e9g\u00e9talisation \u00e9galitaire\u00a0\u00bb, <b>qui am\u00e8nerait des espaces de fra\u00eecheur dans les quartiers populaires comme le Neuhof ou Elsau<\/b>, o\u00f9 c\u2019est encore tr\u00e8s b\u00e9tonn\u00e9.<\/li>\n<li><b>Une m\u00e9diation entre BlueCo, la direction du Racing et les associations de supporters\/rices<\/b> <a href=\"https:\/\/pokaa.fr\/tag\/racing-club-de-strasbourg\/\" target=\"_blank\" rel=\"noopener\">vis\u00e9es par les mesures de privation de libert\u00e9<\/a>.<\/li>\n<li><b>Une \u00ab\u00a0politique claire sur la question du sport dans les quartiers populaires\u00a0\u00bb<\/b>, point noir de la municipalit\u00e9 selon Cem Yoldas.<\/li>\n<\/ul>\n<p>    <img width=\"800\" height=\"600\" src=\"https:\/\/www.europesays.com\/fr\/wp-content\/uploads\/2025\/10\/img-1662-800x600.jpeg\" class=\"attachment-image-size-L size-image-size-L\" alt=\"meinau supporters racing\" decoding=\"async\" loading=\"lazy\"  \/>         \u00a9 Nicolas Kaspar \/ Pokaa <\/p>\n<p>De futures actions \u00e0 venir<\/p>\n<p class=\"p1\">Dans les prochaines semaines, Cem Yoldas et le collectif \u00ab Strasbourg c\u2019est nous \u00bb comptent aller au contact des habitant(e)s, avec du tractage, du porte \u00e0 porte\u2026 <strong>Et\u00a0aider celles et ceux qui ne le seraient pas \u00e0 s\u2019inscrire sur les listes \u00e9lectorales, alors que les municipales sont une \u00e9lection o\u00f9 il y a g\u00e9n\u00e9ralement beaucoup d\u2019abstention<\/strong>.<\/p>\n<p class=\"p1\">S\u2019il ne veut pas pour le moment en dire plus, alors qu\u2019il y aura sans doute des discussions \u00e0 venir pour composer la liste, <b>Cem Yoldas annonce que d\u2019autres personnes seront annonc\u00e9es le 8 d\u00e9cembre prochain, \u00e0 l\u2019occasion d\u2019un premier gros meeting<\/b>. Celui-ci se tiendra \u00e0 la Maison des Associations, en pr\u00e9sence de Philippe Poutou. Et on pourra en apprendre davantage sur le programme.<\/p>\n","protected":false},"excerpt":{"rendered":"Le 7 novembre, Cem Yoldas a officialis\u00e9 sa candidature aux municipales 2026 en tant que t\u00eate de liste&hellip;\n","protected":false},"author":2,"featured_media":532374,"comment_status":"","ping_status":"","sticky":false,"template":"","format":"standard","meta":{"footnotes":""},"categories":[2820],"tags":[1111,57668,11,64130,1777,674,1011,27,775,16569,3434,64946,12,316,25,640,58524],"class_list":{"0":"post-532373","1":"post","2":"type-post","3":"status-publish","4":"format-standard","5":"has-post-thumbnail","7":"category-strasbourg","8":"tag-actu","9":"tag-actu-strasbourg","10":"tag-actualites","11":"tag-cem-yoldas","12":"tag-eu","13":"tag-europe","14":"tag-fr","15":"tag-france","16":"tag-grand-est","17":"tag-jeune-garde","18":"tag-municipales-2026","19":"tag-municipales-2026-strasbourg","20":"tag-news","21":"tag-politique","22":"tag-republique-francaise","23":"tag-strasbourg","24":"tag-strasbourg-actualite"},"share_on_mastodon":{"url":"https:\/\/pubeurope.com\/@fr\/115544931419116660","error":""},"_links":{"self":[{"href":"https:\/\/www.europesays.com\/fr\/wp-json\/wp\/v2\/posts\/532373","targetHints":{"allow":["GET"]}}],"collection":[{"href":"https:\/\/www.europesays.com\/fr\/wp-json\/wp\/v2\/posts"}],"about":[{"href":"https:\/\/www.europesays.com\/fr\/wp-json\/wp\/v2\/types\/post"}],"author":[{"embeddable":true,"href":"https:\/\/www.europesays.com\/fr\/wp-json\/wp\/v2\/users\/2"}],"replies":[{"embeddable":true,"href":"https:\/\/www.europesays.com\/fr\/wp-json\/wp\/v2\/comments?post=532373"}],"version-history":[{"count":0,"href":"https:\/\/www.europesays.com\/fr\/wp-json\/wp\/v2\/posts\/532373\/revisions"}],"wp:featuredmedia":[{"embeddable":true,"href":"https:\/\/www.europesays.com\/fr\/wp-json\/wp\/v2\/media\/532374"}],"wp:attachment":[{"href":"https:\/\/www.europesays.com\/fr\/wp-json\/wp\/v2\/media?parent=532373"}],"wp:term":[{"taxonomy":"category","embeddable":true,"href":"https:\/\/www.europesays.com\/fr\/wp-json\/wp\/v2\/categories?post=532373"},{"taxonomy":"post_tag","embeddable":true,"href":"https:\/\/www.europesays.com\/fr\/wp-json\/wp\/v2\/tags?post=532373"}],"curies":[{"name":"wp","href":"https:\/\/api.w.org\/{rel}","templated":true}]}}