{"id":532379,"date":"2025-11-13T23:17:13","date_gmt":"2025-11-13T23:17:13","guid":{"rendered":"https:\/\/www.europesays.com\/fr\/532379\/"},"modified":"2025-11-13T23:17:13","modified_gmt":"2025-11-13T23:17:13","slug":"une-coupure-de-gaz-va-impacter-de-nombreux-restaurants-du-centre-ville-de-nantes","status":"publish","type":"post","link":"https:\/\/www.europesays.com\/fr\/532379\/","title":{"rendered":"Une coupure de gaz va impacter de nombreux restaurants du centre-ville de Nantes"},"content":{"rendered":"<p>Les travaux de terrassement ont fait des d\u00e9g\u00e2ts.<\/p>\n<p>Il est 16\u00a0h\u00a052, jeudi 13\u00a0novembre 2025, quand les pompiers interviennent \u00a0pour une fuite de gaz sur une canalisation\u00a0, indique le centre op\u00e9rationnel d\u00e9partemental d\u2019incendie et de secours (Codis 44). La mise en s\u00e9curit\u00e9 de cinq personnes a \u00e9t\u00e9 n\u00e9cessaire pendant la neutralisation de la fuite.<\/p>\n<p>La coupure de gaz est estim\u00e9e \u00e0 trois jours par les secours. Au total, 250\u00a0clients sont impact\u00e9s \u00a0dont de nombreux restaurants\u00a0. Deux engins incendie ont \u00e9t\u00e9 mobilis\u00e9s.<\/p>\n<p>\u00a0<\/p>\n","protected":false},"excerpt":{"rendered":"Les travaux de terrassement ont fait des d\u00e9g\u00e2ts. Il est 16\u00a0h\u00a052, jeudi 13\u00a0novembre 2025, quand les pompiers interviennent&hellip;\n","protected":false},"author":2,"featured_media":532380,"comment_status":"","ping_status":"","sticky":false,"template":"","format":"standard","meta":{"footnotes":""},"categories":[2818],"tags":[1111,11,11898,35844,1777,674,1011,27,843,65227,766,12,16004,2636,25,2923,6689,9693],"class_list":{"0":"post-532379","1":"post","2":"type-post","3":"status-publish","4":"format-standard","5":"has-post-thumbnail","7":"category-nantes","8":"tag-actu","9":"tag-actualites","10":"tag-centre-ville","11":"tag-coupure","12":"tag-eu","13":"tag-europe","14":"tag-fr","15":"tag-france","16":"tag-gaz","17":"tag-impacter","18":"tag-nantes","19":"tag-news","20":"tag-nombreux","21":"tag-pays-de-la-loire","22":"tag-republique-francaise","23":"tag-restaurants","24":"tag-roche","25":"tag-yon"},"share_on_mastodon":{"url":"https:\/\/pubeurope.com\/@fr\/115544945130833809","error":""},"_links":{"self":[{"href":"https:\/\/www.europesays.com\/fr\/wp-json\/wp\/v2\/posts\/532379","targetHints":{"allow":["GET"]}}],"collection":[{"href":"https:\/\/www.europesays.com\/fr\/wp-json\/wp\/v2\/posts"}],"about":[{"href":"https:\/\/www.europesays.com\/fr\/wp-json\/wp\/v2\/types\/post"}],"author":[{"embeddable":true,"href":"https:\/\/www.europesays.com\/fr\/wp-json\/wp\/v2\/users\/2"}],"replies":[{"embeddable":true,"href":"https:\/\/www.europesays.com\/fr\/wp-json\/wp\/v2\/comments?post=532379"}],"version-history":[{"count":0,"href":"https:\/\/www.europesays.com\/fr\/wp-json\/wp\/v2\/posts\/532379\/revisions"}],"wp:featuredmedia":[{"embeddable":true,"href":"https:\/\/www.europesays.com\/fr\/wp-json\/wp\/v2\/media\/532380"}],"wp:attachment":[{"href":"https:\/\/www.europesays.com\/fr\/wp-json\/wp\/v2\/media?parent=532379"}],"wp:term":[{"taxonomy":"category","embeddable":true,"href":"https:\/\/www.europesays.com\/fr\/wp-json\/wp\/v2\/categories?post=532379"},{"taxonomy":"post_tag","embeddable":true,"href":"https:\/\/www.europesays.com\/fr\/wp-json\/wp\/v2\/tags?post=532379"}],"curies":[{"name":"wp","href":"https:\/\/api.w.org\/{rel}","templated":true}]}}