{"id":532394,"date":"2025-11-13T23:25:15","date_gmt":"2025-11-13T23:25:15","guid":{"rendered":"https:\/\/www.europesays.com\/fr\/532394\/"},"modified":"2025-11-13T23:25:15","modified_gmt":"2025-11-13T23:25:15","slug":"martine-vassal-et-ses-soutiens-commemorent-seuls-les-attentats-du-13-novembre","status":"publish","type":"post","link":"https:\/\/www.europesays.com\/fr\/532394\/","title":{"rendered":"Martine Vassal et ses soutiens comm\u00e9morent seuls les attentats du 13-Novembre"},"content":{"rendered":"<p>Alors qu\u2019au m\u00eame moment<a href=\"https:\/\/www.laprovence.com\/article\/politique\/2869205584725314\/direct-laprovence-en-direct-attentats-du-13-novembre-minutes-de-silence-recueillement-suivez-les-ceremonies-de-commemorations\" target=\"_blank\" rel=\"noopener\"> \u00e0 Paris, la France rend un hommage<\/a> aux <a href=\"https:\/\/www.laprovence.com\/article\/faits-divers-justice\/25079907450128\/attentats-du-13-novembre-l-association-13onze15-un-precieux-relais-pour-les-victimes-et-leurs-proches\" target=\"_blank\" rel=\"noopener\">132 victimes des attentats terroristes du 13-Novembre<\/a> dans un moment de concorde nationale, c\u2019est une c\u00e9r\u00e9monie plus discr\u00e8te et moins transpartisane qui se tenait \u00e0 Marseille.<\/p>\n<p>La pr\u00e9fecture et la Ville ayant r\u00e9serv\u00e9 leur hommage aux r\u00e9seaux sociaux, <a href=\"https:\/\/www.laprovence.com\/article\/region\/31773793818316\/municipales-2026-a-marseille-martine-vassal-dvd-obtient-le-soutien-du-parti-presidentiel\" target=\"_blank\" rel=\"noopener\">la candidate (DVD) aux municipales, Martine Vassal<\/a>, a tenu \u00e0 marquer \u00ab\u00a0un moment de souvenir\u00a0\u00bb physique \u00e0 Marseille, en r\u00e9unissant une partie de ses soutiens devant la st\u00e8le en m\u00e9moire aux victimes des attentats, sur le parvis de la gare Saint-Charles (1er), ce jeudi 13\u00a0novembre.<\/p>\n<p>\u00ab\u00a0Je regrette que la Ville ne soit pas l\u00e0\u00a0\u00bb<\/p>\n<p>Entour\u00e9e d\u2019\u00e9lus municipaux, m\u00e9tropolitains, d\u00e9partementaux et r\u00e9gionaux (sans \u00e9charpe) issus de sa famille politique, <a href=\"https:\/\/www.laprovence.com\/article\/elections\/1049804801786915\/municipales-2026-a-marseille-martine-vassal-sera-candidate-a-la-presidence-de-la-metropole-notre-interview-exclusive\" target=\"_blank\" rel=\"noopener\">la pr\u00e9sidente de la M\u00e9tropole et du D\u00e9partement<\/a> a d\u00e9pos\u00e9 une gerbe et respect\u00e9 une minute de silence pour se souvenir \u00ab\u00a010\u00a0ans apr\u00e8s, d\u2019une s\u00e9rie d\u2019attentats qui durablement marqu\u00e9 le pays et chang\u00e9 beaucoup de choses\u00a0\u00bb.<\/p>\n<p>\u00ab\u00a0Il \u00e9tait normal que nous, \u00e9lus, rendions hommage \u00e0 toutes les victimes, aux familles bris\u00e9es mais aussi aux policiers et aux soignants marqu\u00e9s \u00e0 vie par ces drames, livrait-elle. Je regrette que toutes les tendances politiques ne soient pas \u00e0 nos c\u00f4t\u00e9s, pour ne jamais oublier. Un hommage organis\u00e9 par la municipalit\u00e9 ou la pr\u00e9fecture aurait permis un moment de concorde. Ici, vous avez la M\u00e9tropole, le D\u00e9partement et la R\u00e9gion\u2026 Je regrette que la Ville ne soit pas l\u00e0 et n\u2019ait rien organis\u00e9 pour nous rassembler, dans ce moment de douleur.\u00a0\u00bb<\/p>\n<p>La Ville pr\u00e9cise qu\u2019un message \u00ab\u00a0repris par le maire\u00a0\u00bb a \u00e9t\u00e9 post\u00e9 sur les r\u00e9seaux sociaux pour \u00ab\u00a0adresser sa solidarit\u00e9 aux victimes, \u00e0 leur famille et aux habitants de Paris et Saint-Denis\u00a0\u00bb. Elle a \u00e9galement pr\u00e9vu d\u2019\u00e9teindre l\u2019h\u00f4tel de ville et le Pharo dans la soir\u00e9e, \u00e0 21 h\u00a016, heure de la premi\u00e8re attaque.<\/p>\n","protected":false},"excerpt":{"rendered":"Alors qu\u2019au m\u00eame moment \u00e0 Paris, la France rend un hommage aux 132 victimes des attentats terroristes du&hellip;\n","protected":false},"author":2,"featured_media":532395,"comment_status":"","ping_status":"","sticky":false,"template":"","format":"standard","meta":{"footnotes":""},"categories":[2814],"tags":[17,1111,11,65228,1777,674,1011,27,151,884,10203,12,882,16,25,2407,39604,44946,14243],"class_list":{"0":"post-532394","1":"post","2":"type-post","3":"status-publish","4":"format-standard","5":"has-post-thumbnail","7":"category-marseille","8":"tag-17","9":"tag-actu","10":"tag-actualites","11":"tag-commemorent","12":"tag-eu","13":"tag-europe","14":"tag-fr","15":"tag-france","16":"tag-les","17":"tag-marseille","18":"tag-martine","19":"tag-news","20":"tag-provence-alpes-cote-dazur","21":"tag-region","22":"tag-republique-francaise","23":"tag-ses","24":"tag-seuls","25":"tag-soutiens","26":"tag-vassal"},"share_on_mastodon":{"url":"https:\/\/pubeurope.com\/@fr\/115544976667058607","error":""},"_links":{"self":[{"href":"https:\/\/www.europesays.com\/fr\/wp-json\/wp\/v2\/posts\/532394","targetHints":{"allow":["GET"]}}],"collection":[{"href":"https:\/\/www.europesays.com\/fr\/wp-json\/wp\/v2\/posts"}],"about":[{"href":"https:\/\/www.europesays.com\/fr\/wp-json\/wp\/v2\/types\/post"}],"author":[{"embeddable":true,"href":"https:\/\/www.europesays.com\/fr\/wp-json\/wp\/v2\/users\/2"}],"replies":[{"embeddable":true,"href":"https:\/\/www.europesays.com\/fr\/wp-json\/wp\/v2\/comments?post=532394"}],"version-history":[{"count":0,"href":"https:\/\/www.europesays.com\/fr\/wp-json\/wp\/v2\/posts\/532394\/revisions"}],"wp:featuredmedia":[{"embeddable":true,"href":"https:\/\/www.europesays.com\/fr\/wp-json\/wp\/v2\/media\/532395"}],"wp:attachment":[{"href":"https:\/\/www.europesays.com\/fr\/wp-json\/wp\/v2\/media?parent=532394"}],"wp:term":[{"taxonomy":"category","embeddable":true,"href":"https:\/\/www.europesays.com\/fr\/wp-json\/wp\/v2\/categories?post=532394"},{"taxonomy":"post_tag","embeddable":true,"href":"https:\/\/www.europesays.com\/fr\/wp-json\/wp\/v2\/tags?post=532394"}],"curies":[{"name":"wp","href":"https:\/\/api.w.org\/{rel}","templated":true}]}}