{"id":532396,"date":"2025-11-13T23:26:17","date_gmt":"2025-11-13T23:26:17","guid":{"rendered":"https:\/\/www.europesays.com\/fr\/532396\/"},"modified":"2025-11-13T23:26:17","modified_gmt":"2025-11-13T23:26:17","slug":"un-deuxieme-frere-damine-kessaci-engage-contre-le-narcobanditisme-tue-par-balle","status":"publish","type":"post","link":"https:\/\/www.europesays.com\/fr\/532396\/","title":{"rendered":"un deuxi\u00e8me fr\u00e8re d&rsquo;Amine Kessaci, engag\u00e9 contre le narcobanditisme, tu\u00e9 par balle"},"content":{"rendered":"<p class=\"article-p mdl\">La famille d&rsquo;Amine Kessaci est \u00e0 nouveau frapp\u00e9e par le deuil. Le jeune \u00e9cologiste marseillais de 22 ans engag\u00e9 dans la lutte contre le narcobanditisme depuis le meurtre brutal de son grand fr\u00e8re en 2020, vient de perdre son petit fr\u00e8re, assassin\u00e9 en plein jour ce jeudi 13 novembre aux alentours de 14h30.<br \/>\u00a0<br \/>Sans r\u00e9v\u00e9ler son identit\u00e9, le procureur de Marseille a indiqu\u00e9 dans un communiqu\u00e9 qu&rsquo;un jeune homme de 20 ans, inconnu des services de police et de justice, a \u00e9t\u00e9 tu\u00e9 par balle dans le 4e arrondissement de Marseille, pr\u00e8s de la plus grande salle de concert de la ville.<\/p>\n<p class=\"article-p mdl\">\u00ab\u00a0Une moto s&rsquo;est port\u00e9e \u00e0 hauteur du v\u00e9hicule de la victime qui venait de se garer. Le passager arri\u00e8re de la moto a tir\u00e9 \u00e0 plusieurs reprises sur la victime, qui \u00e9tait toujours dans son v\u00e9hicule. Plusieurs \u00e9tuis de 9 mm ont \u00e9t\u00e9 retrouv\u00e9s sur place\u00a0\u00bb, d\u00e9taille le procureur. L&rsquo;AFP a appris de sources concordantes qu&rsquo;il s&rsquo;agissait du petit fr\u00e8re du militant associatif et \u00e9cologiste marseillais Amine Kessaci, confirmant une information de\u00a0<a class=\"link\" href=\"https:\/\/www.laprovence.com\/article\/faits-divers-justice\/21428037805115\/info-la-provence-un-autre-frere-damine-kessaci-tue-par-balle-a-marseille\" target=\"_blank\" rel=\"noopener\">La Provence.<\/a><\/p>\n<blockquote class=\"article-quote\">\n<p class=\"article-quote-text icon icon-quote-v2\">J&rsquo;ai \u00e9norm\u00e9ment de peine pour mon ami et sa maman<\/p>\n<p>Christine Juste, adjointe \u00e9cologiste au maire de Marseille<\/p>\n<\/blockquote>\n<p class=\"article-p mdl\">\u00ab\u00a0J&rsquo;ai \u00e9norm\u00e9ment de peine pour mon ami et sa maman, aucune m\u00e8re ne devrait vivre cela, la perte de deux enfants. Et je suis en col\u00e8re qu&rsquo;on puisse, dans la 2e ville de France, assassiner aussi facilement en plein jour des gens\u00a0\u00bb, a-t-elle d\u00e9clar\u00e9 \u00e0 l&rsquo;AFP en pleurs Christine Juste, adjointe \u00e9cologiste au maire de Marseille et proche d&rsquo;<a class=\"link\" href=\"https:\/\/www.rtl.fr\/actu\/justice-faits-divers\/invite-rtl-trafic-de-drogue-si-la-repression-etait-la-bonne-reponse-on-aurait-elucide-le-probleme-dit-amine-kessaci-7900437943\" title=\"INVIT\u00c9 RTL - Trafic de drogue : &quot;Si la r\u00e9pression \u00e9tait la bonne r\u00e9ponse, on aurait \u00e9lucid\u00e9 le probl\u00e8me&quot;, dit Amine Kessaci\" target=\"_blank\" rel=\"noopener\">Amine Kessaci<\/a>.<\/p>\n<p class=\"article-p mdl\">Le parquet a ouvert une enqu\u00eate pour assassinat en bande organis\u00e9e et association de malfaiteurs en vue de commettre un crime. Les investigations ne font que commencer et le lien \u00e9ventuel avec le narcobandistime n&rsquo;est pas encore \u00e9tabli \u00e0 ce stade.<\/p>\n<p>            Amine Kessaci \u00e9tait plac\u00e9 sous protection judiciaire<\/p>\n<p class=\"article-p mdl\">D&rsquo;apr\u00e8s une source proche de l&rsquo;enqu\u00eate cit\u00e9e par l&rsquo;AFP, Amine Kessaci b\u00e9n\u00e9ficiait d&rsquo;une protection judiciaire depuis la publication \u00e0 la rentr\u00e9e d&rsquo;un livre, une longue lettre adress\u00e9e \u00e0 son fr\u00e8re Brahim, victime d&rsquo;un narchomicide.\u00a0<\/p>\n<p class=\"article-p mdl\">La vie de ce jeune passionn\u00e9 de politique, ayant grandi dans une cit\u00e9 des quartiers nord, a chang\u00e9 en 2020 apr\u00e8s un triple assassinat barbare, dont son fr\u00e8re Brahim a \u00e9t\u00e9 victime, tu\u00e9 par balles et retrouv\u00e9 carbonis\u00e9 dans un v\u00e9hicule pr\u00e8s de Marseille. Il a alors fond\u00e9 l&rsquo;association Conscience pour soutenir juridiquement et psychologiquement les familles et modifier la perception de ces morts qu&rsquo;il consid\u00e8re comme des victimes.<\/p>\n<p class=\"article-p mdl\">Brahim \u00e9tait le seul \u00e0 \u00eatre tomb\u00e9 dans la drogue parmi une fratrie de six, avait assur\u00e9 \u00e0 l&rsquo;AFP Amine Kessaci \u00e0 l&rsquo;occasion d&rsquo;un portrait en 2024 consacr\u00e9 \u00e0 ce minot des quartiers nord de Marseille, estampill\u00e9 \u00ab\u00a0soci\u00e9t\u00e9 civile\u00a0\u00bb, qui s&rsquo;\u00e9tait pr\u00e9sent\u00e9 aux \u00e9lections europ\u00e9ennes sur la liste de Marie Toussaint pour porter la voix de la jeunesse et des quartiers populaires mais avait perdu de peu, face au Rassemblement National (RN).<\/p>\n<p>    La r\u00e9daction vous recommande<\/p>\n<p class=\"s-newsletter__title\">\n                L\u2019actualit\u00e9 par la r\u00e9daction de RTL dans votre bo\u00eete mail.\n            <\/p>\n<p class=\"s-newsletter__subtitle\">\n                Gr\u00e2ce \u00e0 votre compte RTL abonnez-vous \u00e0 la newsletter RTL info pour suivre toute l&rsquo;actualit\u00e9 au quotidien\n            <\/p>\n<p>\n                                    Lire la suite\n                                <\/p>\n","protected":false},"excerpt":{"rendered":"La famille d&rsquo;Amine Kessaci est \u00e0 nouveau frapp\u00e9e par le deuil. Le jeune \u00e9cologiste marseillais de 22 ans&hellip;\n","protected":false},"author":2,"featured_media":532397,"comment_status":"","ping_status":"","sticky":false,"template":"","format":"standard","meta":{"footnotes":""},"categories":[2814],"tags":[1111,11,2516,3983,1052,1777,674,107,1011,27,884,12,882,25],"class_list":{"0":"post-532396","1":"post","2":"type-post","3":"status-publish","4":"format-standard","5":"has-post-thumbnail","7":"category-marseille","8":"tag-actu","9":"tag-actualites","10":"tag-banditisme","11":"tag-deces","12":"tag-drogue","13":"tag-eu","14":"tag-europe","15":"tag-fil-info","16":"tag-fr","17":"tag-france","18":"tag-marseille","19":"tag-news","20":"tag-provence-alpes-cote-dazur","21":"tag-republique-francaise"},"share_on_mastodon":{"url":"https:\/\/pubeurope.com\/@fr\/115544980506709318","error":""},"_links":{"self":[{"href":"https:\/\/www.europesays.com\/fr\/wp-json\/wp\/v2\/posts\/532396","targetHints":{"allow":["GET"]}}],"collection":[{"href":"https:\/\/www.europesays.com\/fr\/wp-json\/wp\/v2\/posts"}],"about":[{"href":"https:\/\/www.europesays.com\/fr\/wp-json\/wp\/v2\/types\/post"}],"author":[{"embeddable":true,"href":"https:\/\/www.europesays.com\/fr\/wp-json\/wp\/v2\/users\/2"}],"replies":[{"embeddable":true,"href":"https:\/\/www.europesays.com\/fr\/wp-json\/wp\/v2\/comments?post=532396"}],"version-history":[{"count":0,"href":"https:\/\/www.europesays.com\/fr\/wp-json\/wp\/v2\/posts\/532396\/revisions"}],"wp:featuredmedia":[{"embeddable":true,"href":"https:\/\/www.europesays.com\/fr\/wp-json\/wp\/v2\/media\/532397"}],"wp:attachment":[{"href":"https:\/\/www.europesays.com\/fr\/wp-json\/wp\/v2\/media?parent=532396"}],"wp:term":[{"taxonomy":"category","embeddable":true,"href":"https:\/\/www.europesays.com\/fr\/wp-json\/wp\/v2\/categories?post=532396"},{"taxonomy":"post_tag","embeddable":true,"href":"https:\/\/www.europesays.com\/fr\/wp-json\/wp\/v2\/tags?post=532396"}],"curies":[{"name":"wp","href":"https:\/\/api.w.org\/{rel}","templated":true}]}}