{"id":532399,"date":"2025-11-13T23:28:16","date_gmt":"2025-11-13T23:28:16","guid":{"rendered":"https:\/\/www.europesays.com\/fr\/532399\/"},"modified":"2025-11-13T23:28:16","modified_gmt":"2025-11-13T23:28:16","slug":"metropole-de-lyon-lady-gaga-a-la-ldlc-arena-pour-son-premier-mayhem-ball-en-france-un-show-monstre","status":"publish","type":"post","link":"https:\/\/www.europesays.com\/fr\/532399\/","title":{"rendered":"M\u00e9tropole de Lyon. Lady Gaga \u00e0 la LDLC Arena pour son premier Mayhem ball en France\u00a0: un show \u201cmonstre\u201d\u00a0!"},"content":{"rendered":"<p class=\"insetTitle\">Infos pratiques: horaires, places\u2026 Ce qu\u2019il faut savoir<\/p>\n<p><strong>&#8211; Un deuxi\u00e8me concert<\/strong><\/p>\n<p>Apr\u00e8s la performance de Lady Gaga, ce jeudi soir, l\u2019artiste am\u00e9ricaine se produit une seconde fois, ce vendredi 14 novembre \u00e0 la LDLC Arena (D\u00e9cines-Charpieu).<\/p>\n<p><strong>&#8211; Horaires<\/strong><\/p>\n<p>Les parkings ouvrent \u00e0 16\u200aheures, les portes \u00e0 18 heures. Le d\u00e9but du show (sans premi\u00e8re partie) est annonc\u00e9 \u00e0 20 heures. Dernier d\u00e9part du tram\u200a: 0\u200ah\u200a15.<\/p>\n<p><strong>&#8211; Consignes<\/strong><\/p>\n<p>Objets interdits\u200a: gourdes, cannes, fleurs, peluches, drapeaux, pancartes et appareils photos professionnels. Tous les sacs seront contr\u00f4l\u00e9s (30 litres maximum) et les bouteilles d\u2019eau jusqu\u2019\u00e0 50 cl (sans bouchons) sont autoris\u00e9es.<\/p>\n<p><strong>&#8211; Peut-on encore trouver des places\u200a?<\/strong><\/p>\n<p>Officiellement, les shows sont archi-complets\u200a; aucune place n\u2019a \u00e9t\u00e9 remise en vente officiellement. Il reste des reventes (tr\u00e8s ch\u00e8res) entre fans. Les organisateurs rappellent que \u00ab\u200aseuls les billets achet\u00e9s sur les sites officiels garantissent l\u2019acc\u00e8s aux concerts\u200a\u00bb et mettent les spectateurs en garde contre les sites frauduleux et la revente illicite de billets. Autre possibilit\u00e9\u200a: remporter l\u2019un des concours organis\u00e9s par des partenaires et radios locales, qui mettent les derni\u00e8res places en jeu.<\/p>\n","protected":false},"excerpt":{"rendered":"Infos pratiques: horaires, places\u2026 Ce qu\u2019il faut savoir &#8211; Un deuxi\u00e8me concert Apr\u00e8s la performance de Lady Gaga,&hellip;\n","protected":false},"author":2,"featured_media":532400,"comment_status":"","ping_status":"","sticky":false,"template":"","format":"standard","meta":{"footnotes":""},"categories":[1889],"tags":[1111,11,2430,1687,4624,3152,2757,1777,674,107,1011,27,2428,873,12,18283,25,2429,273],"class_list":{"0":"post-532399","1":"post","2":"type-post","3":"status-publish","4":"format-standard","5":"has-post-thumbnail","7":"category-lyon","8":"tag-actu","9":"tag-actualites","10":"tag-auvergne-rhone-alpes","11":"tag-culture-loisirs","12":"tag-decines-charpieu","13":"tag-edition-est-lyonnais","14":"tag-edition-lyon-villeurbanne","15":"tag-eu","16":"tag-europe","17":"tag-fil-info","18":"tag-fr","19":"tag-france","20":"tag-lyon","21":"tag-musique","22":"tag-news","23":"tag-plaine-de-lest","24":"tag-republique-francaise","25":"tag-rhone","26":"tag-selection-de-la-redaction"},"share_on_mastodon":{"url":"https:\/\/pubeurope.com\/@fr\/115544988262954454","error":""},"_links":{"self":[{"href":"https:\/\/www.europesays.com\/fr\/wp-json\/wp\/v2\/posts\/532399","targetHints":{"allow":["GET"]}}],"collection":[{"href":"https:\/\/www.europesays.com\/fr\/wp-json\/wp\/v2\/posts"}],"about":[{"href":"https:\/\/www.europesays.com\/fr\/wp-json\/wp\/v2\/types\/post"}],"author":[{"embeddable":true,"href":"https:\/\/www.europesays.com\/fr\/wp-json\/wp\/v2\/users\/2"}],"replies":[{"embeddable":true,"href":"https:\/\/www.europesays.com\/fr\/wp-json\/wp\/v2\/comments?post=532399"}],"version-history":[{"count":0,"href":"https:\/\/www.europesays.com\/fr\/wp-json\/wp\/v2\/posts\/532399\/revisions"}],"wp:featuredmedia":[{"embeddable":true,"href":"https:\/\/www.europesays.com\/fr\/wp-json\/wp\/v2\/media\/532400"}],"wp:attachment":[{"href":"https:\/\/www.europesays.com\/fr\/wp-json\/wp\/v2\/media?parent=532399"}],"wp:term":[{"taxonomy":"category","embeddable":true,"href":"https:\/\/www.europesays.com\/fr\/wp-json\/wp\/v2\/categories?post=532399"},{"taxonomy":"post_tag","embeddable":true,"href":"https:\/\/www.europesays.com\/fr\/wp-json\/wp\/v2\/tags?post=532399"}],"curies":[{"name":"wp","href":"https:\/\/api.w.org\/{rel}","templated":true}]}}