{"id":532405,"date":"2025-11-13T23:33:22","date_gmt":"2025-11-13T23:33:22","guid":{"rendered":"https:\/\/www.europesays.com\/fr\/532405\/"},"modified":"2025-11-13T23:33:22","modified_gmt":"2025-11-13T23:33:22","slug":"la-douleur-demeure-la-france-se-souvient-des-victimes-des-attentats-du-13-novembre-2015","status":"publish","type":"post","link":"https:\/\/www.europesays.com\/fr\/532405\/","title":{"rendered":"\u00ab\u00a0La douleur demeure\u00a0\u00bb: la France se souvient des victimes des attentats du 13 novembre 2015"},"content":{"rendered":"<p>Les comm\u00e9morations en hommage aux victimes des attentats du 13 novembre ont eu lieu durant toute la journ\u00e9e de jeudi. La premi\u00e8re c\u00e9r\u00e9monie a eu lieu au Stade de France, au nord de Paris, en pr\u00e9sence notamment de l&rsquo;actuel pr\u00e9sident Emmanuel Macron, de l&rsquo;ancien pr\u00e9sident Fran\u00e7ois Hollande, qui \u00e9tait au pouvoir lors des attaques, et de la maire de Paris Anne Hildalgo.<\/p>\n<p> &gt;&gt; Retour sur les attentats du 13 novembre\u00a0:   <img decoding=\"async\" class=\"embed-responsive-item\" loading=\"lazy\" src=\"https:\/\/www.europesays.com\/fr\/wp-content\/uploads\/2025\/11\/l9brrv-29058145.image\" alt=\"Retour sur les attentats du 13 novembre et sur la traque des terroristes\"\/>    Retour sur les attentats du 13 novembre et sur la traque des terroristes \/ 19h30 \/ 2 min. \/ hier \u00e0 19:30 <\/p>\n<p>La m\u00e9moire du chauffeur de bus Manuel Dias, la premi\u00e8re victime des commandos terroristes quand trois kamikazes se sont fait exploser devant les portes du stade, a \u00e9t\u00e9 salu\u00e9e. \u00ab\u00a0Il y a un vide qui ne se comble pas, une absence qui p\u00e8se chaque matin et chaque soir depuis dix ans\u00a0\u00bb, a d\u00e9clar\u00e9 la fille de la victime durant la c\u00e9r\u00e9monie, avant d&rsquo;ajouter: \u00ab\u00a0La m\u00e9moire de mon p\u00e8re vit \u00e0 travers chacun d&rsquo;entre nous.\u00a0\u00bb<\/p>\n<p> &gt;&gt; 10 ans apr\u00e8s les attentats, retour sur la journ\u00e9e de comm\u00e9morations\u00a0:   <img decoding=\"async\" class=\"embed-responsive-item\" loading=\"lazy\" src=\"https:\/\/www.europesays.com\/fr\/wp-content\/uploads\/2025\/11\/xsilng-29058149.image\" alt=\"10 ans apr\u00e8s les attentats du 13 novembre, journ\u00e9e de comm\u00e9morations \u00e0 Paris\"\/>    10 ans apr\u00e8s les attentats du 13 novembre, journ\u00e9e de comm\u00e9morations \u00e0 Paris \/ 19h30 \/ 2 min. \/ hier \u00e0 19:30 <\/p>\n<p>Les c\u00e9r\u00e9monies se sont poursuivies devant les terrasses parisiennes endeuill\u00e9es. Des gerbes de fleurs et des plaques comm\u00e9moratives en m\u00e9moire des victimes ont \u00e9t\u00e9 d\u00e9pos\u00e9es devant les terrasses du Carillon, du Petit Cambodge, de la Bonne Bi\u00e8re, du Comptoir Voltaire et de la Belle Equipe. Les noms des 39 morts ont \u00e9t\u00e9 lus.<\/p>\n<p> &gt;&gt; Les pr\u00e9cisions de Tamara Muncanovic, correspondante \u00e0 Paris\u00a0:   <img decoding=\"async\" class=\"embed-responsive-item\" loading=\"lazy\" src=\"https:\/\/www.europesays.com\/fr\/wp-content\/uploads\/2025\/11\/6cu1ri-29057676.image\" alt=\"Comm\u00e9morations du 13 novembre : les pr\u00e9cisions de Tamara Muncanovic \u00e0 Paris\"\/>    Comm\u00e9morations du 13 novembre : les pr\u00e9cisions de Tamara Muncanovic \u00e0 Paris \/ 12h45 \/ 1 min. \/ hier \u00e0 12:45 <\/p>\n<p>Un autre hommage s&rsquo;est ensuite tenu devant la salle de spectacle du Bataclan. Un jardin en hommage aux victimes du 13 novembre a ensuite \u00e9t\u00e9 inaugur\u00e9 en fin de journ\u00e9e derri\u00e8re l&rsquo;H\u00f4tel-de-Ville, en plein c\u0153ur de Paris.<\/p>\n<p>\u00ab\u00a0Dix ans. La douleur demeure. En fraternit\u00e9, pour les vies fauch\u00e9es, les bless\u00e9s, les familles et les proches, la France se souvient\u00a0\u00bb, a post\u00e9 sur X Emmanuel Macron, qui se rend sur chacun des lieux des attentats, o\u00f9 il salue proches et rescap\u00e9s avec la maire de Paris Anne Hidalgo.<\/p>\n<p> &gt;&gt; Ecouter le sujet du 12h30\u00a0:    Dix ans apr\u00e8s les attentats du 13 novembre, la France se recueille et rend hommage aux victimes \/ Le 12h30 \/ 2 min. \/ hier \u00e0 12:33 <\/p>\n<p>Pour Fran\u00e7ois Hollande, ces c\u00e9r\u00e9monies \u00ab\u00a0s&rsquo;adressent d&rsquo;abord aux survivants et aux proches des victimes\u00a0\u00bb. \u00ab\u00a0C&rsquo;est le devoir que nous avons \u00e0 leur \u00e9gard. Ne rien oublier\u00a0\u00bb, a d\u00e9clar\u00e9 l&rsquo;ancien dirigeant, qui assistait au match de football au Stade de France ce soir-l\u00e0.<\/p>\n<p>   <img decoding=\"async\" class=\"embed-responsive-item\" loading=\"lazy\" src=\"https:\/\/www.europesays.com\/fr\/wp-content\/uploads\/2025\/11\/7nmavw-29058095.image\" alt=\"Page sp\u00e9ciale sur les comm\u00e9morations des attentats du 13 novembre 2015 \u00e0 Paris\"\/>    Page sp\u00e9ciale sur les comm\u00e9morations des attentats du 13 novembre 2015 \u00e0 Paris \/ Forum \/ 29 min. \/ hier \u00e0 18:00 <\/p>\n<p>A la nuit tomb\u00e9e, les cloches de Notre-Dame et d&rsquo;\u00e9glises parisiennes ont sonn\u00e9 vers 18h, marquant le d\u00e9but de l&rsquo;hommage national, o\u00f9 la musique \u00e9tait omnipr\u00e9sente.<\/p>\n<p>La chanson d&rsquo;AC\/DC \u00ab\u00a0Hells Bells\u00a0\u00bb, jou\u00e9e en version instrumentale, a lanc\u00e9 officiellement la c\u00e9r\u00e9monie, avec une projection lumineuse repr\u00e9sentant Marianne, des larmes bleues et rouges coulant sur ses joues. Puis se fut le \u00ab\u00a0Requiem des lumi\u00e8res\u00a0\u00bb du compositeur Victor Le Masne, avec le choeur de Radio France.<\/p>\n<p>Symbole fort, le chanteur des Eagles of death metal, groupe de hard rock qui se produisait au Bataclan ce soir de novembre 2015, a chant\u00e9 \u00ab\u00a0You&rsquo;ll never walk alone\u00a0\u00bb (\u00ab\u00a0Tu ne marcheras jamais seul\u00a0\u00bb) avec le Choeur du 13, une chorale de rescap\u00e9s.<\/p>\n","protected":false},"excerpt":{"rendered":"Les comm\u00e9morations en hommage aux victimes des attentats du 13 novembre ont eu lieu durant toute la journ\u00e9e&hellip;\n","protected":false},"author":2,"featured_media":532406,"comment_status":"","ping_status":"","sticky":false,"template":"","format":"standard","meta":{"footnotes":""},"categories":[1888],"tags":[33740,1111,1928,11,1927,834,22696,2120,2951,3983,8616,1777,674,2087,1011,27,3577,4879,1253,303,74,12,1926,65229,626,1925,3725,4111,25,240,1254,45250,602,9418],"class_list":{"0":"post-532405","1":"post","2":"type-post","3":"status-publish","4":"format-standard","5":"has-post-thumbnail","7":"category-paris","8":"tag-acte-de-terrorisme","9":"tag-actu","10":"tag-actu-paris","11":"tag-actualites","12":"tag-actualites-paris","13":"tag-attaque","14":"tag-attaque-terroriste","15":"tag-conflit","16":"tag-criminalite","17":"tag-deces","18":"tag-droit-et-justice","19":"tag-eu","20":"tag-europe","21":"tag-evenement","22":"tag-fr","23":"tag-france","24":"tag-guerre-et-paix","25":"tag-hommage","26":"tag-islamisme","27":"tag-justice","28":"tag-monde","29":"tag-news","30":"tag-news-paris","31":"tag-onde-de-choc","32":"tag-paris","33":"tag-paris-news","34":"tag-podcast","35":"tag-reconstruction","36":"tag-republique-francaise","37":"tag-temoignage","38":"tag-terrorisme","39":"tag-terroriste","40":"tag-tourisme","41":"tag-victime"},"share_on_mastodon":{"url":"https:\/\/pubeurope.com\/@fr\/115545008412953435","error":""},"_links":{"self":[{"href":"https:\/\/www.europesays.com\/fr\/wp-json\/wp\/v2\/posts\/532405","targetHints":{"allow":["GET"]}}],"collection":[{"href":"https:\/\/www.europesays.com\/fr\/wp-json\/wp\/v2\/posts"}],"about":[{"href":"https:\/\/www.europesays.com\/fr\/wp-json\/wp\/v2\/types\/post"}],"author":[{"embeddable":true,"href":"https:\/\/www.europesays.com\/fr\/wp-json\/wp\/v2\/users\/2"}],"replies":[{"embeddable":true,"href":"https:\/\/www.europesays.com\/fr\/wp-json\/wp\/v2\/comments?post=532405"}],"version-history":[{"count":0,"href":"https:\/\/www.europesays.com\/fr\/wp-json\/wp\/v2\/posts\/532405\/revisions"}],"wp:featuredmedia":[{"embeddable":true,"href":"https:\/\/www.europesays.com\/fr\/wp-json\/wp\/v2\/media\/532406"}],"wp:attachment":[{"href":"https:\/\/www.europesays.com\/fr\/wp-json\/wp\/v2\/media?parent=532405"}],"wp:term":[{"taxonomy":"category","embeddable":true,"href":"https:\/\/www.europesays.com\/fr\/wp-json\/wp\/v2\/categories?post=532405"},{"taxonomy":"post_tag","embeddable":true,"href":"https:\/\/www.europesays.com\/fr\/wp-json\/wp\/v2\/tags?post=532405"}],"curies":[{"name":"wp","href":"https:\/\/api.w.org\/{rel}","templated":true}]}}